{"id":113418,"date":"2020-04-12T13:11:16","date_gmt":"2020-04-12T17:11:16","guid":{"rendered":"http:\/\/www.bibula.com\/?p=113418"},"modified":"2020-04-12T13:11:16","modified_gmt":"2020-04-12T17:11:16","slug":"dla-naczelnika-otwarto-zamkniety-cmentarz-przypomniano-slowa-dudy-sprzed-kilku-lat","status":"publish","type":"post","link":"https:\/\/www.bibula.com\/?p=113418","title":{"rendered":"Dla \u201enaczelnika&#8221; otwarto zamkni\u0119ty cmentarz. Przypomniano s\u0142owa Dudy sprzed kilku lat"},"content":{"rendered":"<p><strong>Prezes PiS w kilka dni udowodni\u0142, \u017ce jego prawo nie obowi\u0105zuje. Internauci przypomnieli s\u0142owa Andrzeja Dudy sprzed lat.<\/strong><\/p>\r\n<p>Prezes PiS Jaros\u0142aw Kaczy\u0144ski wraz ze \u015bwit\u0105 i ochroniarzami wjecha\u0142 limuzyn\u0105 na zamkni\u0119ty Cmentarz Pow\u0105zkowski. Sytuacj\u0119 udokumentowali fotoreporterzy tabloidu \u201eFakt\u201d.<\/p>\r\n<p>Na fotografiach wida\u0107 m.in. ochroniarzy szefa PiS, kt\u00f3rzy sprz\u0105tali stare znicze i zapalali nowe. Sytuacja wywo\u0142a\u0142<em>a<\/em> spore zamieszanie, bo po obchodach katastrofy smole\u0144skiej, by\u0142 to kolejny popis jak lekcewa\u017c\u0105co podchodzi rz\u0105dz\u0105ca kasta do w\u0142asnych obostrze\u0144.<\/p>\r\n<p>&#8211; Zosta\u0142a wystosowana pro\u015bba przez organizator\u00f3w uroczysto\u015bci o to, \u017ceby ta uroczysto\u015b\u0107 w dziesi\u0105t\u0105 rocznic\u0119 katastrofy smole\u0144skiej, czyli odwiedzenie grobu pary prezydenckiej, si\u0119 odby\u0142a. Zarz\u0105d wyrazi\u0142 na to zgod\u0119 &#8211; t\u0142umaczy\u0142 ks. Przemys\u0142aw \u015aliwi\u0144ski, rzecznik prasowy Archidiecezji Warszawskiej.<\/p>\r\n<p>Sprawa jest o tyle dziwna, \u017ce brat prezesa PiS zosta\u0142 pochowany na Wawelu. <strong>Na <em>P<\/em>ow\u0105zkach jest tylko gr\u00f3b jego matki, na kt\u00f3rym jedynie upami\u0119tniono zmar\u0142ego brata Jaros\u0142awa Kaczy\u0144skiego.<\/strong><\/p>\r\n<p>Sytuacja sta\u0142a si\u0119 tym bardziej nerwowa, \u017ce <strong>inni cz\u0142onkowie rodzin ofiar katastrofy nie mogli odwiedzi\u0107 grob\u00f3w bliskich<\/strong>.<\/p>\r\n<p>&#8211; Nie mog\u0142am p\u00f3j\u015b\u0107 na ten sam cmentarz na gr\u00f3b matki wczoraj, w 10. rocznic\u0119 jej \u015bmierci. Ma\u0142gorzata Kidawa-B\u0142o\u0144ska te\u017c, kilka dni temu w rocznic\u0119 \u015bmierci swojej mamy. Jak tysi\u0105ce innych ludzi. Jeden cz\u0142owiek m\u00f3g\u0142. Bez rocznicy. Bez trybu &#8211; napisa\u0142a pos\u0142anka Barbara Nowacka, c\u00f3rka Izabeli Jarugi-Nowackiej.<\/p>\r\n<p>W reakcji na te dzia\u0142ania szefa PiS internauci zacz\u0119li przypomina\u0107 wypowiedzi i wpisy w mediach spo\u0142eczno\u015bciowych partii sprzed lat &#8211; w tym prezydenta Andrzeja Dudy, gdy by\u0142 tylko pos\u0142em.<\/p>\r\n<p>Furor\u0119 zrobi\u0142a wypowied\u017a Dudy, odno\u015bnie bycia ponad prawem. &#8211; <strong>Je\u015bli kto\u015b jest u w\u0142adzy i zak\u0142ada, \u017ce razem z kolegami jest ponad prawem, to rzeczywi\u015bcie jest problem &#8211; stwierdzi\u0142 Duda\u2026 w 2012 roku.<\/strong><\/p>\r\n<blockquote class=\"twitter-tweet\">\r\n<p dir=\"ltr\" lang=\"pl\">Mniej gorsz\u0105ce jest zniesienie kar ni\u017c to co widzieli\u015bmy przy okazji Palikota i Drzewka. Jak si\u0119 nie ma si\u0142y na k\u0142amc\u00f3w, lepiej odpu\u015bci\u0107.<\/p>\r\n\r\n\u201d\u201d kataryna (@katarynaaa) <a href=\"https:\/\/twitter.com\/katarynaaa\/status\/197579170216292352?ref_src=twsrc%5Etfw\">May 2, 2012<\/a><\/blockquote>\r\n<p><script async=\"\" src=\"https:\/\/platform.twitter.com\/widgets.js\" charset=\"utf-8\"><\/script><\/p>\r\n<p>\u0179r\u00f3d\u0142o: Gazeta.pl \/ Twitter<\/p>","protected":false},"excerpt":{"rendered":"Prezes PiS w kilka dni udowodni\u0142, \u017ce jego prawo nie obowi\u0105zuje. Internauci przypomnieli s\u0142owa Andrzeja Dudy sprzed lat. Prezes PiS Jaros\u0142aw Kaczy\u0144ski wraz ze \u015bwit\u0105 i ochroniarzami wjecha\u0142 limuzyn\u0105 na zamkni\u0119ty Cmentarz Pow\u0105zkowski. Sytuacj\u0119 udokumentowali fotoreporterzy tabloidu \u201eFakt\u201d. Na fotografiach wida\u0107 m.in. ochroniarzy szefa PiS, kt\u00f3rzy sprz\u0105tali stare znicze i zapalali nowe. Sytuacja wywo\u0142a\u0142a spore [&hellip;]","protected":false},"author":1,"featured_media":0,"comment_status":"closed","ping_status":"closed","sticky":false,"template":"","format":"standard","meta":{"_acf_changed":false,"_monsterinsights_skip_tracking":false,"_monsterinsights_sitenote_active":false,"_monsterinsights_sitenote_note":"","_monsterinsights_sitenote_category":0,"ngg_post_thumbnail":0,"footnotes":"","_wp_rev_ctl_limit":""},"categories":[8],"tags":[349,433,147,98,37],"acf":[],"_links":{"self":[{"href":"https:\/\/www.bibula.com\/index.php?rest_route=\/wp\/v2\/posts\/113418"}],"collection":[{"href":"https:\/\/www.bibula.com\/index.php?rest_route=\/wp\/v2\/posts"}],"about":[{"href":"https:\/\/www.bibula.com\/index.php?rest_route=\/wp\/v2\/types\/post"}],"author":[{"embeddable":true,"href":"https:\/\/www.bibula.com\/index.php?rest_route=\/wp\/v2\/users\/1"}],"replies":[{"embeddable":true,"href":"https:\/\/www.bibula.com\/index.php?rest_route=%2Fwp%2Fv2%2Fcomments&post=113418"}],"version-history":[{"count":0,"href":"https:\/\/www.bibula.com\/index.php?rest_route=\/wp\/v2\/posts\/113418\/revisions"}],"wp:attachment":[{"href":"https:\/\/www.bibula.com\/index.php?rest_route=%2Fwp%2Fv2%2Fmedia&parent=113418"}],"wp:term":[{"taxonomy":"category","embeddable":true,"href":"https:\/\/www.bibula.com\/index.php?rest_route=%2Fwp%2Fv2%2Fcategories&post=113418"},{"taxonomy":"post_tag","embeddable":true,"href":"https:\/\/www.bibula.com\/index.php?rest_route=%2Fwp%2Fv2%2Ftags&post=113418"}],"curies":[{"name":"wp","href":"https:\/\/api.w.org\/{rel}","templated":true}]}}