{"id":113283,"date":"2020-04-07T13:46:05","date_gmt":"2020-04-07T17:46:05","guid":{"rendered":"http:\/\/www.bibula.com\/?p=113283"},"modified":"2020-04-07T13:49:29","modified_gmt":"2020-04-07T17:49:29","slug":"premier-morawiecki-postuluje-wprowadzenie-na-poziomie-ue-czterech-nowych-podatkow","status":"publish","type":"post","link":"https:\/\/www.bibula.com\/?p=113283","title":{"rendered":"Premier Morawiecki postuluje wprowadzenie na poziomie UE czterech nowych podatk\u00f3w"},"content":{"rendered":"<p>Premier Mateusz Morawiecki powiedzia\u0142 w czasie poniedzia\u0142kowego wyst\u0105pienia w Sejmie, \u017ce do tej pory firmy z\u0142o\u017cy\u0142y ju\u017c 200 tys. <a href=\"https:\/\/kresy.pl\/wydarzenia\/polska\/rzadowa-tarcza-antykryzysowa-w-rzeczywistosci-trzy-razy-mniejsza-to-kreatywna-ksiegowosc\/\">wniosk\u00f3w o pomoc<\/a>. Doda\u0142, \u017ce rz\u0105d spodziewa si\u0119 \u0142\u0105cznie 280 tys. wniosk\u00f3w pod koniec tygodnia. Podkre\u015bli\u0142, \u017ce pandemia COVID-19 uderzy\u0142a w podstawy \u015bwiatowej i europejskiej gospodarki. \u201eSzczeg\u00f3lnie w gospodark\u0119 Europy Zachodniej, w Uni\u0119 Europejsk\u0105. Musimy wr\u00f3ci\u0107 do poprzednich pomys\u0142\u00f3w, kt\u00f3re Polska podkre\u015bla\u0142a od ponad dw\u00f3ch lat, takich jak podatek cyfrowy<strong>,<\/strong> podatek od transakcji finansowych, podatek od \u015bladu w\u0119glowego czy podatek od wielkich korporacji mi\u0119dzynarodowych, unikalnego pomys\u0142u Grupy Wyszehradzkiej\u201d &#8211; powiedzia\u0142 premier. Zaznaczy\u0142, \u017ce wspomniane podatki doprowadzi\u0142yby do wzmocnienia bud\u017cetu UE.<\/p>\r\n<p>Zdaniem premiera \u201ete pomys\u0142y mog\u0105 spowodowa\u0107, \u017ce do bud\u017cetu UE wp\u0142yn\u0105 dziesi\u0105tki miliard\u00f3w euro nowych \u015brodk\u00f3w na walk\u0119 z koronawirusem\u201d, co podkre\u015bli\u0142 podczas poniedzia\u0142kowego wyst\u0105pienia w Sejmie. Mia\u0142 na my\u015bli pomys\u0142y wprowadzenia podatku cyfrowego<strong>,<\/strong> podatku od transakcji finansowych, podatku od \u015bladu w\u0119glowego oraz podatku od wielkich korporacji mi\u0119dzynarodowych, kt\u00f3re mia\u0142yby zosta\u0107 ustalone na poziomie Unii Europejskiej &#8211; informuje \u201eBusiness Insider\u201d.<\/p>\r\n<p>Do pomys\u0142u premiera odni\u00f3s\u0142 si\u0119 krytycznie kandydat Konfederacji na prezydenta Krzysztof Bosak. \u201eTrzy nowe podatki centralizowane na poziomie UE. Ta propozycja bezpo\u015brednio uderza w racj\u0119 stanu. Polski patriota nigdy nie b\u0119dzie wspiera\u0142 budowania og\u00f3lnounijnego systemu podatkowego, bo to tworzenie finansowych podstaw pod unijne superpa\u0144stwo, kt\u00f3re jest alternatyw\u0105 dla Polski\u201d &#8211; napisa\u0142 wiceprezes Ruchu Narodowego na Twitterze.<\/p>\r\n<blockquote class=\"twitter-tweet\">\r\n<p>Trzy nowe podatki centralizowane na poziomie UE. Ta propozycja bezpo\u015brednio uderza w racj\u0119 stanu. Polski patriota nigdy nie b\u0119dzie wspiera\u0142 budowania og\u00f3lnounijnego systemu podatkowego, bo to tworzenie finansowych podstaw pod unijne superpa\u0144stwo, kt\u00f3re jest alternatyw\u0105 dla Polski <a href=\"https:\/\/t.co\/Cn5L4BL9sf\">https:\/\/t.co\/Cn5L4BL9sf<\/a><\/p>\r\n\r\n\u201d\u201d Krzysztof Bosak &#x1f1f5;&#x1f1f1; (@krzysztofbosak) <a href=\"https:\/\/twitter.com\/krzysztofbosak\/status\/1247452629275414530?ref_src=twsrc%5Etfw\">April 7, 2020<\/a><\/blockquote>\r\n<p><script async=\"\" src=\"https:\/\/platform.twitter.com\/widgets.js\" charset=\"utf-8\"><\/script><\/p>\r\n<p>\u201eOd momentu wej\u015bcia Mateusza Morawieckiego do polityki nie raz wskazywa\u0142em, \u017ce w kluczowych sprawach przyjmuje on spos\u00f3b my\u015blenia globalist\u00f3w. Mam wra\u017cenie \u017ce wi\u0119kszo\u015b\u0107 uwa\u017ca\u0142a, \u017ce przesadzam. Tymczasem pod patriotyczn\u0105 mask\u0105 zawsze by\u0142o dyskretne wsparcie agendy globalist\u00f3w\u201d &#8211; podkre\u015bli\u0142 Bosak.&nbsp;\u201eWystarczy przypomnie\u0107 sobie jego wypowiedzi z okresu kiedy jeszcze by\u0142 doradc\u0105 premiera czy ministrem finans\u00f3w, podej\u015bcie do agendy globalnych Cel\u00f3w Zr\u00f3wnowa\u017conego Rozwoju, mi\u0119dzynarodowych pakt\u00f3w migracyjnych (Marakesz, GCM), Konwencji Stambulskiej, bank\u00f3w, OSF itp. itd.\u201d &#8211; doda\u0142.<\/p>\r\n<p>Pr\u00f3by wprowadzenia wspomnianych podatk\u00f3w <a href=\"https:\/\/kresy.pl\/wydarzenia\/gospodarka\/czechy-wprowadza-podatek-od-koncernow-cyfrowych\/\">wyst\u0119powa\u0142y<\/a> wcze\u015bniej na p\u0142aszczy\u017anie poszczeg\u00f3lnych pa\u0144stw narodowych. Podatek cyfrowy zosta\u0142 wprowadzony m.in. <a href=\"https:\/\/kresy.pl\/wydarzenia\/wlochy-wprowadzaja-podatek-cyfrowy\/\">we W\u0142oszech <\/a>i <a href=\"https:\/\/kresy.pl\/wydarzenia\/regiony\/europa-zachodnia\/stany-zjednoczone-chca-ukarac-francje-100-procentowym-clem-chodzi-o-podatek-cyfrowy\/\">Francji<\/a>. Dyskusje nad jego wprowadzeniem <a href=\"https:\/\/kresy.pl\/wydarzenia\/polska\/minister-finansow-w-polsce-powinien-obowiazywac-podatek-cyfrowy\/\">maj\u0105 miejsce tak\u017ce w Polsce<\/a>.<\/p>\r\n<ul>\r\n\t<li>Zobacz tak\u017ce: <a href=\"https:\/\/kresy.pl\/wydarzenia\/regiony\/ameryka\/mosbacher-straszy-ws-podatku-cyfrowego-usa-nie-pozostana-bierne\/\">Mosbacher straszy ws. podatku cyfrowego. \u201eUSA nie pozostan\u0105 bierne\u201d<\/a><\/li>\r\n<\/ul>\r\n<p>businessinsider.com.pl \/ kresy.pl<\/p>\r\n<p class=\"zrodlo\">Za: <a href=\"https:\/\/kresy.pl\/wydarzenia\/premier-morawiecki-postuluje-wprowadzenie-na-poziomie-ue-czterech-nowych-podatkow\/\">Kresy.pl (7 kwietnia 2020)<\/a><\/p>\r\n<h4>&nbsp;<\/h4>\r\n<hr style=\"background-color: #000000; border-width: 0; color: #000000; height: 2px; line-height: 0; text-align: center; width: 100%;\">\r\n<h4>&nbsp;<\/h4>","protected":false},"excerpt":{"rendered":"Premier Mateusz Morawiecki powiedzia\u0142 w czasie poniedzia\u0142kowego wyst\u0105pienia w Sejmie, \u017ce do tej pory firmy z\u0142o\u017cy\u0142y ju\u017c 200 tys. wniosk\u00f3w o pomoc. Doda\u0142, \u017ce rz\u0105d spodziewa si\u0119 \u0142\u0105cznie 280 tys. wniosk\u00f3w pod koniec tygodnia. Podkre\u015bli\u0142, \u017ce pandemia COVID-19 uderzy\u0142a w podstawy \u015bwiatowej i europejskiej gospodarki. \u201eSzczeg\u00f3lnie w gospodark\u0119 Europy Zachodniej, w Uni\u0119 Europejsk\u0105. Musimy wr\u00f3ci\u0107 [&hellip;]","protected":false},"author":1,"featured_media":0,"comment_status":"closed","ping_status":"closed","sticky":false,"template":"","format":"standard","meta":{"_acf_changed":false,"_monsterinsights_skip_tracking":false,"_monsterinsights_sitenote_active":false,"_monsterinsights_sitenote_note":"","_monsterinsights_sitenote_category":0,"ngg_post_thumbnail":0,"footnotes":"","_wp_rev_ctl_limit":""},"categories":[8],"tags":[433,23,106,98,52,20],"acf":[],"_links":{"self":[{"href":"https:\/\/www.bibula.com\/index.php?rest_route=\/wp\/v2\/posts\/113283"}],"collection":[{"href":"https:\/\/www.bibula.com\/index.php?rest_route=\/wp\/v2\/posts"}],"about":[{"href":"https:\/\/www.bibula.com\/index.php?rest_route=\/wp\/v2\/types\/post"}],"author":[{"embeddable":true,"href":"https:\/\/www.bibula.com\/index.php?rest_route=\/wp\/v2\/users\/1"}],"replies":[{"embeddable":true,"href":"https:\/\/www.bibula.com\/index.php?rest_route=%2Fwp%2Fv2%2Fcomments&post=113283"}],"version-history":[{"count":0,"href":"https:\/\/www.bibula.com\/index.php?rest_route=\/wp\/v2\/posts\/113283\/revisions"}],"wp:attachment":[{"href":"https:\/\/www.bibula.com\/index.php?rest_route=%2Fwp%2Fv2%2Fmedia&parent=113283"}],"wp:term":[{"taxonomy":"category","embeddable":true,"href":"https:\/\/www.bibula.com\/index.php?rest_route=%2Fwp%2Fv2%2Fcategories&post=113283"},{"taxonomy":"post_tag","embeddable":true,"href":"https:\/\/www.bibula.com\/index.php?rest_route=%2Fwp%2Fv2%2Ftags&post=113283"}],"curies":[{"name":"wp","href":"https:\/\/api.w.org\/{rel}","templated":true}]}}