{"id":113235,"date":"2020-04-05T18:44:24","date_gmt":"2020-04-05T22:44:24","guid":{"rendered":"http:\/\/www.bibula.com\/?p=113235"},"modified":"2020-04-05T18:44:24","modified_gmt":"2020-04-05T22:44:24","slug":"list-watykanu-do-buddystow-z-okazji-swieta-narodzin-buddy","status":"publish","type":"post","link":"https:\/\/www.bibula.com\/?p=113235","title":{"rendered":"List Watykanu do buddyst\u00f3w z okazji \u015bwi\u0119ta Narodzin Buddy"},"content":{"rendered":"<p>Drodzy przyjaciele buddy\u015bci,<br>\r\n<br>\r\n1. W imieniu Papieskiej Rady ds. Dialogu Mi\u0119dzyreligijnego sk\u0142adamy serdeczne pozdrowienia i \u017cyczenia wszystkim wsp\u00f3lnotom buddyjskim na ca\u0142ym \u015bwiecie podczas obchod\u00f3w \u015bwi\u0119ta Vesak\/Hanamatsuri (Narodziny Buddy). Od dwudziestu czterech lat Papieska Rada Dialogu Mi\u0119dzyreligijnego przesy\u0142a wam pozdrowienia z tej radosnej okazji. Poniewa\u017c w tym roku obchodzimy dwudziest\u0105 pi\u0105t\u0105 rocznic\u0119 tego tradycyjnego or\u0119dzia, pragniemy odnowi\u0107 nasz\u0105 wi\u0119\u017a przyja\u017ani i wsp\u00f3\u0142pracy z r\u00f3\u017cnymi tradycjami, kt\u00f3re Pa\u0144stwo reprezentujecie.<br>\r\n<br>\r\n2. W tym roku chcieliby\u015bmy wsp\u00f3lnie z wami zastanowi\u0107 si\u0119 nad tematem &#8222;Buddy\u015bci i chrze\u015bcijanie&#8221;: Budowanie kultury wsp\u00f3\u0142czucia i braterstwa&#8221;. <span class=\"pullquote\">Jeste\u015bmy \u015bwiadomi wielkiej warto\u015bci, jak\u0105 nasze tradycje religijne nadaj\u0105 wsp\u00f3\u0142czuciu i braterstwu w naszych duchowych poszukiwaniach oraz w naszym \u015bwiadectwie i s\u0142u\u017cbie dla zranionej ludzko\u015bci i zranionej ziemi<\/span>.<\/p>\r\n<p>3. Dokument o Ludzkim Braterstwie dla \u015awiatowego Pokoju i \u0179ycia razem stwierdza: &#8222;Autentyczne nauczanie religii zach\u0119ca nas do zakorzenienia w warto\u015bciach pokoju; do obrony warto\u015bci wzajemnego zrozumienia, ludzkiego braterstwa i harmonijnego wsp\u00f3\u0142istnienia&#8221;. Spotkaj\u0105c si\u0119 z Najwy\u017cszym Patriarch\u0105 Buddyjskim w Tajlandii w listopadzie ubieg\u0142ego roku, Jego \u015awi\u0105tobliwo\u015b\u0107 Papie\u017c Franciszek wyrazi\u0142, \u017ce &#8222;mo\u017cemy wzrasta\u0107 i \u017cy\u0107 razem jako dobrzy &#8222;s\u0105siedzi&#8221; i w ten spos\u00f3b by\u0107 w stanie promowa\u0107 w\u015br\u00f3d wyznawc\u00f3w naszych religii rozw\u00f3j nowych projekt\u00f3w charytatywnych, zdolnych do generowania i pomna\u017cania praktycznych inicjatyw na drodze braterstwa, zw\u0142aszcza w odniesieniu do ubogich i naszego wsp\u00f3lnego domu, kt\u00f3ry jest cz\u0119sto u\u017cywany. W ten spos\u00f3b przyczynimy si\u0119 do kszta\u0142towania kultury wsp\u00f3\u0142czucia, braterstwa i spotkania, zar\u00f3wno tu, jak i w innych cz\u0119\u015bciach \u015bwiata&#8221; (por. wizyta u Najwy\u017cszego Patriarchy Buddyjskiego w Bangkoku, 21 listopada 2019 r.).<br>\r\n<br>\r\n4. \u015awi\u0119to Wesachu\/ Hanamatsuri zach\u0119ca nas do przypomnienia sobie, \u017ce ksi\u0105\u017c\u0119 Siddhartha wyruszy\u0142 w poszukiwaniu m\u0105dro\u015bci, gol\u0105c g\u0142ow\u0119 i wyrzekaj\u0105c si\u0119 statusu ksi\u0105\u017c\u0119cego. Wymieni\u0142 swoje szaty z jedwabiu na prost\u0105 szat\u0119 mnicha. Jego szlachetny gest przypomina \u015bwi\u0119tego Franciszka z Asy\u017cu, kt\u00f3ry obci\u0105\u0142 w\u0142osy i wymieni\u0142 swoje delikatne szaty na szat\u0119 prost\u0105 \u017cebraka, poniewa\u017c chcia\u0142 i\u015b\u0107 za Jezusem, kt\u00f3ry &#8222;ogo\u0142oci\u0142 si\u0119, przyjmuj\u0105c posta\u0107 s\u0142ugi&#8221; (Flp 2, 7) i &#8222;nie mia\u0142 gdzie g\u0142owy po\u0142o\u017cy\u0107 &#8221; (Mt 8, 20). Ich przyk\u0142ad i przyk\u0142ad ich na\u015bladowc\u00f3w inspiruj\u0105 nas do \u017cycia w oderwaniu od \u015bwiata ze wzgl\u0119du na to, co najwa\u017cniejsze. W konsekwencji mo\u017cemy swobodniej po\u015bwi\u0119ci\u0107 si\u0119 rozwijaniu kultury wsp\u00f3\u0142czucia i braterstwa dla z\u0142agodzenia ludzkiego i ekologicznego cierpienia.<br>\r\n<br>\r\n5. Wszystko jest powi\u0105zane. Wsp\u00f3\u0142zale\u017cno\u015b\u0107 sprowadza nas z powrotem do tematu wsp\u00f3\u0142czucia i braterstwa. W duchu wdzi\u0119czno\u015bci za wasz\u0105 przyja\u017a\u0144, pokornie prosimy was, aby\u015bcie towarzyszyli i wspierali waszych chrze\u015bcija\u0144skich przyjaci\u00f3\u0142 w budowaniu dobroci i braterstwa w dzisiejszym \u015bwiecie. W miar\u0119 jak my, buddy\u015bci i chrze\u015bcijanie, uczymy si\u0119 od siebie nawzajem, jak stawa\u0107 si\u0119 coraz bardziej \u015bwiadomymi i wsp\u00f3\u0142czuj\u0105cymi, oby\u015bmy nadal szukali sposob\u00f3w na wsp\u00f3ln\u0105 prac\u0119, aby nasza wzajemna wi\u0119\u017a sta\u0142a si\u0119 \u017ar\u00f3d\u0142em b\u0142ogos\u0142awie\u0144stwa dla wszystkich czuj\u0105cych istot i dla planety, naszego wsp\u00f3lnego domu.<br>\r\n<br>\r\n6. Wierzymy, \u017ce aby zagwarantowa\u0107 ci\u0105g\u0142o\u015b\u0107 powszechnej solidarno\u015bci, nasza wsp\u00f3lna podr\u00f3\u017c wymaga procesu edukacyjnego. W tym celu 15 pa\u017adziernika 2020 r. odb\u0119dzie si\u0119 globalne wydarzenie pod has\u0142em &#8222;Odkrywanie na nowo zasad \u015bwiatowej Konwencji dla Edukacji (Global Compact on Education)&#8221;. &#8222;Wydarzenie to odnowi nasze po\u015bwi\u0119cenie dla m\u0142odzie\u017cy, nasz\u0105 pasj\u0119 do edukacji bardziej otwartej i niewykluczaj\u0105cej, w\u0142\u0105czaj\u0105c w to cierpliwe s\u0142uchanie, konstruktywny dialog i lepsze wzajemne zrozumienie&#8221; (Papie\u017c Franciszek, Przes\u0142anie na rozpocz\u0119cie Global Compact on Education, 12 wrze\u015bnia 2019). Zapraszamy Was do wsp\u00f3\u0142pracy ze wszystkimi w celu promowania tej inicjatywy, indywidualnie i w Waszych wsp\u00f3lnotach, aby piel\u0119gnowa\u0107 nowy humanizm. Cieszymy si\u0119 r\u00f3wnie\u017c, \u017ce buddy\u015bci i chrze\u015bcijanie razem czerpi\u0105 z powszechnie zaakceptowanych warto\u015bci i wsp\u00f3lnie pracuj\u0105 nad wykorzenianiem przyczyn problem\u00f3w spo\u0142ecznych w r\u00f3\u017cnych cz\u0119\u015bciach \u015bwiata.<br>\r\n<br>\r\n7. M\u00f3dlmy si\u0119 za wszystkich tych, kt\u00f3rzy zostali dotkni\u0119ci pandemi\u0105 koronawirusa i za tych, kt\u00f3rzy pracuj\u0105 w s\u0142u\u017cbie zdrowia. Zach\u0119cajmy naszych wiernych do prze\u017cycia tej trudnej chwili z nadziej\u0105, wsp\u00f3\u0142czuciem i mi\u0142o\u015bci\u0105.<br>\r\n<br>\r\n8. Drodzy przyjaciele buddyjscy, w tym duchu przyja\u017ani i wsp\u00f3\u0142pracy, \u017cyczymy Wam po raz kolejny spokojnego i radosnego \u015bwi\u0119ta Vesak\/Hanamatsura.<\/p>\r\n<p>\u0179r\u00f3d\u0142o: <a href=\"https:\/\/gloria.tv\/go\/Gv877XGca612Ui1rRlsAYyBuiAOI8n2syOiwyndjozYnD3vQrwFq3PW1UypfLjPgXOUCYJfEacnjb5FEycghfdZgk9mp2yWPIyIQvPDfK4mfzP7BhH8TDpW1BVAorcazVyBphqV5B4eaZzLi6EfI3RaLf8NSuL5OXOFoqL80\" target=\"_blank\" rel=\"nofollow noopener noreferrer\" data-external=\"http:\/\/www.vatican.va\/roman_curia\/pontifical_councils\/interelg\/documents\/rc_pc_interelg_doc_20200402_vesakh-2020_en.html\">www.vatican.va\/\u2026\/rc_pc_interelg_\u2026<\/a><\/p>\r\n<p><img decoding=\"async\" class=\"aligncenter\" src=\"http:\/\/www.bibula.com\/images\/113235\/20200405--Message of the Pontifical Council for Interreligious Dialogue.jpg\" width=\"600\"><\/p>","protected":false},"excerpt":{"rendered":"Drodzy przyjaciele buddy\u015bci, 1. W imieniu Papieskiej Rady ds. Dialogu Mi\u0119dzyreligijnego sk\u0142adamy serdeczne pozdrowienia i \u017cyczenia wszystkim wsp\u00f3lnotom buddyjskim na ca\u0142ym \u015bwiecie podczas obchod\u00f3w \u015bwi\u0119ta Vesak\/Hanamatsuri (Narodziny Buddy). Od dwudziestu czterech lat Papieska Rada Dialogu Mi\u0119dzyreligijnego przesy\u0142a wam pozdrowienia z tej radosnej okazji. Poniewa\u017c w tym roku obchodzimy dwudziest\u0105 pi\u0105t\u0105 rocznic\u0119 tego tradycyjnego or\u0119dzia, pragniemy [&hellip;]","protected":false},"author":1,"featured_media":0,"comment_status":"closed","ping_status":"closed","sticky":false,"template":"","format":"standard","meta":{"_acf_changed":false,"_monsterinsights_skip_tracking":false,"_monsterinsights_sitenote_active":false,"_monsterinsights_sitenote_note":"","_monsterinsights_sitenote_category":0,"ngg_post_thumbnail":0,"footnotes":"","_wp_rev_ctl_limit":""},"categories":[3],"tags":[319,131,39,41,33],"acf":[],"_links":{"self":[{"href":"https:\/\/www.bibula.com\/index.php?rest_route=\/wp\/v2\/posts\/113235"}],"collection":[{"href":"https:\/\/www.bibula.com\/index.php?rest_route=\/wp\/v2\/posts"}],"about":[{"href":"https:\/\/www.bibula.com\/index.php?rest_route=\/wp\/v2\/types\/post"}],"author":[{"embeddable":true,"href":"https:\/\/www.bibula.com\/index.php?rest_route=\/wp\/v2\/users\/1"}],"replies":[{"embeddable":true,"href":"https:\/\/www.bibula.com\/index.php?rest_route=%2Fwp%2Fv2%2Fcomments&post=113235"}],"version-history":[{"count":0,"href":"https:\/\/www.bibula.com\/index.php?rest_route=\/wp\/v2\/posts\/113235\/revisions"}],"wp:attachment":[{"href":"https:\/\/www.bibula.com\/index.php?rest_route=%2Fwp%2Fv2%2Fmedia&parent=113235"}],"wp:term":[{"taxonomy":"category","embeddable":true,"href":"https:\/\/www.bibula.com\/index.php?rest_route=%2Fwp%2Fv2%2Fcategories&post=113235"},{"taxonomy":"post_tag","embeddable":true,"href":"https:\/\/www.bibula.com\/index.php?rest_route=%2Fwp%2Fv2%2Ftags&post=113235"}],"curies":[{"name":"wp","href":"https:\/\/api.w.org\/{rel}","templated":true}]}}