{"id":113130,"date":"2020-04-03T14:33:59","date_gmt":"2020-04-03T18:33:59","guid":{"rendered":"http:\/\/www.bibula.com\/?p=113130"},"modified":"2020-04-03T14:33:59","modified_gmt":"2020-04-03T18:33:59","slug":"niemieckie-media-w-kraju-nic-nie-dziala-bez-polakow","status":"publish","type":"post","link":"https:\/\/www.bibula.com\/?p=113130","title":{"rendered":"Niemieckie media: W kraju nic nie dzia\u0142a bez Polak\u00f3w"},"content":{"rendered":"<p><strong><em>Nic nie dzia\u0142a w Niemczech bez Polak\u00f3w<\/em> &#8211; pisze Frankfurter Allgemeine Zeitung.<\/strong><\/p>\r\n<p>Niemiecki dziennik opisuje konsekwencje wprowadzonych w zwiazku z pandemi\u0105 koronawirusa obostrze\u0144 w przekraczaniu granic i przep\u0142ywie pracownik\u00f3w. Jak zauwa\u017cono, do niedawna pracownicy ze wschodnich kraj\u00f3w UE podejmowali si\u0119 prac wymagaj\u0105cych \u201eci\u0119\u017ckiego fizycznego wysi\u0142ku w po\u0142\u0105czeniu ze s\u0142abym wynagrodzeniem\u201d &#8211; np. w rze\u017aniach, przy zbiorach, na budowach, w centrach logistycznych i w sektorze opieku\u0144czym.<\/p>\r\n<p><em>To, co przez wiele lat dobrze funkcjonowa\u0142o dzi\u0119ki otwartym granicom z takimi krajami, jak Polska i Czechy, sta\u0142o si\u0119 problemem w czasie epidemii koronawirusa i zwi\u0105zanych z ni\u0105 wielu ogranicze\u0144 w podr\u00f3\u017cowaniu. Akurat w tych sektorach, kt\u00f3re s\u0105 tak wa\u017cne dla zaopatrywania spo\u0142ecze\u0144stwa, mo\u017ce teraz zabrakn\u0105\u0107 personelu<\/em> &#8211; przekonuje FAZ.<\/p>\r\n<p>Gazeta poda\u0142a informacj\u0119, \u017ce spo\u015br\u00f3d wszystkich 33,4 milion\u00f3w niemieckich pracownik\u00f3w podlegaj\u0105cych ubezpieczeniu spo\u0142ecznemu, niemal 4,2 miliony pochodzi z zagranicy, w tym 440 tys. z Polski i 390 tys. z Rumunii.<\/p>\r\n<p><em>Im bardziej na wsch\u00f3d Niemiec, tym wi\u0119kszy jest udzia\u0142 tych, kt\u00f3rzy regularnie je\u017cd\u017c\u0105 do swoich rodzin w ojczyznach. A \u015bci\u015blej m\u00f3wi\u0105c: je\u017adzili. Bowiem odk\u0105d polski rz\u0105d wprowadzi\u0142 przepis, zobowi\u0105zuj\u0105cy ka\u017cdego wracaj\u0105cego do kraju do poddania si\u0119 14-dniowej kwarantannie, wielu stan\u0119\u0142o przed dylematem: zosta\u0107 czy wyjecha\u0107?<\/em> &#8211; pisze dziennik.<\/p>\r\n<p>Problematyczny jest r\u00f3wnie\u017c wprowadzony przez Niemcy zakaz wjazdu dla pracownik\u00f3w sezonowych. Niemieckie MSW na razie pozostaje przy tej decyzji, mimo krytyki ze strony organizacji rolniczych. Zakaz nie dotyczy Polak\u00f3w i Czech\u00f3w, ale &#8211; jak zauwa\u017ca gazeta &#8211; jest to niewielkie pocieszenie, bo na polach pracowali przede wszystkim Rumuni i Bu\u0142garzy. MSW co prawda uspokaja &#8211; w kraju znajduje si\u0119 156 tys. bezrobotnych uchod\u017ac\u00f3w, kt\u00f3rzy mog\u0105 z powodzeniem popracowa\u0107 na polach &#8211; ale nikt ich do tego nie zmusi, a do pracy w nadchodz\u0105cym sezonie potrzeba przynejmniej 300 tys. os\u00f3b.<\/p>\r\n<p>Dziennik zauwa\u017ca te\u017c inicjatyw\u0119 trzech przygranicznych land\u00f3w: Brandenburgii, Saksonii i Meklemburgii-Pomorza Przedniego, o kt\u00f3rej <a href=\"https:\/\/kresy.pl\/wydarzenia\/rzad-brandenburgii-apeluje-do-polakow-zostancie-tu-pomozemy-wam\/\" target=\"_blank\" rel=\"noopener noreferrer\">informowali\u015bmy<\/a> w zesz\u0142ym tygodniu. Zapowiedzia\u0142y one finansowe wsparcie w wysoko\u015bci 65 euro dziennie dla pracownik\u00f3w z Polski, kt\u00f3rzy pozostan\u0105 w Niemczech. Nie jest to jednak rozwi\u0105zanie d\u0142ugoterminowe. Na 15 tys. Polak\u00f3w pracuj\u0105cych na co dzie\u0144 w Brandenburgii zdecydowa\u0142 si\u0119 zosta\u0107 co czwarty.<\/p>\r\n<p><em>Rz\u0105dy kraj\u00f3w zwi\u0105zkowych maj\u0105 nadziej\u0119, \u017ce Urz\u0105d Kanclerski wynegocjuje z polskimi w\u0142adzami regulacj\u0119, kt\u00f3ra zwolni z obowi\u0105zku kwarantanny tak\u017ce inne grupy zawodowe, poza kierowcami ci\u0119\u017car\u00f3wek. W Berlinie pracuje si\u0119 tak\u017ce nad rozwi\u0105zaniem dla pracownik\u00f3w sezonowych w rolnictwie. Chodzi mi\u0119dzy innymi o zaostrzone zasady higieny w gospodarstwach rolnych<\/em> &#8211; informuje FAZ.<\/p>\r\n<ul>\r\n\t<li>CZYTAJ TAK\u0179E: <a href=\"https:\/\/kresy.pl\/wydarzenia\/koronawirus-niemcy-zamykaja-granice\/\" target=\"_blank\" rel=\"noopener noreferrer\">Koronawirus: Niemcy zamykaj\u0105 granice<\/a><\/li>\r\n\t<li>CZYTAJ TAK\u0179E: <a href=\"https:\/\/kresy.pl\/wydarzenia\/niemcy-apeluja-do-polskiego-rzadu-o-ustepstwa-w-kwestii-zamkniecia-granic\/\" target=\"_blank\" rel=\"noopener noreferrer\">Niemcy apeluj\u0105 do polskiego rz\u0105du o ust\u0119pstwa w kwestii zamkni\u0119cia granic<\/a><\/li>\r\n<\/ul>\r\n<p>Kresy.pl \/ <a href=\"https:\/\/www.faz.net\/aktuell\/wirtschaft\/mehr-wirtschaft\/corona-wie-abhaengig-ist-deutschland-von-auslaendischen-arbeitern-16707344.html\" target=\"_blank\" rel=\"noopener noreferrer\">FAZ<\/a> \/ <a href=\"https:\/\/www.dw.com\/pl\/faz-bez-polak%C3%B3w-ani-rusz\/a-52990869\" target=\"_blank\" rel=\"noopener noreferrer\">Deutsche Welle<\/a> \/ <a href=\"https:\/\/www.rp.pl\/Koronawirus-SARS-CoV-2\/200409808-Niemcy-Bez-Polakow-nic-nie-dziala.html\" target=\"_blank\" rel=\"noopener noreferrer\">Rzeczpospolita<\/a><\/p>","protected":false},"excerpt":{"rendered":"Nic nie dzia\u0142a w Niemczech bez Polak\u00f3w &#8211; pisze Frankfurter Allgemeine Zeitung. Niemiecki dziennik opisuje konsekwencje wprowadzonych w zwiazku z pandemi\u0105 koronawirusa obostrze\u0144 w przekraczaniu granic i przep\u0142ywie pracownik\u00f3w. Jak zauwa\u017cono, do niedawna pracownicy ze wschodnich kraj\u00f3w UE podejmowali si\u0119 prac wymagaj\u0105cych \u201eci\u0119\u017ckiego fizycznego wysi\u0142ku w po\u0142\u0105czeniu ze s\u0142abym wynagrodzeniem\u201d &#8211; np. w rze\u017aniach, przy [&hellip;]","protected":false},"author":1,"featured_media":0,"comment_status":"closed","ping_status":"closed","sticky":false,"template":"","format":"standard","meta":{"_acf_changed":false,"_monsterinsights_skip_tracking":false,"_monsterinsights_sitenote_active":false,"_monsterinsights_sitenote_note":"","_monsterinsights_sitenote_category":0,"ngg_post_thumbnail":0,"footnotes":"","_wp_rev_ctl_limit":""},"categories":[6],"tags":[166,98,52],"acf":[],"_links":{"self":[{"href":"https:\/\/www.bibula.com\/index.php?rest_route=\/wp\/v2\/posts\/113130"}],"collection":[{"href":"https:\/\/www.bibula.com\/index.php?rest_route=\/wp\/v2\/posts"}],"about":[{"href":"https:\/\/www.bibula.com\/index.php?rest_route=\/wp\/v2\/types\/post"}],"author":[{"embeddable":true,"href":"https:\/\/www.bibula.com\/index.php?rest_route=\/wp\/v2\/users\/1"}],"replies":[{"embeddable":true,"href":"https:\/\/www.bibula.com\/index.php?rest_route=%2Fwp%2Fv2%2Fcomments&post=113130"}],"version-history":[{"count":0,"href":"https:\/\/www.bibula.com\/index.php?rest_route=\/wp\/v2\/posts\/113130\/revisions"}],"wp:attachment":[{"href":"https:\/\/www.bibula.com\/index.php?rest_route=%2Fwp%2Fv2%2Fmedia&parent=113130"}],"wp:term":[{"taxonomy":"category","embeddable":true,"href":"https:\/\/www.bibula.com\/index.php?rest_route=%2Fwp%2Fv2%2Fcategories&post=113130"},{"taxonomy":"post_tag","embeddable":true,"href":"https:\/\/www.bibula.com\/index.php?rest_route=%2Fwp%2Fv2%2Ftags&post=113130"}],"curies":[{"name":"wp","href":"https:\/\/api.w.org\/{rel}","templated":true}]}}