{"id":112901,"date":"2020-03-24T20:54:42","date_gmt":"2020-03-25T00:54:42","guid":{"rendered":"http:\/\/www.bibula.com\/?p=112901"},"modified":"2020-03-24T20:54:42","modified_gmt":"2020-03-25T00:54:42","slug":"globalna-kwarantanna-jest-historycznym-przykladem-decyzji-podjetych-niemal-bez-danych","status":"publish","type":"post","link":"https:\/\/www.bibula.com\/?p=112901","title":{"rendered":"Globalna kwarantanna jest historycznym przyk\u0142adem decyzji podj\u0119tych niemal bez danych."},"content":{"rendered":"<p><strong>Dane nt. koronawirusa s\u0105 bardzo sk\u0105pe. Wed\u0142ug w\u0142oskich statystyk w por\u00f3wnaniu z zesz\u0142ym rokiem \u015bmiertelno\u015b\u0107 w tym samym czasie nie wzros\u0142a. Kwarantanna nie ma \u017cadnego sensu &#8211; <em>m\u00f3wi Jerzy Milewski.<\/em><\/strong><\/p>\r\n<p>============================<\/p>\r\n<p>Jerzy Milewski, lekarz i cz\u0142onek Narodowej Rady Rozwoju przy Prezydencie Rzeczypospolitej, odnosi si\u0119 do tezy zawartej w stworzonym przez siebie dokumencie, i\u017c obecnie stosowana metoda powszechnej izolacji w obliczu epidemii koronawirusa jest b\u0142\u0119dem i nie doprowadza do zak\u0142adanych cel\u00f3w.<\/p>\r\n<p>Stwierdza, \u017ce nie ma szans zatrzymania transmisji SARS-CoV-2 w sytuacji, w kt\u00f3rej ok. 80% zara\u017conych przechodzi infekcj\u0119 bezobjawowo, b\u0119d\u0105c tym samym poza wszelkimi dzia\u0142aniami systemowymi.<\/p>\r\n<p>Zdaniem lekarza przed\u0142u\u017caj\u0105ca si\u0119 <strong>powszechna kwarantanna doprowadzi do skutk\u00f3w znacznie tragiczniejszych ni\u017c infekcja koronawirusowa. B\u0119d\u0105 nimi rozmontowanie pa\u0144stwa i zatrzymanie gospodarki.<\/strong><\/p>\r\n<p>Cz\u0142onek Narodowej Rady Rozwoju przy Prezydencie Rzeczypospolitej wprost nazywa dzia\u0142ania podejmowane na ca\u0142ym \u015bwiecie w zwi\u0105zku z epidemi\u0105 <strong>\u201ehistorycznym przyk\u0142adem na to, jak mo\u017cna zrobi\u0107 olbrzymie decyzje o zasi\u0119gu globalnym praktycznie bez danych\u201d<\/strong>.<\/p>\r\n<p>Je\u015bli prawdziwe s\u0105 statystyki, kt\u00f3re s\u0105 we W\u0142oszech publikowane, to nie nast\u0105pi\u0142 przyrost ilo\u015bci zgon\u00f3w. A je\u015bli gdzie\u015b lokalnie nast\u0119puj\u0105, to trzeba si\u0119 zastanowi\u0107, dlaczego (\u2026).<\/p>\r\n<p>Ja upatrywa\u0142bym te\u017c zagro\u017cenia w ba\u0142aganie, kt\u00f3ry generowany jest przez ten spos\u00f3b zarz\u0105dzania kryzysem, jaki jest powszechny na \u015bwiecie (\u2026).<\/p>\r\n<p>Ten ba\u0142agan powoduje znacz\u0105ce os\u0142abienie systemu opieki zdrowotnej, (\u2026) powoduje stres, kt\u00f3ry powoduje negatywne skutki dla uk\u0142adu immunologicznego.<\/p>\r\n<p>Milewski uwa\u017ca, \u017ce powszechn\u0105 kwarantann\u0119 powinien zast\u0105pi\u0107 <strong>powr\u00f3t do normalnego \u017cycia przy jednoczesnym odizolowaniu jedynie os\u00f3b zagro\u017conych, do kt\u00f3rych zalicza jednostki z os\u0142abionym uk\u0142adem immunologicznym.<\/strong><\/p>\r\n<p><em>Wys\u0142uchaj ca\u0142ej rozmowy ju\u017c teraz! W oryginale. MD<\/em><\/p>\r\n<p><blockquote class=\"wp-embedded-content\" data-secret=\"6n2RGuAg7Z\"><a href=\"https:\/\/wnet.fm\/2020\/03\/24\/jerzy-milewski-globalna-kwarantanna-jest-dla-mnie-historycznym-przykladem-decyzji-podjetych-niemal-bez-danych\/\">Jerzy Milewski: Globalna kwarantanna jest dla mnie historycznym przyk\u0142adem decyzji podj\u0119tych niemal bez danych<\/a><\/blockquote><iframe class=\"wp-embedded-content\" sandbox=\"allow-scripts\" security=\"restricted\" style=\"position: absolute; clip: rect(1px, 1px, 1px, 1px);\" title=\"&#8222;Jerzy Milewski: Globalna kwarantanna jest dla mnie historycznym przyk\u0142adem decyzji podj\u0119tych niemal bez danych&#8221; &#8212; WNET.fm\" src=\"https:\/\/wnet.fm\/2020\/03\/24\/jerzy-milewski-globalna-kwarantanna-jest-dla-mnie-historycznym-przykladem-decyzji-podjetych-niemal-bez-danych\/embed\/#?secret=6n2RGuAg7Z\" data-secret=\"6n2RGuAg7Z\" width=\"600\" height=\"338\" frameborder=\"0\" marginwidth=\"0\" marginheight=\"0\" scrolling=\"no\"><\/iframe><\/p>\r\n<p class=\"zrodlo\">Za: <a href=\"http:\/\/dakowski.pl\/index.php?option=com_content&amp;task=view&amp;id=27507&amp;Itemid=47\">Strona prof. Miros\u0142awa Dakowskiego (24.03.2020)<\/a><\/p>\r\n<h4>&nbsp;<\/h4>\r\n<hr style=\"background-color: #000000; border-width: 0; color: #000000; height: 2px; line-height: 0; text-align: center; width: 100%;\">\r\n<h4>&nbsp;<\/h4>\r\n<h2>Panika nakr\u0119cana przez polityk\u00f3w gro\u017aniejsza ni\u017c koronawirus<\/h2>\r\n<p style=\"padding-left: 40px;\"><strong><em>Nie wiemy, czy w Polsce ktokolwiek umar\u0142 w zwi\u0105zku z koronawirusem<\/em><\/strong><br>\r\nSkuteczn\u0105 obron\u0119 przed katastrof\u0105 gospodarcz\u0105 to natychmiastowy powr\u00f3t zdrowych ludzi do pracy i normalnego \u017cycia.<\/p>\r\n<p style=\"padding-left: 40px;\"><em>Jerzy Milewski, Cz\u0142onek Narodowej Rady Rozwoju przy Prezydencie RP<\/em><\/p>\r\n<p>W przypadku nowego typu koronawirusa mamy do czynienia z zasadniczym deficytem danych. Dominuj\u0105 niejasne informacje, spekulacje, hipotezy, modele in silico [za pomoc\u0105 komputera md]. Brak jednolitych definicji, brak standardowych publikacji medycznych. W wi\u0119kszo\u015bci nie wiemy, jak interpretowa\u0107 dane powielane w og\u00f3lnych mediach. Szczeg\u00f3lnie dotkliwy jest niedob\u00f3r (prawie brak) publikacji na temat wynik\u00f3w bada\u0144 obrazowych. A bez tych bada\u0144 trudno jest rozpoznawa\u0107 chorob\u0119 COVID-19.<\/p>\r\n<p>=====================<\/p>\r\n<h4>Taki straszny?<\/h4>\r\n<p><strong><span class=\"pullquote\">Ka\u017cdego dnia w Polsce na raka umiera 270 os\u00f3b. Ka\u017cdego roku 100 tys. Polak\u00f3w zapada na choroby onkologiczne. Na \u015bwiecie to 10 milion\u00f3w ludzi. To jest realna epidemia<\/span><\/strong>, o kt\u00f3rej media i politycy nie m\u00f3wi\u0105 tak g\u0142o\u015bno. Co wi\u0119cej, ka\u017cdego roku grypa zabija na \u015bwiecie 600 tys. os\u00f3b. W samej Polsce w tym roku odnotowali\u015bmy 150 ofiar i 3 miliony chorych. Gru\u017alica zabija rocznie na \u015bwiecie prawie 2 miliony ludzi, malaria 1,2 mln, AIDS ponad 1 mln, cholera ponad 100 tysi\u0119cy. Obecne \u201estraszyd\u0142o w koronie&#8221; nie mie\u015bci si\u0119 nawet w pierwszej setce najwi\u0119kszych zagro\u017ce\u0144 dla zdrowia i \u017cycia cz\u0142owieka.<\/p>\r\n<p>Tak naprawd\u0119 nie wiemy, czy w Polsce ktokolwiek umar\u0142 w zwi\u0105zku z zaka\u017ceniem koronawirusem. Brak brak publikacji medycznych na ten temat. W mediach podano, \u017ce osoby, kt\u00f3re zmar\u0142y, chorowa\u0142y na powa\u017cne schorzenia, a do szpitala trafia\u0142y w ci\u0119\u017ckim stanie. Media w Wielkiej Brytanii poinformowa\u0142y, \u017ce w\u015br\u00f3d ofiar \u015bmiertelnych w kraju nie by\u0142o os\u00f3b nieobci\u0105\u017conych innymi chorobami. We W\u0142oszech opublikowano analiz\u0119, z kt\u00f3rej wynika, \u017ce jedynie w przypadku 1,2% zmar\u0142ych nie wiadomo, by chorowali na inne choroby.<\/p>\r\n<h4>Przypadek W\u0142och<\/h4>\r\n<p>Og\u00f3lna liczba zgon\u00f3w we W\u0142oszech w 2020 roku, do 21 marca w\u0142\u0105cznie, wynosi 135 589. Je\u015bli podzielimy liczb\u0119 zgon\u00f3w przez 81 dni, kt\u00f3re up\u0142yn\u0119\u0142y od 1 stycznia, daje nam to 1 674 zgony dziennie, 50 218 miesi\u0119cznie. W 2018 roku w miesi\u0105cu umiera\u0142o \u015brednio 52 tys. os\u00f3b. \u015arednia miesi\u0119czna w 2020 roku to tylko 50 tys. (i to w trakcie pandemii).<\/p>\r\n<p>Zastanawia brak informacji w mediach o liczbie zgon\u00f3w na inne choroby i z przyczyn naturalnych. Mo\u017cna wi\u0119c odnie\u015b\u0107 wra\u017cenie, \u017ce W\u0142osi przestali umiera\u0107 na inne choroby i z przyczyn naturalnych. Umieraj\u0105 ju\u017c tylko na koronawirusa. W liczbie zgon\u00f3w nie wida\u0107 \u017cadnej warto\u015bci dodanej (tych 4,5 tys., kt\u00f3re mamy teraz). Sp\u00f3jrzmy na inne \u017ar\u00f3d\u0142o. Jak si\u0119 okazuje, we W\u0142oszech \u015brednia wieku ofiar to 79 lat. Prawie wszystkie ofiary, czyli 98%, mia\u0142y powa\u017cne choroby wsp\u00f3\u0142istniej\u0105ce. A przecie\u017c ludzie ci\u0119\u017cko chorzy i bardzo starzy zawsze umierali &#8211; g\u0142\u00f3wnie na jakie\u015b infekcje. Ten wirus jest potencjalnie gro\u017any, tak jak ka\u017cda inna infekcja, dla os\u00f3b z deficytem immunologicznym.<\/p>\r\n<h4>Powszechna izolacja sprzyja panice<\/h4>\r\n<p>Wed\u0142ug szacunk\u00f3w ICL nawet 80% wszystkich zaka\u017conych nie ma \u017cadnych objaw\u00f3w COVID-19. Najwi\u0119ksza liczba zainfekowanych zaka\u017ca si\u0119 w\u0142a\u015bnie od os\u00f3b bezobjawowych. Nie ma szans na powstrzymanie transmisji wirusa obecnie stosowanymi metodami. Podsycaj\u0105ca panik\u0119 powszechna izolacja doprowadzi do destrukcji pa\u0144stwa i ogromnych szk\u00f3d gospodarczych. Ten wirus nie jest gro\u017any dla os\u00f3b ze zdrow\u0105 immunologi\u0105.<\/p>\r\n<p>Dlatego bardziej ni\u017c wirusa, powinni\u015bmy ba\u0107 si\u0119 paniki i za\u0142amania gospodarki. Powszechna izolacja nie tylko sprzyja panice, ale jest b\u0142\u0119dem. Nie ma szans na osi\u0105gni\u0119cie zak\u0142adanych cel\u00f3w. Za to gwarantuje rozmontowanie pa\u0144stwa oraz spowodowanie ogromnych szk\u00f3d w gospodarce, a tym samym tragedie wielu ludzi. Kolejne decyzje rz\u0105du nakr\u0119caj\u0105 panik\u0119. Fataln\u0105 rol\u0119 wype\u0142nia tu GIS.<\/p>\r\n<p>Nale\u017cy zatem natychmiast zamieni\u0107 dotychczasow\u0105 strategi\u0119 na izolacj\u0119 selektywn\u0105, skierowan\u0105 do os\u00f3b zagro\u017conych. Osoby te nale\u017cy wyselekcjonowa\u0107 na podstawie kryteri\u00f3w opisowych: wiek powy\u017cej 80 lat, pacjenci po przeszczepie, po leczeniu onkologicznym w ci\u0105gu ostatniego roku itp. Dodatkowo nale\u017cy wykorzysta\u0107 metody oceny odporno\u015bci kom\u00f3rkowej u tych os\u00f3b, takie jak wska\u017anik CD4\/CD8. Wobec tych os\u00f3b nale\u017cy wdro\u017cy\u0107 etapowo kolejne stopnie izolacji, a\u017c do pe\u0142nej izolacji. W szczeg\u00f3lno\u015bci osoby maj\u0105ce jakikolwiek kontakt z tymi osobami powinny by\u0107 badane testem na obecno\u015b\u0107 koronawirusa. Takie dzia\u0142anie b\u0119dzie znacznie bardziej efektywne.<\/p>\r\n<p>W ca\u0142ej tej retoryce wok\u00f3\u0142 wirusa mamy dwa g\u0142\u00f3wne cele. Pierwszy, by chroni\u0107 ludzi, dla kt\u00f3rych ta infekcja (jak r\u00f3wnie\u017c inne) mo\u017ce by\u0107 gro\u017ana, przez zmian\u0119 strategii na izolacj\u0119 selektywn\u0105 oraz zintensyfikowanie dzia\u0142a\u0144 Systemu Opieki Zdrowotnej w stosunku do tych os\u00f3b.<\/p>\r\n<p>Drugi to minimalizowanie szk\u00f3d gospodarczych. Niewiele pomog\u0105 dotacje i \u017ale zaadresowane ulgi. Jedyna szansa na skuteczn\u0105 obron\u0119 przed katastrof\u0105 gospodarcz\u0105 to natychmiastowy powr\u00f3t zdrowych ludzi do pracy i normalnego \u017cycia. Pomoc pa\u0144stwa powinna im to u\u0142atwia\u0107. Jednak aby cele te zosta\u0142y zrealizowane, niezwykle wa\u017cne jest zwalczanie dezinformacji i paniki.<\/p>\r\n<p>[\u0179r\u00f3d\u0142o:] <a href=\"https:\/\/biotechnologia.pl\/biotechnologia\/panika-nakrecana-przez-politykow-grozniejsza-niz-koronawirus,19532\">https:\/\/biotechnologia.pl\/biotechnologia\/panika-nakrecana-przez-politykow-grozniejsza-niz-koronawirus,19532<\/a><\/p>\r\n<p class=\"zrodlo\">Za: <a href=\"http:\/\/dakowski.pl\/index.php?option=com_content&amp;task=view&amp;id=27508&amp;Itemid=47\">Strona prof. Miros\u0142awa Dakowskiego (24.03.2020)<\/a><\/p>\r\n<h4>&nbsp;<\/h4>\r\n<hr style=\"background-color: #000000; border-width: 0; color: #000000; height: 2px; line-height: 0; text-align: center; width: 100%;\">\r\n<h4>&nbsp;<\/h4>","protected":false},"excerpt":{"rendered":"Dane nt. koronawirusa s\u0105 bardzo sk\u0105pe. Wed\u0142ug w\u0142oskich statystyk w por\u00f3wnaniu z zesz\u0142ym rokiem \u015bmiertelno\u015b\u0107 w tym samym czasie nie wzros\u0142a. Kwarantanna nie ma \u017cadnego sensu &#8211; m\u00f3wi Jerzy Milewski. ============================ Jerzy Milewski, lekarz i cz\u0142onek Narodowej Rady Rozwoju przy Prezydencie Rzeczypospolitej, odnosi si\u0119 do tezy zawartej w stworzonym przez siebie dokumencie, i\u017c obecnie stosowana [&hellip;]","protected":false},"author":1,"featured_media":0,"comment_status":"closed","ping_status":"closed","sticky":false,"template":"","format":"standard","meta":{"_acf_changed":false,"_monsterinsights_skip_tracking":false,"ngg_post_thumbnail":0,"footnotes":"","_wp_rev_ctl_limit":""},"categories":[6],"tags":[433,20],"acf":[],"_links":{"self":[{"href":"https:\/\/www.bibula.com\/index.php?rest_route=\/wp\/v2\/posts\/112901"}],"collection":[{"href":"https:\/\/www.bibula.com\/index.php?rest_route=\/wp\/v2\/posts"}],"about":[{"href":"https:\/\/www.bibula.com\/index.php?rest_route=\/wp\/v2\/types\/post"}],"author":[{"embeddable":true,"href":"https:\/\/www.bibula.com\/index.php?rest_route=\/wp\/v2\/users\/1"}],"replies":[{"embeddable":true,"href":"https:\/\/www.bibula.com\/index.php?rest_route=%2Fwp%2Fv2%2Fcomments&post=112901"}],"version-history":[{"count":0,"href":"https:\/\/www.bibula.com\/index.php?rest_route=\/wp\/v2\/posts\/112901\/revisions"}],"wp:attachment":[{"href":"https:\/\/www.bibula.com\/index.php?rest_route=%2Fwp%2Fv2%2Fmedia&parent=112901"}],"wp:term":[{"taxonomy":"category","embeddable":true,"href":"https:\/\/www.bibula.com\/index.php?rest_route=%2Fwp%2Fv2%2Fcategories&post=112901"},{"taxonomy":"post_tag","embeddable":true,"href":"https:\/\/www.bibula.com\/index.php?rest_route=%2Fwp%2Fv2%2Ftags&post=112901"}],"curies":[{"name":"wp","href":"https:\/\/api.w.org\/{rel}","templated":true}]}}