{"id":112873,"date":"2020-03-24T11:41:06","date_gmt":"2020-03-24T15:41:06","guid":{"rendered":"http:\/\/www.bibula.com\/?p=112873"},"modified":"2020-03-24T12:19:13","modified_gmt":"2020-03-24T16:19:13","slug":"epidemii-szukanie-ze-swieca","status":"publish","type":"post","link":"https:\/\/www.bibula.com\/?p=112873","title":{"rendered":"Epidemii szukanie ze \u015bwiec\u0105"},"content":{"rendered":"\r\n<p><strong>Niech przem\u00f3wi\u0105 liczby.&nbsp;<\/strong><\/p>\r\n<p>We\u017amy na tapet\u0119 W\u0142ochy, kt\u00f3re rzekoma epidemia trafi\u0142a w Europie najmocniej.&nbsp;<\/p>\r\n<p>Ot\u00f3\u017c w ca\u0142ym roku 2017, kiedy wyj\u0105tkowo na \u015bwiecie nie by\u0142o \u017cadnej epidemii, we W\u0142oszech zmar\u0142o <b>650 614 <\/b>os\u00f3b (z noworodkami w\u0142\u0105cznie). We W\u0142oszech mieszka 60 262 701 os\u00f3b (czerwiec 2018). Czyli ca\u0142kowita liczba zmar\u0142ych stanowi\u0142a&nbsp; 1,08% mieszka\u0144c\u00f3w.<\/p>\r\n<p>Z tej liczby 53 372 osoby zmar\u0142y na choroby infekcyjne uk\u0142adu oddechowego, w tym zapewne wywo\u0142ane wirusem Korona (nikt tego w\u00f3wczas nie bada\u0142). Czyli dziennie umiera\u0142o z tego powodu we W\u0142oszech 146 os\u00f3b (z kawa\u0142kiem)<\/p>\r\n<p>Jak podaj\u0105 W\u0142osi, w tym roku w przeci\u0105gu 80 dni (licz\u0105c od 1 stycznia) zmar\u0142o 5 476 os\u00f3b z powodu wirusa Korona. Czy byli to wszyscy, kt\u00f3rzy zmarli ze wzgl\u0119du na niewydolno\u015b\u0107 uk\u0142adu oddechowego? Prawdpodobnie tak. Czyli&nbsp; o tej niekorzystnej dla uk\u0142adu oddechowego ka\u017cdego cz\u0142owieka porze roku zmar\u0142o dziennie 68,45 os\u00f3b. Je\u017celi&nbsp; zdarzy\u0142o si\u0119, \u017ce zmar\u0142y tak\u017ce&nbsp; osoby na niewydolno\u015b\u0107 uuk\u0142adu oddechowego spowodowanego innymi przyczynami, ani\u017celi&nbsp; wirus Korona, to pozostaje jeszcze liczba ponad 78 os\u00f3b, \u017ceby osi\u0105gn\u0105\u0107 poziom \u015bmiertelno\u015bci identyczny, jak w roku 2017.&nbsp;<\/p>\r\n<p><b>Ale gdzie tu jest epidemia?<\/b><\/p>\r\n<p>W przypadku grypy twierdzi si\u0119 oficjalnie, \u017ce mamy do czynienia z epidemi\u0105&nbsp; gdy w r\u00f3\u017cnych regionach zara\u017cone jest PONAD 10% ludno\u015bci. AmeryKa\u0144skie Centrum Kontroli Chor\u00f3b oraz Prewencji (CDCP)m\u00f3wi o epidemii influency, gdy podczas danej zimy ponadnormatywna \u015bmiertelno\u015b\u0107 na gryp\u0119 oraz zapalenie p\u0142uc jest wy\u017csza o co najmniej 7,5% od przeci\u0119tnej notowanej \u015bmiertelno\u015bci na tym terenie i w tym samym czasie.&nbsp;<\/p>\r\n<p>Warto nadmieni\u0107, \u017ce we W\u0142oszech podobno umierali (i nadal umieraj\u0105) z powodu wirusa Korona staruszkowie, kt\u00f3rzy zaszczepili si\u0119 na pocz\u0105tku sezonu przeciw grypie. Ponadto podobno w szpitalach ich nie leczono (i nadal si\u0119 nie leczy)&nbsp; tylko czekano na \u015bmier\u0107(bo czym leczyc wirus, nieprawda\u017c?)<\/p>\r\n<p>Podczas rzekomej niedawnej epidemii wirusa Korona w Po\u0142udniowej Korei \u015bmiertelno\u015b\u0107 zbli\u017cy\u0142a si\u0119 do 1%. W Chinach by\u0142y to dziesi\u0105tki promila.&nbsp;<\/p>\r\n<p><b>Gdzie jestes, epidemio? Szukamy ci\u0119 ze \u015bwiec\u0105. Rz\u0105dy Europy bardzo ci\u0119 potrzebuj\u0105.&nbsp;<\/b><\/p>\r\n<p><strong><em>Joanna Mieszko-Wi\u00f3rkiewicz<\/em><\/strong><\/p>\r\n<p>PS: Zainteresowanym polecam wywiad z niemieckim wybitnym wirusologiem i pneumologiem, dr. Wolfgangiem Wodarq&#8217; iem<\/p>\r\n<p>tutaj (po polsku):<a href=\"https:\/\/itvp.tv\/2020\/03\/19\/dr-wolfgangiem-wodarg\/\" target=\"_blank\" rel=\"nofollow noopener noreferrer\">https:\/\/itvp.tv\/2020\/03\/19\/dr-wolfgangiem-wodarg\/ <\/a><\/p>\r\n<\/div>","protected":false},"excerpt":{"rendered":"Niech przem\u00f3wi\u0105 liczby.&nbsp; We\u017amy na tapet\u0119 W\u0142ochy, kt\u00f3re rzekoma epidemia trafi\u0142a w Europie najmocniej.&nbsp; Ot\u00f3\u017c w ca\u0142ym roku 2017, kiedy wyj\u0105tkowo na \u015bwiecie nie by\u0142o \u017cadnej epidemii, we W\u0142oszech zmar\u0142o 650 614 os\u00f3b (z noworodkami w\u0142\u0105cznie). We W\u0142oszech mieszka 60 262 701 os\u00f3b (czerwiec 2018). Czyli ca\u0142kowita liczba zmar\u0142ych stanowi\u0142a&nbsp; 1,08% mieszka\u0144c\u00f3w. Z tej liczby [&hellip;]","protected":false},"author":1,"featured_media":0,"comment_status":"closed","ping_status":"closed","sticky":false,"template":"","format":"standard","meta":{"_acf_changed":false,"_monsterinsights_skip_tracking":false,"_monsterinsights_sitenote_active":false,"_monsterinsights_sitenote_note":"","_monsterinsights_sitenote_category":0,"ngg_post_thumbnail":0,"footnotes":"","_wp_rev_ctl_limit":""},"categories":[6],"tags":[433,207,20],"acf":[],"_links":{"self":[{"href":"https:\/\/www.bibula.com\/index.php?rest_route=\/wp\/v2\/posts\/112873"}],"collection":[{"href":"https:\/\/www.bibula.com\/index.php?rest_route=\/wp\/v2\/posts"}],"about":[{"href":"https:\/\/www.bibula.com\/index.php?rest_route=\/wp\/v2\/types\/post"}],"author":[{"embeddable":true,"href":"https:\/\/www.bibula.com\/index.php?rest_route=\/wp\/v2\/users\/1"}],"replies":[{"embeddable":true,"href":"https:\/\/www.bibula.com\/index.php?rest_route=%2Fwp%2Fv2%2Fcomments&post=112873"}],"version-history":[{"count":0,"href":"https:\/\/www.bibula.com\/index.php?rest_route=\/wp\/v2\/posts\/112873\/revisions"}],"wp:attachment":[{"href":"https:\/\/www.bibula.com\/index.php?rest_route=%2Fwp%2Fv2%2Fmedia&parent=112873"}],"wp:term":[{"taxonomy":"category","embeddable":true,"href":"https:\/\/www.bibula.com\/index.php?rest_route=%2Fwp%2Fv2%2Fcategories&post=112873"},{"taxonomy":"post_tag","embeddable":true,"href":"https:\/\/www.bibula.com\/index.php?rest_route=%2Fwp%2Fv2%2Ftags&post=112873"}],"curies":[{"name":"wp","href":"https:\/\/api.w.org\/{rel}","templated":true}]}}