{"id":112816,"date":"2020-03-23T09:25:00","date_gmt":"2020-03-23T13:25:00","guid":{"rendered":"http:\/\/www.bibula.com\/?p=112816"},"modified":"2020-03-23T09:25:13","modified_gmt":"2020-03-23T13:25:13","slug":"ks-prof-czeslaw-bartnik-przemilczany","status":"publish","type":"post","link":"https:\/\/www.bibula.com\/?p=112816","title":{"rendered":"Ks. prof. Czes\u0142aw Bartnik przemilczany"},"content":{"rendered":"<p><strong>Jego \u015bmier\u0107, wieku 91 lat &#8211; zosta\u0142a oczywi\u015bcie odnotowana, g\u0142\u00f3wnie w \u201eNaszym Dzienniku\u201d gdzie pisywa\u0142 w ostatnich latach i na antenie Radia Maryja, z kt\u00f3rym by\u0142 blisko zwi\u0105zany. Tak\u017ce media rz\u0105dowe odnotowa\u0142y ten fakt, pomijaj\u0105c jednak dyskretnie pogl\u0105dy ks. Bartnika i jego \u201eniepoprawn\u0105 politycznie\u201d przesz\u0142o\u015b\u0107, tak\u017ce polityczn\u0105.<\/strong><\/p>\r\n<div class=\"entry-thumbnail\"><img fetchpriority=\"high\" decoding=\"async\" class=\"attachment-large size-large wp-post-image aligncenter\" src=\"https:\/\/46bah7dkfu-flywheel.netdna-ssl.com\/wp-content\/uploads\/2020\/03\/bartnik-cz-b-foto.jpg\" sizes=\"(max-width: 600px) 100vw, 600px\" srcset=\"https:\/\/46bah7dkfu-flywheel.netdna-ssl.com\/wp-content\/uploads\/2020\/03\/bartnik-cz-b-foto.jpg 600w, https:\/\/46bah7dkfu-flywheel.netdna-ssl.com\/wp-content\/uploads\/2020\/03\/bartnik-cz-b-foto-300x200.jpg 300w, https:\/\/46bah7dkfu-flywheel.netdna-ssl.com\/wp-content\/uploads\/2020\/03\/bartnik-cz-b-foto-200x133.jpg 200w, https:\/\/46bah7dkfu-flywheel.netdna-ssl.com\/wp-content\/uploads\/2020\/03\/bartnik-cz-b-foto-390x260.jpg 390w\" alt=\"\" width=\"600\" height=\"400\">\r\n<p>W okresie PRL nie nale\u017ca\u0142 on bowiem do obozu \u201eniepokornych\u201d, wr\u0119cz przeciwnie &#8211; by\u0142 jednym z ideolog\u00f3w Chrze\u015bcija\u0144skiego Stowarzyszenia Spo\u0142ecznego opowiadaj\u0105cego si\u0119 m.in. za dialogiem ekumenicznym z Cerkwi\u0105 Prawos\u0142awn\u0105 w Rosji. Publikowa\u0142 w latach 80. W \u201eTygodniku Polskim\u201d. By\u0142 tak\u017ce wrogo nastawiony do lustracji i nie akceptowa\u0142 obecnej polskiej polityki wschodniej, cho\u0107 temat\u00f3w tych w ostatnich latach unika\u0142.<\/p>\r\n<p>Czes\u0142aw Bartnik urodzi\u0142 si\u0119 9 sierpnia 1929 r w \u00c5\u00b9rebcach k. Szczebrzeszyna. \u015awi\u0119cenia kap\u0142a\u0144skie przyj\u0105\u0142 w Lublinie w 1953 r. Po \u015bwi\u0119ceniach zosta\u0142 skierowany na studia doktoranckie na religiologi\u0119 na KUL. W 1974 uzyska\u0142 tytu\u0142 naukowy profesora nadzwyczajnego, a w 1979 &#8211; profesora zwyczajnego. Od 1969 do 1997 roku by\u0142 kierownikiem katedry Historii Dogmat\u00f3w, w 1973-1975 prodziekanem, od 1976 przewodnicz\u0105cym Sekcji Teologii Dogmatycznej, od 1968 wsp\u00f3\u0142pracownikiem Encyklopedii Katolickiej, od 1976 do 2000 g\u0142\u00f3wnym redaktorem RTK z. 2 (po 1992 RT), cz\u0142onkiem Rady Naukowej Instytutu Naukowego Jana Paw\u0142a II, w 1984-1989 cz\u0142onkiem Komitetu Nauk Filozoficznych PAN, od 1991 cz\u0142onkiem Centralnej Komisji d\/s Tytu\u0142u Naukowego i Stopni Naukowych, cz\u0142onkiem czynnym TN KUL. Ks. prof. Czes\u0142aw Bartnik by\u0142 autorem ponad 3200 publikacji, w tym 92 ksi\u0105\u017cek. Ponadto jest promotorem 62 doktorat\u00f3w i 479 magisteri\u00f3w i licencjat\u00f3w. Wykona\u0142 96 recenzji doktorskich oraz 212 habilitacyjnych i profesorskich. W latach 1996 do 2010 ksi\u0105dz profesor Bartnik pe\u0142ni\u0142 funkcj\u0119 konsultora Komisji Nauki Wiary przy Konferencji Episkopatu Polski.<\/p>\r\n<p>Jeszcze w 2020 roku \u201eGazeta Polska\u201d tak atakowa\u0142a ks. Bartnika:<\/p>\r\n<p>\u201eBartnik wyst\u0119powa\u0142 na imprezach ChSS, publikowa\u0142 na \u0142amach organu stowarzyszenia &#8211; \u201eTygodnika Polskiego\u201d, kt\u00f3ry zamieszcza\u0142 w tym czasie liczne informacje o spotkaniach Morawskiego z genera\u0142em Wojciechem Jaruzelskim, wizytach przedstawicieli ChSS w Zwi\u0105zku Radzieckim, o kontaktach stowarzyszenia z radzieck\u0105 Cerkwi\u0105.<\/p>\r\n<p>Pisz\u0105c o pierwszych powojennych latach, Bartnik polemizowa\u0142 z pogl\u0105dami emigracji: \u201e\u0179adne spo\u0142ecze\u0144stwo po wielkiej wojnie, w czasach nowo\u017cytnych nie wraca, przynajmniej szybko i ca\u0142kowicie, do dawnej niesprawiedliwo\u015bci spo\u0142ecznej, wbrew temu, co s\u0105dzi cz\u0119\u015b\u0107 emigracji. Tote\u017c w Polsce w tym czasie powsta\u0142 dogodny grunt pod idee socjalizmu, kt\u00f3re niejako wisia\u0142y w powietrzu. Robotnicy, ch\u0142opi, inteligencja, cze\u015b\u0107 arystokracji &#8211; wszyscy poczuli si\u0119 jednakowo synami tej samej ojczyzny. Wszyscy niejako zas\u0142u\u017cyli na to. Oczywi\u015bcie musia\u0142 nast\u0105pi\u0107 awans klas ni\u017cszych wraz z ich wy\u017cszym poczuciem godno\u015bci. Jednym z wyraz\u00f3w tego by\u0142 \u017cywio\u0142owy p\u0119d do nauki i do udzia\u0142u we w\u0142adzy politycznej i spo\u0142ecznej, cho\u0107 tu przysz\u0142o najwi\u0119ksze rozczarowanie. Pog\u0142\u0119bi\u0142a si\u0119 znacz\u0105co odpowiedzialno\u015b\u0107 za nar\u00f3d, pa\u0144stwo, historie, wsp\u00f3lne tradycje (\u201eWojenne prze\u0142omy\u201d, \u201eTygodnik Polski\u201d, nr 20 (79) z 13.05.1984).<\/p>\r\n<p>Gdy na pocz\u0105tku lat 80. gazeta apelowa\u0142a do chrze\u015bcijan o udzia\u0142 w procesie odnowy i w wyborach do rad narodowych, ksi\u0105dz Bartnik pisa\u0142 w filozoficznym tonie: \u201eChrze\u015bcijanie winni kroczy\u0107 na czele budowniczych \u015bwiata tworz\u0105cych rodzin\u0119 ludzka, urz\u0105dzaj\u0105cych nowe spo\u0142ecze\u0144stwa. Nie ma tu miejsca na izolacje i podzia\u0142y. Winni to czyni\u0107 wesp\u00f3\u0142 z innymi, id\u0105c za poleceniem Paw\u0142owym: \u201e\u0179eby\u015bcie byli pos\u0142uszni (\u2026) ka\u017cdemu, kto wsp\u00f3\u0142pracuje i trudzi si\u0119 z wami\u201d (\u201eCz\u0142owiek, materia, kosmos\u201d, \u201eTygodnik Polski\u201d, nr 17 (76) z 22.04.1984 r.)\u201d.<\/p>\r\n<p><strong>Z kolei \u0141ukasz Marcin Jastrz\u0119bski przypomina inny nieznany epizod:<\/strong><\/p>\r\n<p>\u201e19 lat temu napisa\u0142em tekst w \u201eOjczy\u017anie\u201d pt. \u201eNigdy do NATO\u201d. Zawar\u0142em w nim tez\u0119 \u017ce nie ma \u017cadnego polskiego duchownego sprzeciwiaj\u0105cego si\u0119 obecno\u015bci Polski w tej strukturze. Wtedy przyszed\u0142 obszerny list od ksi\u0119dza profesora wyja\u015bniaj\u0105cy mi sytuacj\u0119. Ksi\u0105dz do\u0142o\u017cy\u0142 kilkana\u015bcie swoich tekst\u00f3w krytykuj\u0105cych NATO. Od tego czasu regularnie otrzymywa\u0142em Jego ksi\u0105\u017cki (z dedykacjami), listy, kartki na \u015bwi\u0119ta czy urodziny. Zebra\u0142a si\u0119 ca\u0142a p\u00f3\u0142ka ksi\u0105\u017cek i spory stos list\u00f3w. Zawsze pami\u0119ta\u0142. Pisa\u0142 w \u201eOjczy\u017anie\u201d pod swoim nazwiskiem lub pseudonimem\u201d.<\/p>\r\n<p>W ksi\u0105\u017cce pt. \u201e<strong>Dni Anio\u0142a Si\u00f3dmego, ze wsp\u00f3\u0142czesnej teologii spo\u0142eczno-politycznej\u201d<\/strong>&nbsp;(Polskie Wydawnictwo Encyklopedyczne, Radom 2003), ks. Czes\u0142aw Bartnik pisa\u0142:<\/p>\r\n<p>\u201eNie wolno nam si\u0119 wik\u0142a\u0107 w wojn\u0119 przeciw Irakowi, przeciwko ca\u0142emu \u015bwiatowi arabskiemu, w sojuszu z USA a w interesie Izraela. To tak\u0105 korzy\u015b\u0107 nam przynios\u0142o NATO? (\u2026) Czy\u017cby to NATO mia\u0142o by\u0107 napastnicze i sterowane przez Izrael? Przygotowuje si\u0119 wojsko i sprz\u0119t (\u2026) Co nam zawini\u0142 Irak? Co nam zawini\u0142 Afganistan? A mo\u017ce to zawini\u0142a wobec Ameryki ropa naftowa? Pisze to bo wobec takiej ha\u0144by Ko\u015bci\u00f3\u0142 nie mo\u017ce milcze\u0107 (\u2026)<\/p>\r\n<p>Ameryka dominuje nad jest stronnicza, np. proizraelska (\u2026) staje si\u0119 ona do tego bastionem nowej ideologii globalizmu, kt\u00f3ry nabiera cech straszliwego kolonializmu gospodarczego do wszystkich kontynent\u00f3w. Jednocze\u015bnie dostrzega si\u0119 w Ameryce brak cn\u00f3t, a raczej na ich miejsce ateizacj\u0119, kult pieni\u0105dza, siedlisko moralnego zgorszenia, czelu\u015b\u0107 aborcyjn\u0105, dominacj\u0119 lobby \u017cydowskiego, brak wielkich idei i niski raczej poziom intelektualny.<\/p>\r\n<p>A dlaczego tak pomiata si\u0119 Bia\u0142orusi\u0105? Siostr\u0105 Polski. \u0179e nie chce przyj\u0105\u0107 \u201ewyzwolenia\u201d ze strony kolonialnego liberalizmu? U nas poza tym w\u0142a\u015bnie by\u0142aby lepsza wsp\u00f3\u0142praca z Rosj\u0105. Niepokoi nas wielka komitywa miedzy prezydentami USA i Polski. Sprowadza si\u0119 ona bowiem do poparcia przez Polsk\u0119 inwazji Ameryki na Irak w obronie interes\u00f3w Izraela i dalszego zapanowania USA nad z\u0142o\u017cami ropy naftowej (\u2026) Polska przysposobi \u017co\u0142nierzy (\u2026) nade wszystko rozp\u0119ta\u0142a medialn\u0105 propagand\u0119 przeciwko Irakowi, Autonomii Palesty\u0144skiej i niekt\u00f3rym innym pa\u0144stwom muzu\u0142ma\u0144skim (\u2026) To taka korzy\u015b\u0107 z wej\u015bcia do NATO &#8211; wojna ze \u015bwiatem muzu\u0142ma\u0144skim? Trzeba protestowa\u0107!\u201d.<\/p>\r\n<p><strong>O \u201elustracji\u201d duchownych, w tym przede wszystkim abpa. Stanis\u0142awa Wielgusa pisa\u0142 w 2007 roku:<\/strong><\/p>\r\n<p>\u201eSekciarze polscy, wsp\u00f3\u0142cze\u015bni \u201ekatarowie\u201d (\u201eczy\u015bci\u201d), nietykalni spo\u0142ecznie, wzi\u0119li si\u0119 ju\u017c tym razem bardzo ostro za \u201eoczyszczanie\u201d Ko\u015bcio\u0142a polskiego, rzucaj\u0105c has\u0142o bojowe, \u017ce jest on \u201ew kryzysie\u201d. Za nimi powtarzaj\u0105 to samo ich \u201eanalogowie\u201d i pobratymcy, spaczeni i maso\u0144scy chrze\u015bcijanie na Zachodzie. Co ci wszyscy rozumiej\u0105 przez kryzys Ko\u015bcio\u0142a w Polsce? Ano, \u017ce kiedy\u015b liczni duchowni mieli r\u00f3\u017cne kontakty z w\u0142adzami komunistycznymi i ze S\u0142u\u017cb\u0105 Bezpiecze\u0144stwa i \u017ce ostatnio jeden z nich zosta\u0142 mianowany biskupem warszawskim, i to bez zaopiniowania ze strony dokument\u00f3w bezpieki oraz ze strony owych \u015bwieckich \u201eczystych\u201d naprawiaczy Ko\u015bcio\u0142a. I w rezultacie w Polsce dekomunizacj\u0119, kt\u00f3rej nie dokonano, zast\u0105pi o tej samej warto\u015bci \u201edeklerykalizacja\u201d.<\/p>\r\n<p>Natomiast tam gdzie &#8211; jak w niekt\u00f3rych krajach Zachodu &#8211; upad\u0142 fizycznie i duchowo ca\u0142y Ko\u015bci\u00f3\u0142 pod naporem sekularyzmu, liberalizmu i nihilizmu neolewicy, tam nie ma kryzysu, tam jest \u201epoprawno\u015b\u0107 religijna\u201d (\u2026) Gdy to wszystko okaza\u0142o si\u0119 za s\u0142abe, atei\u015bci, masoni, pseudokatolicy, \u201eczy\u015bci\u201d i filosemici rzucili si\u0119 na lustracj\u0119 kap\u0142an\u00f3w na bazie IPN. I tak dochodzi do istnego bandytyzmu medialnego, oczywi\u015bcie bezprawnego, ale w\u0142adze pa\u0144stwowe milcz\u0105 tak, jakby to popiera\u0142y. M\u00f3wi\u0105, \u017ce media i tzw. historycy IPN maj\u0105 absolutn\u0105 wolno\u015b\u0107 i dowolno\u015b\u0107. Czego\u015b takiego jeszcze nie by\u0142o. Dost\u0119p do IPN maj\u0105 tylko skandali\u015bci\u201d.<\/p>\r\n<p>W ostatnich latach, mimo radykalnego zwrotu \u201eNaszego Dziennika\u201d i Radia Maryja w kierunku ideologii pisowskiej, nie zerwa\u0142 kontakt\u00f3w z tym o\u015brodkiem, cho\u0107 musia\u0142 (nie wiemy czy nie za \u201edobr\u0105 rad\u0105\u201d) zrezygnowa\u0107 z podnoszenia kilku kwestii, kt\u00f3re obecne Radio Maryja nie toleruje, jak cho\u0107by stosunek do relacji z Rosj\u0105, kt\u00f3re Bartnik uwa\u017ca\u0142 za bardzo dla Polski wa\u017cne i ubolewa\u0142 nad ich systematycznym psuciem. Dzisiaj warto jednak przypomnie\u0107 jego prawdziwe pogl\u0105dy, z kt\u00f3rymi by\u0142o mu si\u0119 coraz trudniej przebija\u0107.<\/p>\r\n<p><strong>Opr. JE<\/strong><br>\r\n22.03.2020<\/p>\r\n<p>\u0179r\u00f3d\u0142o: <a href=\"http:\/\/www.mysl-polska.pl\/2239?fbclid=IwAR2o2vcgYbB2GRjyYeZaPFm8YF9mOb5ShT6t6wQrvW8-2_o_prvUBZGL60M\"><strong>MY\u015aL POLSKA<\/strong><\/a>, 22 marca 2020.<\/p>\r\n<p class=\"has-background has-very-light-gray-background-color\"><strong>Przeczytaj <a href=\"https:\/\/www.polishclub.org\/?s=CZES%C5%81AW+BARTNIK\">publikacje ks. prof. Czes\u0142awa Bartnika &gt; &gt; &gt; TUTAJ<\/a> <\/strong>.<\/p>\r\n<\/div>","protected":false},"excerpt":{"rendered":"Jego \u015bmier\u0107, wieku 91 lat &#8211; zosta\u0142a oczywi\u015bcie odnotowana, g\u0142\u00f3wnie w \u201eNaszym Dzienniku\u201d gdzie pisywa\u0142 w ostatnich latach i na antenie Radia Maryja, z kt\u00f3rym by\u0142 blisko zwi\u0105zany. Tak\u017ce media rz\u0105dowe odnotowa\u0142y ten fakt, pomijaj\u0105c jednak dyskretnie pogl\u0105dy ks. Bartnika i jego \u201eniepoprawn\u0105 politycznie\u201d przesz\u0142o\u015b\u0107, tak\u017ce polityczn\u0105. W okresie PRL nie nale\u017ca\u0142 on bowiem do [&hellip;]","protected":false},"author":1,"featured_media":0,"comment_status":"closed","ping_status":"closed","sticky":false,"template":"","format":"standard","meta":{"_acf_changed":false,"_monsterinsights_skip_tracking":false,"_monsterinsights_sitenote_active":false,"_monsterinsights_sitenote_note":"","_monsterinsights_sitenote_category":0,"ngg_post_thumbnail":0,"footnotes":"","_wp_rev_ctl_limit":""},"categories":[5],"tags":[98,184],"acf":[],"_links":{"self":[{"href":"https:\/\/www.bibula.com\/index.php?rest_route=\/wp\/v2\/posts\/112816"}],"collection":[{"href":"https:\/\/www.bibula.com\/index.php?rest_route=\/wp\/v2\/posts"}],"about":[{"href":"https:\/\/www.bibula.com\/index.php?rest_route=\/wp\/v2\/types\/post"}],"author":[{"embeddable":true,"href":"https:\/\/www.bibula.com\/index.php?rest_route=\/wp\/v2\/users\/1"}],"replies":[{"embeddable":true,"href":"https:\/\/www.bibula.com\/index.php?rest_route=%2Fwp%2Fv2%2Fcomments&post=112816"}],"version-history":[{"count":0,"href":"https:\/\/www.bibula.com\/index.php?rest_route=\/wp\/v2\/posts\/112816\/revisions"}],"wp:attachment":[{"href":"https:\/\/www.bibula.com\/index.php?rest_route=%2Fwp%2Fv2%2Fmedia&parent=112816"}],"wp:term":[{"taxonomy":"category","embeddable":true,"href":"https:\/\/www.bibula.com\/index.php?rest_route=%2Fwp%2Fv2%2Fcategories&post=112816"},{"taxonomy":"post_tag","embeddable":true,"href":"https:\/\/www.bibula.com\/index.php?rest_route=%2Fwp%2Fv2%2Ftags&post=112816"}],"curies":[{"name":"wp","href":"https:\/\/api.w.org\/{rel}","templated":true}]}}