{"id":1128,"date":"2007-07-25T00:00:00","date_gmt":"2007-07-25T00:00:00","guid":{"rendered":""},"modified":"-0001-11-30T00:00:00","modified_gmt":"-0001-11-30T04:00:00","slug":"","status":"publish","type":"post","link":"https:\/\/www.bibula.com\/?p=1128","title":{"rendered":"Pod kuratel\u0119 &#8222;starszych braci&#8221;? &#8211; <em>Stanis\u0142aw Michalkiewicz<\/em>"},"content":{"rendered":"<p>Po og\u0142oszeniu listu prowincja\u0142a redemptoryst\u00f3w o. Zdzis\u0142awa Klafki, w  ca\u0142ej Polsce da\u0142 si\u0119 s\u0142ysze\u0107 j\u0119k zawodu i zgrzytanie z\u0119b\u00f3w z w\u015bciek\u0142ej  irytacji. &bdquo;<em>Intelektuali\u015bci<\/em>&rdquo;  czasu wojny, poza oczywi\u015bcie dy\u017curn\u0105 pani\u0105 red. J\u00f3zefa Hennelow\u0105,  jeszcze milcz\u0105, w zwi\u0105zku z czym ca\u0142y ci\u0119\u017car pi\u0119tnowania spad\u0142 na  duchowie\u0144stwo post\u0119powe. <br \/>\r\n<img decoding=\"async\" src=\"http:\/\/www.michalkiewicz.pl\/img\/spacja.gif\" height=\"15\" width=\"1\" \/><br \/>\r\nUbolewanie  wyra\u017ca tedy ojciec Prusak od jezuit\u00f3w, r\u0119ce za\u0142amuje ojciec  dominikanin, zasmucony jest te\u017c ojciec Boniecki, marianin, no a JE abp  J\u00f3zef \u017byci\u0144ski w gorliwo\u015bci swojej a\u017c, jak to m\u00f3wi\u0105, &bdquo;<em>r\u017cnie g\u0142upa<\/em>&rdquo;, przypisuj\u0105c ojcu Rydzykowi zach\u0119canie pani prezydentowej do poddania si\u0119 eutanazji. <br \/>\r\n<img decoding=\"async\" src=\"http:\/\/www.michalkiewicz.pl\/img\/spacja.gif\" height=\"15\" width=\"1\" \/><br \/>\r\nAle eutanazja, to drobiazg w por\u00f3wnaniu ze zbrodni\u0105 najgorsz\u0105 w postaci &bdquo;<em>antysemityzmu<\/em>&rdquo;. Polega on na trzech wypowiedziach o. Rydzyka: po pierwsze &ndash; \u017ce pan prezydent &bdquo;<em>ulega lobby \u017cydowskiemu<\/em>&rdquo;. Po drugie &ndash; \u017ce \u017bydzi maj\u0105 &bdquo;<em>mentalno\u015b\u0107 talmudyczn\u0105<\/em>&rdquo;. Po trzecie wreszcie &ndash; \u017ce w Polsce &bdquo;<em>rz\u0105dzi Soros<\/em>&rdquo;. <br \/>\r\n<img decoding=\"async\" src=\"http:\/\/www.michalkiewicz.pl\/img\/spacja.gif\" height=\"15\" width=\"1\" \/><br \/>\r\nTrudno zrozumie\u0107, dlaczego te wypowiedzi mia\u0142yby by\u0107 antysemickie;  je\u015bli chodzi o pierwsz\u0105, to jest to raczej krytyka pana prezydenta.  Je\u015bli chodzi o drug\u0105 &ndash; to przecie\u017c nikt nie zaprzecza istnienia  Talmudu, kt\u00f3rego &nbsp;c e l e m&nbsp; jest przecie\u017c kszta\u0142towanie mentalno\u015bci  czytelnik\u00f3w. Zatem, je\u015bli o. Rydzyk ma racj\u0119, to Talmud jest ksi\u0105\u017ck\u0105  skuteczn\u0105. <br \/>\r\n<img decoding=\"async\" src=\"http:\/\/www.michalkiewicz.pl\/img\/spacja.gif\" height=\"15\" width=\"1\" \/><br \/>\r\nWreszcie Soros. Kiedy by\u0142em naczelnym redaktorem &bdquo;<em>Najwy\u017cszego Czasu<\/em>&rdquo;,  finansowana przez Jerzego Sorosa Fundacja Batorego przysy\u0142a\u0142a mi  obiegiem sprawozdania finansowe, z kt\u00f3rych mo\u017cna by\u0142o si\u0119 zorientowa\u0107,  jakie osobisto\u015bci ze \u015bwiata polityki, kultury i Ko\u015bcio\u0142a s\u0105 na li\u015bcie  p\u0142ac tej fundacji i ile bior\u0105. Ju\u017c na tej podstawie mo\u017cna by\u0142o  zorientowa\u0107 si\u0119, \u017ce Fundacja Batorego jest bardzo wp\u0142ywowa, a od tamtej  pory ten wp\u0142yw m\u00f3g\u0142 si\u0119 tylko zwi\u0119kszy\u0107. Czy w zwi\u0105zku z tym mo\u017cna ju\u017c  powiedzie\u0107, \u017ce &bdquo;<em>Soros rz\u0105dzi<\/em>&rdquo;, czy jeszcze nie &ndash; to rzecz do dyskusji, a nie do anatem. <br \/>\r\n<img decoding=\"async\" src=\"http:\/\/www.michalkiewicz.pl\/img\/spacja.gif\" height=\"15\" width=\"1\" \/><br \/>\r\nJednak, o ile mo\u017cna odnie\u015b\u0107 wra\u017cenie, \u017ce duchowni i \u015bwieccy  przedstawiciele katolicyzmu post\u0119powego gotowi s\u0105 zrezygnowa\u0107 z  wi\u0119kszo\u015bci dotychczasowych dogmat\u00f3w, o tyle wydaj\u0105 si\u0119 bardzo  przywi\u0105zani do nowego &ndash; \u017ceby tylko nie popa\u015b\u0107 w &bdquo;<em>antysemityzm<\/em>&rdquo;. Ich gorliwo\u015b\u0107 posuwa si\u0119 tak daleko, \u017ce ch\u0119tnie wznowiliby w jakiej\u015b postaci Inkwizycj\u0119. <br \/>\r\n<img decoding=\"async\" src=\"http:\/\/www.michalkiewicz.pl\/img\/spacja.gif\" height=\"15\" width=\"1\" \/><br \/>\r\nProblem jednak w tym, \u017ce o tym, co jest antysemityzmem, a co nim nie jest, decyduj\u0105 &bdquo;<em>starsi bracia<\/em>&rdquo;,  czyli \u015brodowiska \u017cydowskie. W takiej sytuacji do przej\u0119cia przez nie  duchowej kurateli nad Ko\u015bcio\u0142em katolickim by\u0142by ju\u017c tylko krok. Czy  nie o to w\u0142a\u015bnie ten ca\u0142y klangor?<\/p>\r\n<p>&nbsp; <\/p>\r\n<br \/>\r\n<img decoding=\"async\" src=\"http:\/\/www.michalkiewicz.pl\/img\/kwad.gif\" height=\"12\" width=\"6\" \/><em>&nbsp;Stanis\u0142aw Michalkiewicz<\/em> <br \/>\r\n<em>Komentarz &nbsp;&middot;&nbsp; &bdquo;Dziennik Polski&rdquo; (Krak\u00f3w) &nbsp;&middot;&nbsp; 2007-07-25 &nbsp;|&nbsp; www.michalkiewicz.pl<\/em><\/div>\r\n","protected":false},"excerpt":{"rendered":"Po og\u0142oszeniu listu prowincja\u0142a redemptoryst\u00f3w o. Zdzis\u0142awa Klafki, w ca\u0142ej Polsce da\u0142 si\u0119 s\u0142ysze\u0107 j\u0119k zawodu i zgrzytanie z\u0119b\u00f3w z w\u015bciek\u0142ej irytacji. &bdquo;Intelektuali\u015bci&rdquo; czasu wojny, poza oczywi\u015bcie dy\u017curn\u0105 pani\u0105 red. J\u00f3zefa Hennelow\u0105, jeszcze milcz\u0105, w zwi\u0105zku z czym ca\u0142y ci\u0119\u017car pi\u0119tnowania spad\u0142 na duchowie\u0144stwo post\u0119powe. Ubolewanie wyra\u017ca tedy ojciec Prusak od jezuit\u00f3w, r\u0119ce za\u0142amuje ojciec [&hellip;]","protected":false},"author":1,"featured_media":0,"comment_status":"closed","ping_status":"open","sticky":false,"template":"","format":"standard","meta":{"_acf_changed":false,"_monsterinsights_skip_tracking":false,"_monsterinsights_sitenote_active":false,"_monsterinsights_sitenote_note":"","_monsterinsights_sitenote_category":0,"ngg_post_thumbnail":0,"footnotes":"","_wp_rev_ctl_limit":""},"categories":[9],"tags":[34],"acf":[],"_links":{"self":[{"href":"https:\/\/www.bibula.com\/index.php?rest_route=\/wp\/v2\/posts\/1128"}],"collection":[{"href":"https:\/\/www.bibula.com\/index.php?rest_route=\/wp\/v2\/posts"}],"about":[{"href":"https:\/\/www.bibula.com\/index.php?rest_route=\/wp\/v2\/types\/post"}],"author":[{"embeddable":true,"href":"https:\/\/www.bibula.com\/index.php?rest_route=\/wp\/v2\/users\/1"}],"replies":[{"embeddable":true,"href":"https:\/\/www.bibula.com\/index.php?rest_route=%2Fwp%2Fv2%2Fcomments&post=1128"}],"version-history":[{"count":0,"href":"https:\/\/www.bibula.com\/index.php?rest_route=\/wp\/v2\/posts\/1128\/revisions"}],"wp:attachment":[{"href":"https:\/\/www.bibula.com\/index.php?rest_route=%2Fwp%2Fv2%2Fmedia&parent=1128"}],"wp:term":[{"taxonomy":"category","embeddable":true,"href":"https:\/\/www.bibula.com\/index.php?rest_route=%2Fwp%2Fv2%2Fcategories&post=1128"},{"taxonomy":"post_tag","embeddable":true,"href":"https:\/\/www.bibula.com\/index.php?rest_route=%2Fwp%2Fv2%2Ftags&post=1128"}],"curies":[{"name":"wp","href":"https:\/\/api.w.org\/{rel}","templated":true}]}}