{"id":112628,"date":"2020-03-15T19:42:52","date_gmt":"2020-03-15T23:42:52","guid":{"rendered":"http:\/\/www.bibula.com\/?p=112628"},"modified":"2020-03-15T19:42:52","modified_gmt":"2020-03-15T23:42:52","slug":"wlochy-osoby-powyzej-80-lat-zostana-pozostawione-na-smierc-jezeli-epidemia-koronawirusa-sie-rozwinie","status":"publish","type":"post","link":"https:\/\/www.bibula.com\/?p=112628","title":{"rendered":"W\u0142ochy: Osoby powy\u017cej 80 lat zostan\u0105 &#8222;pozostawione na \u015bmier\u0107&#8221; je\u017celi epidemia koronawirusa si\u0119 rozwinie"},"content":{"rendered":"<p><strong>W\u0142osi w wieku powy\u017cej 80 lat zostan\u0105 \u201epozostawieni na \u015bmier\u0107\u201d je\u017celi epidemia koronawirusa si\u0119 rozwinie. Najbardziej dotkni\u0119ty region przygotowa\u0142 propozycj\u0119 selekcji os\u00f3b, kt\u00f3re trafi\u0105 na intensywn\u0105 terapi\u0119 &#8211; informuje telegraph.co.uk.<\/strong><\/p>\r\n<p>Jednostka zarz\u0105dzania kryzysowego w Turynie przygotowa\u0142a dokument, zgodnie z kt\u00f3rym osoby powy\u017cej 80 roku \u017cycia nie b\u0119d\u0105 mia\u0142y dost\u0119pu do intensywnej opieki, je\u017celi zapotrzebowanie na pomoc medyczn\u0105 wzro\u015bnie.<\/p>\r\n<p>Wedle lekarzy zara\u017ceni koronawirusem pacjenci w tym wieku, pozbawieni intensywnej opieki, umr\u0105.<\/p>\r\n<p>Dokument z kt\u00f3rym zapoznali si\u0119 dziennikarze The Telegraph, okre\u015bla kto zostanie przyj\u0119ty na oddzia\u0142 intensywnej terapii w przypadku gdyby w szpitalach by\u0142o za ma\u0142o miejsca. Zosta\u0142 on opracowany przez departament ochrony ludno\u015bci regionu Piemontu, jednego z najmocniej dotkni\u0119tych epidemi\u0105 koronawirusa region\u00f3w we W\u0142oszech.<\/p>\r\n<p><em>Kryteria dost\u0119pu do intensywnej terapii w nag\u0142ych wypadkach musz\u0105 obejmowa\u0107 wiek poni\u017cej 80 lat lub wynik na wska\u017aniku chor\u00f3b wsp\u00f3\u0142istniej\u0105cych Charlsona [kt\u00f3ry wskazuje ile innych stan\u00f3w chorobowych pacjent ma] mniejszy ni\u017c 5<\/em> <em>(\u2026) Je\u015bli zapewnienie wszystkim pacjentom us\u0142ug intensywnej terapii stanie si\u0119 niemo\u017cliwe, konieczne b\u0119dzie zastosowanie kryteri\u00f3w dost\u0119pu do intensywnego leczenia, kt\u00f3re zale\u017cy od ograniczonych dost\u0119pnych zasob\u00f3w (\u2026) Wzrost obecnej epidemii sprawia, \u017ce \u201d\u2039\u201d\u2039prawdopodobne jest osi\u0105gni\u0119cie punktu braku r\u00f3wnowagi mi\u0119dzy potrzebami klinicznymi pacjent\u00f3w z COVID-19 a dost\u0119pno\u015bci\u0105 zasob\u00f3w (\u2026) Kryteria okre\u015blaj\u0105 wytyczne, je\u015bli sytuacja stanie si\u0119 tak wyj\u0105tkowa, \u017ce \u201d\u2039\u201d\u2039uzale\u017cni\u0105 wyb\u00f3r terapeutyczny indywidualnego przypadku od dost\u0119pno\u015bci zasob\u00f3w, zmuszaj\u0105c [szpitale] do skoncentrowania si\u0119 na przypadkach, w kt\u00f3rych stosunek koszt\u00f3w do korzy\u015bci jest najkorzystniejszy <\/em>&nbsp;&#8211; przeczyta\u0107 mo\u017cna w dokumencie.<\/p>\r\n<p>Pod uwag\u0119 przy przyjmowaniu do szpitala b\u0119dzie brana tak\u017ce zdolno\u015b\u0107 pacjenta do powrotu do zdrowia po rekonwalescencji.<\/p>\r\n<p>Jeden z lekarzy powiedzia\u0142: <em>O tym, kto \u017cyje, a kto umiera, decyduje wiek i stan zdrowia [pacjenta]. Tak w\u0142a\u015bnie jest na wojnie.<\/em><\/p>\r\n<p>Luigi Icardi, doradca ds. zdrowia w Piemoncie, powiedzia\u0142: <em>Nigdy nie chcia\u0142em widzie\u0107 takiego momentu. To [dokument] b\u0119dzie wi\u0105\u017c\u0105ce i ustanowi w przypadku nasycenia oddzia\u0142\u00f3w kod pierwsze\u0144stwa dost\u0119pu do intensywnej opieki medycznej, na podstawie niekt\u00f3rych parametr\u00f3w, takich jak potencjalne prze\u017cycie.&nbsp;<\/em><\/p>\r\n<p>Dokument jest ju\u017c kompletny i przed wys\u0142aniem go do szpitala potrzebna jest tylko zgoda komitetu naukowo-technicznego. Wed\u0142ug \u017ar\u00f3de\u0142 rz\u0105dowych kryteria powinny obowi\u0105zywa\u0107 w ca\u0142ym kraju.<\/p>\r\n<p>We W\u0142oszech ponad 1000 os\u00f3b zmar\u0142o z powodu wirusa, a ponad 15 tys. jest zainfekowanych.<\/p>\r\n<p>W\u0142ochy dysponuj\u0105 5090 \u0142\u00f3\u017ckami do intensywnej terapii, kt\u00f3re&nbsp; ju\u017c w tej chwili przewy\u017cszaj\u0105 liczb\u0119 potrzebuj\u0105cych ich pacjent\u00f3w. Brakuje tak\u017ce lekarzy, piel\u0119gniarek oraz sprz\u0119tu medycznego.<\/p>\r\n<p>Sytuacja jest krytyczna w Lombardii, ale tak\u017ce w s\u0105siednim Piemoncie wygl\u0105da powa\u017cnie &#8211; w ci\u0105gu zaledwie jednego dnia, zarejestrowan tam 180 nowych przypadk\u00f3w zachorowa\u0144, a liczba zgon\u00f3w wynios\u0142a 27. Sytuacja w najbli\u017cszym czasie prawdopodobnie nie ulegnie poprawie.<\/p>\r\n<p>Roberto Testi, przewodnicz\u0105cy komitetu techniczno-naukowego koronawirusa w Piemoncie, powiedzia\u0142 The Telegraph: <em>Tutaj w Piemoncie staramy si\u0119 jak najd\u0142u\u017cej op\u00f3\u017ani\u0107 stosowanie tych kryteri\u00f3w. W tej chwili dost\u0119pne s\u0105 miejsca intensywnej opieki medycznej i pracujemy na stworzeniem kolejnych (\u2026) Chcemy jak najp\u00f3\u017aniej osi\u0105gn\u0105\u0107 ten punkt w kt\u00f3rym b\u0119dziemy decydowa\u0107 o \u017cyciu i \u015bmierci. Kryteria odnosz\u0105 si\u0119 tylko do dost\u0119pu do intensywnej opieki &#8211; ci, kt\u00f3rzy nie uzyskaj\u0105 dost\u0119pu do intensywnej opieki, b\u0119d\u0105 nadal otrzymywa\u0107 wszystkie mo\u017cliwe leczenie. W medycynie czasami musimy dokonywa\u0107 trudnych wybor\u00f3w, ale wa\u017cne jest, aby mie\u0107 system podpowiadaj\u0105cy w jaki spos\u00f3b je dokonywa\u0107.<\/em><\/p>\r\n<ul>\r\n\t<li>CZYTAJ TAK\u0179E:&nbsp;<a href=\"https:\/\/kresy.pl\/wydarzenia\/francja-zamyka-sklepy-restauracje-i-dyskoteki\/\" target=\"_blank\" rel=\"noopener noreferrer\">Francja zamyka sklepy, restauracje i dyskoteki<\/a><\/li>\r\n\t<li>Przeczytaj r\u00f3wnie\u017c:<a href=\"https:\/\/kresy.pl\/wydarzenia\/koronawirus-niemcy-zamykaja-granice\/\" target=\"_blank\" rel=\"noopener noreferrer\">&nbsp;Koronawirus: Niemcy zamykaj\u0105 granice<\/a><\/li>\r\n\t<li>CZYTAJ TAK\u0179E: <a href=\"https:\/\/kresy.pl\/wydarzenia\/regiony\/europa-zachodnia\/austria-zakazano-organizowania-zgromadzen-publicznych-powyzej-pieciu-osob\/\" target=\"_blank\" rel=\"noopener noreferrer\">Austria: Zakazano organizowania zgromadze\u0144 powy\u017cej pi\u0119ciu os\u00f3b<\/a><\/li>\r\n\t<li>Przeczytaj r\u00f3wnie\u017c: &nbsp;<a href=\"https:\/\/kresy.pl\/wydarzenia\/w-obawie-przed-rozprzestrzenianiem-sie-koronawirusa-grecja-rowniez-zamyka-granice\/\" target=\"_blank\" rel=\"noopener noreferrer\">W obawie przed rozprzestrzenianiem si\u0119 koronawirusa Grecja zamyka granice<\/a><\/li>\r\n\t<li>Przeczytaj r\u00f3wnie\u017c: <a href=\"https:\/\/kresy.pl\/wydarzenia\/regiony\/europa-zachodnia\/wielka-brytania-osoby-powyzej-70-roku-zycia-zostana-w-domach-na-cztery-miesiace\/\" target=\"_blank\" rel=\"noopener noreferrer\">Wielka Brytania: Osoby powy\u017cej 70. roku \u017cycia pozostan\u0105 w domach na 4 miesi\u0105ce<\/a><\/li>\r\n\t<li>CZYTAJ TAK\u0179E: <a href=\"https:\/\/kresy.pl\/wydarzenia\/wielka-brytania-rzad-planuje-zarazic-60-populacji-koronawirsuem-oznacza-to-ok-pol-miliona-ofiar-smiertelnych\/\" target=\"_blank\" rel=\"noopener noreferrer\">Wielka Brytania: Rz\u0105d planuje zarazi\u0107 koronawirusem 60% populacji. Oznacza to ok. p\u00f3\u0142 miliona ofiar \u015bmiertelnych<\/a><\/li>\r\n<\/ul>\r\n<p>Kresy.pl \/<a href=\"https:\/\/www.telegraph.co.uk\/news\/2020\/03\/14\/italians-80-will-left-die-country-overwhelmed-coronavirus\/\" target=\"_blank\" rel=\"noopener noreferrer\"> telegraph.co.uk<\/a><\/p>","protected":false},"excerpt":{"rendered":"W\u0142osi w wieku powy\u017cej 80 lat zostan\u0105 \u201epozostawieni na \u015bmier\u0107\u201d je\u017celi epidemia koronawirusa si\u0119 rozwinie. Najbardziej dotkni\u0119ty region przygotowa\u0142 propozycj\u0119 selekcji os\u00f3b, kt\u00f3re trafi\u0105 na intensywn\u0105 terapi\u0119 &#8211; informuje telegraph.co.uk. Jednostka zarz\u0105dzania kryzysowego w Turynie przygotowa\u0142a dokument, zgodnie z kt\u00f3rym osoby powy\u017cej 80 roku \u017cycia nie b\u0119d\u0105 mia\u0142y dost\u0119pu do intensywnej opieki, je\u017celi zapotrzebowanie na [&hellip;]","protected":false},"author":1,"featured_media":0,"comment_status":"closed","ping_status":"closed","sticky":false,"template":"","format":"standard","meta":{"_acf_changed":false,"_monsterinsights_skip_tracking":false,"_monsterinsights_sitenote_active":false,"_monsterinsights_sitenote_note":"","_monsterinsights_sitenote_category":0,"ngg_post_thumbnail":0,"footnotes":"","_wp_rev_ctl_limit":""},"categories":[451,6],"tags":[433,49,105,207,20],"acf":[],"_links":{"self":[{"href":"https:\/\/www.bibula.com\/index.php?rest_route=\/wp\/v2\/posts\/112628"}],"collection":[{"href":"https:\/\/www.bibula.com\/index.php?rest_route=\/wp\/v2\/posts"}],"about":[{"href":"https:\/\/www.bibula.com\/index.php?rest_route=\/wp\/v2\/types\/post"}],"author":[{"embeddable":true,"href":"https:\/\/www.bibula.com\/index.php?rest_route=\/wp\/v2\/users\/1"}],"replies":[{"embeddable":true,"href":"https:\/\/www.bibula.com\/index.php?rest_route=%2Fwp%2Fv2%2Fcomments&post=112628"}],"version-history":[{"count":0,"href":"https:\/\/www.bibula.com\/index.php?rest_route=\/wp\/v2\/posts\/112628\/revisions"}],"wp:attachment":[{"href":"https:\/\/www.bibula.com\/index.php?rest_route=%2Fwp%2Fv2%2Fmedia&parent=112628"}],"wp:term":[{"taxonomy":"category","embeddable":true,"href":"https:\/\/www.bibula.com\/index.php?rest_route=%2Fwp%2Fv2%2Fcategories&post=112628"},{"taxonomy":"post_tag","embeddable":true,"href":"https:\/\/www.bibula.com\/index.php?rest_route=%2Fwp%2Fv2%2Ftags&post=112628"}],"curies":[{"name":"wp","href":"https:\/\/api.w.org\/{rel}","templated":true}]}}