{"id":112575,"date":"2020-03-14T12:20:53","date_gmt":"2020-03-14T16:20:53","guid":{"rendered":"http:\/\/www.bibula.com\/?p=112575"},"modified":"2020-03-14T12:20:53","modified_gmt":"2020-03-14T16:20:53","slug":"koronawirus-czyli-porazka-europy-stanislaw-lewicki","status":"publish","type":"post","link":"https:\/\/www.bibula.com\/?p=112575","title":{"rendered":"Koronawirus, czyli pora\u017cka Europy &#8211; <em>Stanis\u0142aw Lewicki<\/em>"},"content":{"rendered":"<p><strong>Nowa epidemia, a raczej ju\u017c pandemia, szerzy si\u0119 obecnie w Europie, g\u0142ownie w krajach Unii, a szczeg\u00f3lnie tych na zachodzie Europy, tymczasem w Chinach ust\u0119puje. Tak to obecnie wygl\u0105da. W Chinach szczyt zachorowa\u0144 (liczba zara\u017conych) zosta\u0142 osi\u0105gni\u0119ty 17 lutego i wynosi\u0142 57 tysi\u0119cy. Od tego czasu przyrost nowych przypadk\u00f3w zara\u017cenia wirusem by\u0142 coraz mniejszy za\u015b liczba wyleczonych coraz wi\u0119ksza.<\/strong><\/p>\r\n<p>Na dzi\u015b (12 marca) liczba zara\u017conych wynosi tam 14 831. Jak wida\u0107, dzi\u0119ki zastosowaniu bezwzgl\u0119dnych metod zastopowano tam szerzenie si\u0119 epidemii, kt\u00f3ra po okresie szczytu zacz\u0119\u0142a wygasa\u0107. Obecnie sytuacja jest na tyle opanowana, \u017ce zamkni\u0119to specjalne, wybudowane w trybie alarmowym, szpitale oraz maj\u0105 ruszy\u0107 w prowincji Hubei niekt\u00f3re kluczowe zak\u0142ady przemys\u0142owe.<\/p>\r\n<p>Opanowanie sytuacji osi\u0105gni\u0119to dzi\u0119ki temu, \u017ce zastosowano drako\u0144skie metody, ca\u0142kowitego zamkni\u0119cia stref zagro\u017conych ju\u017c na pocz\u0105tkowym etapie szerzenia si\u0119 koronawirusa. 23 stycznia zamkni\u0119to i obj\u0119to kwarantann\u0105 11-milionowe miasto Wuhan. \u0141\u0105cznie w prowincji Hubei w strefach zamkni\u0119tych mieszka\u0142o 57 milion\u00f3w ludzi. Dzia\u0142ania w Wuhan obejmowa\u0142y wy\u0142\u0105czenie transportu publicznego, razem z metrem, liniami lotniczymi, kolej\u0105 i autobusami, zamkni\u0119cie autostrad z wystawieniem posterunk\u00f3w, a w niekt\u00f3rych przypadkach nawet wykopaniem row\u00f3w w poprzek jezdni. Z ka\u017cdego gospodarstwa domowego jedna osoba mog\u0142a wyj\u015b\u0107 z domu raz na dwa dni.<\/p>\r\n<p>Takie \u015brodki wprowadzono, gdy liczba zara\u017conych w Chinach wynios\u0142a (w dniu 22 stycznia) 554 osoby. <strong>Reszta \u015bwiata by\u0142a zdziwiona takimi bezprecedensowymi, drako\u0144skimi dzia\u0142aniami i patrzy\u0142a si\u0119 na Chiny<\/strong>. Niezad\u0142ugo jednak, pojedyncze przypadki zacz\u0119\u0142y pojawia\u0107 si\u0119 gdzie indziej, tak\u017ce w Europie. Liczba zara\u017conych szybko ros\u0142a ale w\u0142adze kraj\u00f3w Unii nie mog\u0142y jako\u015b zdoby\u0107 si\u0119 na konkretne dzia\u0142ania, albo te\u017c by\u0142y one nieskuteczne. Nie\u015bmia\u0142e i niekonsekwentne pr\u00f3by tworzenia stref zamkni\u0119tych podj\u0119to we W\u0142oszech od 22 lutego, kiedy wy\u0142\u0105czono kilka gmin w Lombardii. Dzia\u0142ania por\u00f3wnywalne z chi\u0144skimi, zamkni\u0119cie ca\u0142ego kraju, wprowadzono p\u00f3\u017ano, dopiero 9 marca, gdy liczba zaka\u017conych przekroczy\u0142a ju\u017c 9 tysi\u0119cy.<br>\r\n<strong><br>\r\nSkrajnym brakiem odpowiedzialno\u015bci, motywowanym najprawdopodobniej ideologicznie, by\u0142y dzia\u0142ania lewicowego rz\u0105du hiszpa\u0144skiego<\/strong>. W dniu 7 marca liczba zara\u017conych wynios\u0142a tam 525 przypadk\u00f3w. Przy podobnej liczbie (545) w Chinach odci\u0119to Wuhan i prowincj\u0119 Hubei. A co zrobi\u0142 lewicowy rz\u0105d Hiszpanii? W dniu nast\u0119pnym, 8 marca, cz\u0142onkowie rz\u0105du, poprowadzili olbrzymi\u0105 120 tysi\u0119czn\u0105 manifestacj\u0119 feministek w Madrycie.<\/p>\r\n<p><img fetchpriority=\"high\" decoding=\"async\" class=\"aligncenter\" src=\"http:\/\/mysl-polska.pl\/gif\/manifestacion-880x437.jpg\" alt=\"manifestacion-880x437.jpg\" width=\"600\" height=\"298\"><\/p>\r\n<p>By\u0142a tam te\u017c niejaka <strong>Irene Montero<\/strong>, \u201eministerka\u201d r\u00f3wno\u015bci w tym rz\u0105dzie. Nie mo\u017cna zatem si\u0119 zbytnio dziwi\u0107, \u017ce po trzech dniach stwierdzono u niej zaka\u017cenie koronawirusem, za\u015b og\u00f3lna liczba zaka\u017ce\u0144 w Hiszpanii w ci\u0105gu tylko czterech nast\u0119pnych dni od tej lewicowej imprezy wzros\u0142a prawie pi\u0119ciokrotnie (do 3059), za\u015b liczba zmar\u0142ych wynosi tam ju\u017c 86 os\u00f3b. <strong>Tak to jest gdy rozum ust\u0119puje przed ideologicznym za\u015blepieniem. Ciekawe, ilu uczestnik\u00f3w tego 120-tysi\u0119cznego zgromadzenia zachoruje?<\/strong><\/p>\r\n<p>Co ro<del>z<\/del>bi\u0142y w tym czasie organa Unii Europejskiej? 4 marca, gdy w Europie by\u0142y ju\u017c tysi\u0105ce zara\u017conych, unijni komisarze, z <strong>Urszul\u0105 von der Leyen<\/strong> na czele, spotkali si\u0119 z pewn\u0105 szwedzk\u0105 nastolatk\u0105, kt\u00f3ra chce pono\u0107 uratowa\u0107 \u015bwiat . Nie zauwa\u017cyli wida\u0107, \u017ce mieszka\u0144cy kraj\u00f3w nale\u017c\u0105cych do Unii stoj\u0105 na progu realnego i wielkiego zagro\u017cenia, ju\u017c teraz, a nie w jakiej\u015b nieokre\u015blonej przysz\u0142o\u015bci. Wida\u0107, \u017ce do unijnych elit realia nie docieraj\u0105, a jak docieraj\u0105 to te\u017c nie s\u0105 w stanie oni niczego zrobi\u0107. Kanclerz Niemiec <strong>Angela Merkel<\/strong>, stwierdzi\u0142a niedawno, \u017ce koronawirusem zarazi si\u0119 od 60 do 70 proc. obywateli Niemiec. Jako kanclerz powinna dzia\u0142a\u0107, a nie opowiada\u0107 takie historie. Wida\u0107, \u017ce Niemcy sta\u0142y si\u0119 chorym cz\u0142owiekiem w chorej Europie.<\/p>\r\n<p><strong>Na tym tle ca\u0142kiem dobrze wypada obecny polski rz\u0105d, kt\u00f3ry podejmuje realne dzia\u0142anie mog\u0105ce spowolni\u0107 rozw\u00f3j epidemii<\/strong>. S\u0105 one mo\u017ce zbyt \u0142agodne, ale zawsze jest to lepsze ni\u017c brak dzia\u0142a\u0144, jak po stronie niemieckiej, mocno op\u00f3\u017anione dzia\u0142ania, jak we W\u0142oszech, czy te\u017c pozwalanie i prowadzenie masowych imprez, kt\u00f3re mog\u0105 skutkowa\u0107 szybkim rozprzestrzenianiem si\u0119 epidemii, jak w Hiszpanii.<\/p>\r\n<p><em><strong>Stanis\u0142aw Lewicki<\/strong><\/em><\/p>","protected":false},"excerpt":{"rendered":"Nowa epidemia, a raczej ju\u017c pandemia, szerzy si\u0119 obecnie w Europie, g\u0142ownie w krajach Unii, a szczeg\u00f3lnie tych na zachodzie Europy, tymczasem w Chinach ust\u0119puje. Tak to obecnie wygl\u0105da. W Chinach szczyt zachorowa\u0144 (liczba zara\u017conych) zosta\u0142 osi\u0105gni\u0119ty 17 lutego i wynosi\u0142 57 tysi\u0119cy. Od tego czasu przyrost nowych przypadk\u00f3w zara\u017cenia wirusem by\u0142 coraz mniejszy za\u015b [&hellip;]","protected":false},"author":1,"featured_media":0,"comment_status":"closed","ping_status":"closed","sticky":false,"template":"","format":"standard","meta":{"_acf_changed":false,"_monsterinsights_skip_tracking":false,"ngg_post_thumbnail":0,"footnotes":"","_wp_rev_ctl_limit":""},"categories":[9],"tags":[62,433,23,98,189],"acf":[],"_links":{"self":[{"href":"https:\/\/www.bibula.com\/index.php?rest_route=\/wp\/v2\/posts\/112575"}],"collection":[{"href":"https:\/\/www.bibula.com\/index.php?rest_route=\/wp\/v2\/posts"}],"about":[{"href":"https:\/\/www.bibula.com\/index.php?rest_route=\/wp\/v2\/types\/post"}],"author":[{"embeddable":true,"href":"https:\/\/www.bibula.com\/index.php?rest_route=\/wp\/v2\/users\/1"}],"replies":[{"embeddable":true,"href":"https:\/\/www.bibula.com\/index.php?rest_route=%2Fwp%2Fv2%2Fcomments&post=112575"}],"version-history":[{"count":0,"href":"https:\/\/www.bibula.com\/index.php?rest_route=\/wp\/v2\/posts\/112575\/revisions"}],"wp:attachment":[{"href":"https:\/\/www.bibula.com\/index.php?rest_route=%2Fwp%2Fv2%2Fmedia&parent=112575"}],"wp:term":[{"taxonomy":"category","embeddable":true,"href":"https:\/\/www.bibula.com\/index.php?rest_route=%2Fwp%2Fv2%2Fcategories&post=112575"},{"taxonomy":"post_tag","embeddable":true,"href":"https:\/\/www.bibula.com\/index.php?rest_route=%2Fwp%2Fv2%2Ftags&post=112575"}],"curies":[{"name":"wp","href":"https:\/\/api.w.org\/{rel}","templated":true}]}}