{"id":112511,"date":"2020-03-12T13:03:41","date_gmt":"2020-03-12T17:03:41","guid":{"rendered":"http:\/\/www.bibula.com\/?p=112511"},"modified":"2020-03-12T13:06:50","modified_gmt":"2020-03-12T17:06:50","slug":"ostrzegal-kierowcow-swiatlami-zarobil-za-to-mandat-video","status":"publish","type":"post","link":"https:\/\/www.bibula.com\/?p=112511","title":{"rendered":"Ostrzega\u0142 kierowc\u00f3w \u015bwiat\u0142ami. Zarobi\u0142 za to mandat"},"content":{"rendered":"<p><strong>Do zdarzenia dosz\u0142o na drodze krajowej nr 21 w Trzebielinie. M\u0119\u017cczyzna ostrzega\u0142 kierowc\u00f3w \u015bwiat\u0142ami przed prowadzon\u0105 kontrol\u0105. Sytuacj\u0119 nagrano wideorejestratorem. Policjanci zawr\u00f3cili i zatrzymali auto.<\/strong><\/p>\r\n<p>Pojazdem IVECO, kt\u00f3ry ostrzega\u0142 kierowc\u00f3w \u015bwiat\u0142ami, kierowa\u0142 20-letni mieszkaniec powiatu s\u0142upskiego.<\/p>\r\n<p>Bytowscy policjanci prowadzili akcj\u0119 \u201eKaskadowy pomiar pr\u0119dko\u015bci\u201d. W trakcie dzia\u0142a\u0144 mundurowi pe\u0142ni\u0105cy s\u0142u\u017cb\u0119 nieoznakowanym radiowozem zatrzymali do kontroli kierowc\u0119, kt\u00f3ry \u201emruga\u0142\u201d \u015bwiat\u0142ami drogowym. Ostrzega\u0142 on w ten spos\u00f3b innych o patrolu mierz\u0105cym pr\u0119dko\u015b\u0107. Sytuacj\u0119 nagrano wideorejestratorem. 20-letniego mieszka\u0144ca powiatu s\u0142upskiego za pope\u0142nione wykroczenie ukarano mandatem.<\/p>\r\n<p>Ostrzeganie innych kierowc\u00f3w przed policyjnymi kontrolami poprzez u\u017cycie \u015bwiate\u0142 drogowych to wykroczenie. Takie zachowanie jest powszechne na naszych drogach. Kieruj\u0105cy autem musi si\u0119 jednak liczy\u0107 z konsekwencjami. Taryfikator m\u00f3wi w takim przypadku o mandacie w wysoko\u015bci 200 z\u0142.<\/p>\r\n<p><iframe title=\"Ostrzega\u0142 kierowc\u00f3w przed patrolem kontroluj\u0105cym pr\u0119dko\u015b\u0107\" src=\"https:\/\/www.youtube.com\/embed\/3WqjC0yUnpg?feature=oembed\" allowfullscreen=\"allowfullscreen\" data-mce-fragment=\"1\" width=\"100%\" height=\"522\" frameborder=\"0\"><span style=\"display: inline-block; width: 0px; overflow: hidden; line-height: 0;\" data-mce-type=\"bookmark\" class=\"mce_SELRES_start\">\u00ef\u00bb\u00bf<\/span><\/iframe><\/p>\r\n<p>\u0179r\u00f3d\u0142o: se.pl, youtube.com<\/p>\r\n<p class=\"zrodlo\">Za: <a href=\"https:\/\/nczas.com\/2020\/03\/12\/ostrzegal-kierowcow-swiatlami-zarobil-za-to-mandat-video\/\">Najwy\u017cszy Czas! (12\/03\/2020)<\/a> &#8211; [Org. tytu\u0142: \u00abOstrzega\u0142 kierowc\u00f3w \u015bwiat\u0142ami. Zarobi\u0142 za to mandat [VIDEO]\u00bb<\/p>\r\n<h4>&nbsp;<\/h4>\r\n<hr style=\"background-color: #000000; border-width: 0; color: #000000; height: 2px; line-height: 0; text-align: center; width: 100%;\">\r\n<h4>&nbsp;<\/h4>\r\n<blockquote>\r\n<p><strong>KOMENTARZ <em>BIBU\u0141Y<\/em><\/strong>: Jako, \u017ce kierowca m\u0142ody, powiemy po m\u0142odzie\u017cowemu: szacun dla kierowcy i znak Lichockiej dla policjant\u00f3w. R\u00f3wnie\u017c dla tych polityk\u00f3w, kt\u00f3rzy tak debilne prawo uchwalali.<\/p>\r\n<p>Potrzebna jest mobilizacja i konsolidacja wszystkich kierowc\u00f3w, kt\u00f3rzy powinni zbiorowo poprze\u0107 tego niefortunnie zatrzymanego kierowc\u0119, aby m\u00f3g\u0142 odwo\u0142a\u0107 si\u0119 do s\u0105du i aby spo\u0142eczno\u015b\u0107 kierowc\u00f3w (czyli chyba najwi\u0119ksze \u015brodowisko&nbsp; &#8211; dlaczego nie ma politycznej si\u0142y?) wywar\u0142a nacisk na polityk\u00f3w oraz aby restrykcyjne dzia\u0142ania policyjne zosta\u0142y ukr\u00f3cone. W przeciwnym razie, od takich niby b\u0142ahych incydent\u00f3w, w\u0142adza policyjna przeradza si\u0119 w nieszcz\u0119\u015bcie dla spo\u0142ecze\u0144stwa. No, chyba, \u017ce pragniemy policji <em>a la<\/em> USA <em>made in<\/em> Izrael, gdzie przekraczanie uprawnie\u0144, brutalno\u015b\u0107, agresywno\u015b\u0107, opresyjno\u015b\u0107, wszechw\u0142adztwo, w praktyce niemo\u017cliwo\u015b\u0107 zaskar\u017cania &#8211; s\u0105 na porz\u0105dku dziennym.<\/p>\r\n<\/blockquote>\r\n<h4>&nbsp;<\/h4>\r\n<hr style=\"background-color: #000000; border-width: 0; color: #000000; height: 2px; line-height: 0; text-align: center; width: 100%;\">\r\n<h4>&nbsp;<\/h4>","protected":false},"excerpt":{"rendered":"Do zdarzenia dosz\u0142o na drodze krajowej nr 21 w Trzebielinie. M\u0119\u017cczyzna ostrzega\u0142 kierowc\u00f3w \u015bwiat\u0142ami przed prowadzon\u0105 kontrol\u0105. Sytuacj\u0119 nagrano wideorejestratorem. Policjanci zawr\u00f3cili i zatrzymali auto. Pojazdem IVECO, kt\u00f3ry ostrzega\u0142 kierowc\u00f3w \u015bwiat\u0142ami, kierowa\u0142 20-letni mieszkaniec powiatu s\u0142upskiego. Bytowscy policjanci prowadzili akcj\u0119 \u201eKaskadowy pomiar pr\u0119dko\u015bci\u201d. W trakcie dzia\u0142a\u0144 mundurowi pe\u0142ni\u0105cy s\u0142u\u017cb\u0119 nieoznakowanym radiowozem zatrzymali do kontroli kierowc\u0119, [&hellip;]","protected":false},"author":1,"featured_media":0,"comment_status":"closed","ping_status":"closed","sticky":false,"template":"","format":"standard","meta":{"_acf_changed":false,"_monsterinsights_skip_tracking":false,"_monsterinsights_sitenote_active":false,"_monsterinsights_sitenote_note":"","_monsterinsights_sitenote_category":0,"ngg_post_thumbnail":0,"footnotes":"","_wp_rev_ctl_limit":""},"categories":[12],"tags":[98,136,104],"acf":[],"_links":{"self":[{"href":"https:\/\/www.bibula.com\/index.php?rest_route=\/wp\/v2\/posts\/112511"}],"collection":[{"href":"https:\/\/www.bibula.com\/index.php?rest_route=\/wp\/v2\/posts"}],"about":[{"href":"https:\/\/www.bibula.com\/index.php?rest_route=\/wp\/v2\/types\/post"}],"author":[{"embeddable":true,"href":"https:\/\/www.bibula.com\/index.php?rest_route=\/wp\/v2\/users\/1"}],"replies":[{"embeddable":true,"href":"https:\/\/www.bibula.com\/index.php?rest_route=%2Fwp%2Fv2%2Fcomments&post=112511"}],"version-history":[{"count":0,"href":"https:\/\/www.bibula.com\/index.php?rest_route=\/wp\/v2\/posts\/112511\/revisions"}],"wp:attachment":[{"href":"https:\/\/www.bibula.com\/index.php?rest_route=%2Fwp%2Fv2%2Fmedia&parent=112511"}],"wp:term":[{"taxonomy":"category","embeddable":true,"href":"https:\/\/www.bibula.com\/index.php?rest_route=%2Fwp%2Fv2%2Fcategories&post=112511"},{"taxonomy":"post_tag","embeddable":true,"href":"https:\/\/www.bibula.com\/index.php?rest_route=%2Fwp%2Fv2%2Ftags&post=112511"}],"curies":[{"name":"wp","href":"https:\/\/api.w.org\/{rel}","templated":true}]}}