{"id":112439,"date":"2020-03-08T09:42:45","date_gmt":"2020-03-08T13:42:45","guid":{"rendered":"http:\/\/www.bibula.com\/?p=112439"},"modified":"2020-03-08T09:42:45","modified_gmt":"2020-03-08T13:42:45","slug":"francja-miejski-teren-dla-wielkiego-meczetu-w-nicei","status":"publish","type":"post","link":"https:\/\/www.bibula.com\/?p=112439","title":{"rendered":"Francja: Miejski teren dla Wielkiego Meczetu w Nicei"},"content":{"rendered":"<p><strong>Sprawa budowy muzu\u0142ma\u0144skiej \u015bwi\u0105tyni na terenie du\u017cego francuskiego miasta sta\u0142a si\u0119 przedmiotem polemiki dw\u00f3ch politycznych rywali w kampanii wyborczej. Reprezentant prawicy zapewne wola\u0142by si\u0119 w tej sprawie myli\u0107, jednak dziennikarze udowodnili, \u017ce to on m\u00f3wi prawd\u0119.<\/strong><\/p>\r\n<p>W zbli\u017caj\u0105cych si\u00e1\u00ba\u00b9 wyborach lokalnych o obsadzenie najwazniejszego fotela w ratuszu Nicei ubiega si\u0119 dw\u00f3ch najpowa\u017cniejszych kandydat\u00f3w: obecny mer, Republikanin Christian Estrosi i Phillipe Vardon ze Zjednoczenia Narodowego.<\/p>\r\n<p>Vardon zarzuca rywalowi popieranie islamu i ch\u00e1\u00ba\u00b9\u0107 przyznania muzu\u0142manom miejskiego terenu o powierzchni 3 tysi\u0119cy metr\u00f3w kwadratowych na budow\u00e1\u00ba\u00b9 meczetu. Mer twierdzi, \u017ce to k\u0142amstwo. Sprawie postanowili przyjrze\u0107 si\u00e1\u00ba\u00b9 dziennikarze tygodnika \u201eValeurs Actuelles\u201d. Okaza\u0142o si\u00e1\u00ba\u00b9, \u017ce to polityk Zgromadzenia Narodowego ma racj\u00e1\u00ba\u00b9.<\/p>\r\n<p>Wystarczy spojrze\u0107 w przesz\u0142o\u015b\u0107, aby zrozumie\u0107, \u017ce sprawa dzia\u0142ki o powierzchni 3 tys. m. kw. na r\u00f3wninie Var nie jest wcale czystym wymys\u0142em &#8211; pisze gazeta. W kwietniu 2016 roku Christian Estrosi og\u0142osi\u0142 wraz z \u201elokalnymi w\u0142adzami muzu\u0142ma\u0144skimi\u201d projekt stworzenia nowego miejsca kultu na zachodzie miasta. Lokalna prasa wyja\u015bnia\u0142a w\u00f3wczas: \u201eGmina zaproponowa\u0142a jeden ze swoich grunt\u00f3w po\u0142o\u017conych na r\u00f3wninie Var niedaleko stadionu Allianz Riviera, na p\u00f3\u0142noc od parku sportowego, w stosunkowo neutralnym obszarze bez zabudowy mieszkalnej. Budynek ma obejmowa\u0107 1 000 metr\u00f3w kwadratowych\u201d. Stacja Radia France Bleu precyzowa\u0142a: \u201eB\u00e1\u00ba\u00b9dzie to zar\u00f3wno miejsce modlitwy, jak i o\u00e1\u00b9\u00a1rodek kulturalny otwarty na \u015bwiat \u015br\u00f3dziemnomorski. Obok niego powstanie parking z 80 miejscami, a tak\u017ce pomieszczenia, kt\u00f3ra b\u0119d\u0105 u\u017cywane trzy dni w roku do rytualnego uboju owiec na \u00e1\u00b9\u00a1wi\u00e1\u00ba\u00b9to Eid\u201d. W tym czasie Estrosi nalega\u0142 na podkre\u015blanie, \u017ce b\u00e1\u00ba\u00b9dzie to \u201emiejsce kultu\u201d.<\/p>\r\n<p>Dwa lata p\u00f3\u017aniej, 14 czerwca 2018 roku projekt sta\u0142 si\u0119 jeszcze bardziej konkretny. Na stronie internetowej regionalnej telewizji France 3 potwierdzono, \u017ce pierwszy asystent Estrosiego, Philippe Pradal, przyby\u0142 aby zasadzi\u0107 \u201ena terenie przysz\u0142ego meczetu\u201d, w towarzystwie imam\u00f3w, \u201edrzewko oliwne pokoju\u201d.<\/p>\r\n<p>Lokalny dziennik \u201eNice Matin\u201d, rzadko wrogo nastawiony do mera Nicei, precyzowa\u0142 kilka dni temu, \u017ce \u201etak naprawd\u0119 chodzi o meczet. Sami muzu\u0142manie nazywaj\u0105 go Wielkim Meczetem\u201d. Na zdj\u0119ciu ilustruj\u0105cym materia\u0142 wida\u0107 u\u015bmiechni\u00e1\u00ba\u00b9tego Estrosiego w towarzystwie Boubakeura Bekriego z Rady Regionalnej Kultu Muzu\u0142ma\u0144skiego (CRCM) i Otmana Aissaoui, rektora meczetu ar-Rahma w Ariane oraz szefa Unii Muzu\u0142man\u00f3w Alp Nadmorskich (Umam), organizacji powi\u0105zanej z Uni\u0105 Organizacji Islamskich we Francji (UOIF).<\/p>\r\n<p>Zdaniem dyrektora gabinetu Christiana Estrosiego, Anthona Borr\u00c3\u00a9 \u201em\u00f3wienie o projekcie konstrukcji meczetu jest przesad\u0105, ale rzeczywi\u00e1\u00b9\u00a1cie jest ch\u00e1\u00ba\u00b9\u0107 zmiany obecnych miejsc kultu. Zaanga\u017cowali\u00e1\u00b9\u00a1my si\u00e1\u00ba\u00b9 udost\u00e1\u00ba\u00b9pni\u0107 ziemi\u00e1\u00ba\u00b9 pod warunkiem, \u017ce spo\u0142eczno\u015bci muzu\u0142ma\u0144skiej uda si\u0119 za\u0142o\u017cy\u0107 stowarzyszenie i sfinansowa\u0107 to miejsce kultu za pomoc\u0105 przejrzystych funduszy \u201d &#8211; twierdzi\u0142. Wspomniane stowarzyszenie rzeczywi\u015bcie powsta\u0142o pod nazw\u0105 Nice-La Fraternit\u00c3\u00a9 i wed\u0142ug ratusza ma \u201echarakter kulturalny uznany przez prefektur\u0119\u201d.<\/p>\r\n<p>Christian Estrosi nie da\u0142 jeszcze muzu\u0142manom gruntu, ale zobowi\u0105za\u0142 si\u0119 do jego przekazania pod pewnymi warunkami. Kiedy zostan\u0105 spe\u0142nione, on dotrzyma s\u0142owa. W ka\u017cdym razie nigdy nie wykaza\u0142 najmniejszego gestu wskazuj\u0105cego, \u017ce tego nie uczyni. Gospodarz miasta obra\u0142 polityk\u0119 oferowania muzu\u0142manom dogodnych lokalizacji na rzecz ich dzia\u0142alno\u015bci.<\/p>\r\n<p>Anthony Borr\u00c3\u00a9 podsumowywa\u0142: \u201emer napotka\u0142 problemy z modlitwami ulicznymi i uwa\u017ca, \u017ce nale\u017cy po\u0142o\u017cy\u0107 temu kres, poniewa\u017c jest to niegodne. (&#8230;) Mer znalaz\u0142 rozwi\u0105zanie problemu. Z jednej strony muzu\u0142manie maj\u0105 miejsce do modlitwy, z drugiej strony mieszka\u0144cy Nicei b\u00e1\u00ba\u00b9d\u0105 mniej niepokojeni na ulicy, ka\u017cdy znajdzie co\u015b dla siebie\u201d &#8211; przekonywa\u0142 Borr\u00c3\u00a9. Nie ma zatem powodu, aby zaprzecza\u0107 istnieniu projektu budowy Wielkiego Meczetu na r\u00f3wninie Var.<\/p>\r\n<p><strong><em>Franciszek L. \u00c4\u2020wik<\/em><\/strong><\/p>","protected":false},"excerpt":{"rendered":"Sprawa budowy muzu\u0142ma\u0144skiej \u015bwi\u0105tyni na terenie du\u017cego francuskiego miasta sta\u0142a si\u0119 przedmiotem polemiki dw\u00f3ch politycznych rywali w kampanii wyborczej. Reprezentant prawicy zapewne wola\u0142by si\u0119 w tej sprawie myli\u0107, jednak dziennikarze udowodnili, \u017ce to on m\u00f3wi prawd\u0119. W zbli\u017caj\u0105cych si\u00e1\u00ba\u00b9 wyborach lokalnych o obsadzenie najwazniejszego fotela w ratuszu Nicei ubiega si\u0119 dw\u00f3ch najpowa\u017cniejszych kandydat\u00f3w: obecny mer, [&hellip;]","protected":false},"author":1,"featured_media":0,"comment_status":"closed","ping_status":"closed","sticky":false,"template":"","format":"standard","meta":{"_acf_changed":false,"_monsterinsights_skip_tracking":false,"_monsterinsights_sitenote_active":false,"_monsterinsights_sitenote_note":"","_monsterinsights_sitenote_category":0,"ngg_post_thumbnail":0,"footnotes":"","_wp_rev_ctl_limit":""},"categories":[6],"tags":[191,70],"acf":[],"_links":{"self":[{"href":"https:\/\/www.bibula.com\/index.php?rest_route=\/wp\/v2\/posts\/112439"}],"collection":[{"href":"https:\/\/www.bibula.com\/index.php?rest_route=\/wp\/v2\/posts"}],"about":[{"href":"https:\/\/www.bibula.com\/index.php?rest_route=\/wp\/v2\/types\/post"}],"author":[{"embeddable":true,"href":"https:\/\/www.bibula.com\/index.php?rest_route=\/wp\/v2\/users\/1"}],"replies":[{"embeddable":true,"href":"https:\/\/www.bibula.com\/index.php?rest_route=%2Fwp%2Fv2%2Fcomments&post=112439"}],"version-history":[{"count":0,"href":"https:\/\/www.bibula.com\/index.php?rest_route=\/wp\/v2\/posts\/112439\/revisions"}],"wp:attachment":[{"href":"https:\/\/www.bibula.com\/index.php?rest_route=%2Fwp%2Fv2%2Fmedia&parent=112439"}],"wp:term":[{"taxonomy":"category","embeddable":true,"href":"https:\/\/www.bibula.com\/index.php?rest_route=%2Fwp%2Fv2%2Fcategories&post=112439"},{"taxonomy":"post_tag","embeddable":true,"href":"https:\/\/www.bibula.com\/index.php?rest_route=%2Fwp%2Fv2%2Ftags&post=112439"}],"curies":[{"name":"wp","href":"https:\/\/api.w.org\/{rel}","templated":true}]}}