{"id":112416,"date":"2020-03-06T15:42:21","date_gmt":"2020-03-06T20:42:21","guid":{"rendered":"http:\/\/www.bibula.com\/?p=112416"},"modified":"2020-03-06T15:42:21","modified_gmt":"2020-03-06T20:42:21","slug":"wbrew-zapowiedziom-prezydent-od-4-lat-nie-odebral-grossowi-orderu-zaslugi","status":"publish","type":"post","link":"https:\/\/www.bibula.com\/?p=112416","title":{"rendered":"Wbrew zapowiedziom prezydent od 4 lat nie odebra\u0142 Grossowi Orderu Zas\u0142ugi"},"content":{"rendered":"<p><strong>Mimo g\u0142o\u015bnych zapowiedzi, prezydent Andrzej Duda do tej pory nie odebra\u0142 Janowi T. Grossowi Krzy\u017ca Komandorskiego Orderu Zas\u0142ugi RP. Od ponad 4 lat sprawa stoi w miejscu. Kancelaria Prezydenta zas\u0142ania si\u0119 brakiem stosownej opinii z MSZ, o kt\u00f3r\u0105 wnioskowano w 2016 roku.<\/strong><\/p>\r\n<p>Jesieni\u0105 2015 roku <a href=\"https:\/\/kresy.pl\/wydarzenia\/jan-tomasz-gross-straci-order\/\">Kancelaria Prezydenta informowa\u0142a<\/a>, \u017ce w odpowiedzi na na kilka petycji zajmuje si\u0119 spraw\u0105 dotycz\u0105c\u0105 odebrania znanemu antypolskiemu publicy\u015bcie, Janowi Tomaszowi Grossowi, Krzy\u017ca Komandorskiego Orderu Zas\u0142ugi RP. Zosta\u0142 nim odznaczony w 1996 roku przez \u00f3wczesnego prezydenta Polski, Aleksandra Kwa\u015bniewskiego, na wniosek ministra spraw zagranicznych, \u201eza osi\u0105gni\u0119cia naukowe\u201d.<\/p>\r\n<p>Odebranie wysokiego odznaczenia pa\u0144stwowego umo\u017cliwia zapis w ustawie o orderach i odznaczeniach, kt\u00f3ry stanowi, \u017ce je\u015bli \u201eodznaczony dopu\u015bci\u0142 si\u0119 czynu, wskutek kt\u00f3rego sta\u0142 si\u0119 niegodny orderu lub odznaczenia\u201d, to mo\u017cna taki honor odebra\u0107. Przypomnijmy, \u017ce Jan Tomasz Gross zdoby\u0142 s\u0142aw\u0119 dzi\u0119ki publikacjom i wyst\u0105pieniom, w kt\u00f3rych oskar\u017ca\u0142 Polak\u00f3w o udzia\u0142 w ludob\u00f3jstwie \u017byd\u00f3w.<\/p>\r\n<p><a href=\"https:\/\/kresy.pl\/wydarzenia\/prezydent-duda-chce-odebrac-order-janowi-tomaszowi-grossowi\/\">W lutym 2016 roku potwierdzono<\/a>, \u017ce miesi\u0105c wcze\u015bniej prezydent Andrzej Duda poprosi\u0142 MSZ o opini\u0119 w sprawie odebrania Grossowi odznaczenia, a do Ministerstwa Spraw Zagranicznych wp\u0142yn\u0119\u0142o stosowne pismo od KPRP. <a href=\"https:\/\/kresy.pl\/wydarzenia\/pro-zydowscy-aktywisci-apeluja-by-prezydent-nie-odbieral-janowi-tomaszowi-grossowi-orderu\/\">Informacje na ten temat wywo\u0142a\u0142y sprzeciw \u015brodowisk lewicowo-liberalnych oraz pro\u017cydowskich<\/a>. Ameryka\u0144ski historyk Timothy Snyder zapowiada\u0142, \u017ce <a href=\"https:\/\/kresy.pl\/wydarzenia\/timothy-snyder-jesli-gross-straci-odznaczenie-zwroce-swoje\/\">je\u015bli Gross straci odznaczenie, to on zwr\u00f3ci swoje<\/a>, a <a href=\"https:\/\/kresy.pl\/wydarzenia\/francuscy-naukowy-gross-wniosl-zasadniczy-wklad-do-krytycznego-spojrzenia-polakow-na-swoja-przeszlosc\/\">kilkudziesi\u0119ciu francuskich naukowc\u00f3w wystosowa\u0142o nawet list w obronie antypolskiego badacza<\/a>.<\/p>\r\n<p>Od tamtego czasu min\u0119\u0142y ju\u017c ponad 4 lata. Na pocz\u0105tku lutego tego roku sprawa w pewnym stopniu ponownie zaistnia\u0142a medialnie, jednak za spraw\u0105 portali, kt\u00f3re mylnie podawa\u0142y stare informacje z 2016 roku jako bie\u017c\u0105ce newsy. By\u0142y one nast\u0119pnie promowane w mediach spo\u0142eczno\u015bciowych, a niekt\u00f3rzy przypuszczali, \u017ce mo\u017ce w kancelarii prezydenta przypomniano sobie o sprawie w zwi\u0105zku z kampani\u0105 wyborcz\u0105.<\/p>\r\n<blockquote class=\"twitter-tweet\">\r\n<p dir=\"ltr\" lang=\"pl\">Prezydent Duda rozwa\u017ca odebranie Janowi Tomaszowi Grossowi pa\u0144stwowego odznaczenia &#8211; Krzy\u017ca Kawalerskiego Orderu Zas\u0142ugi RP! <a href=\"https:\/\/t.co\/jMCWypsNR2\">https:\/\/t.co\/jMCWypsNR2<\/a> <br>\r\nWreszcie jaki\u015b sprawiedliwy! Jeszcze ekshumacja w Jedwabnym.<\/p>\r\n\r\n\u201d\u201d Marek Jakubiak&#x1f4af;&#x1f1f5;&#x1f1f1; (@jakubiak_marek) <a href=\"https:\/\/twitter.com\/jakubiak_marek\/status\/1227499249203478528?ref_src=twsrc%5Etfw\">February 12, 2020<\/a><\/blockquote>\r\n<p><script async=\"\" src=\"https:\/\/platform.twitter.com\/widgets.js\" charset=\"utf-8\"><\/script><\/p>\r\n<p>Portal Kresy.pl w lutym zwr\u00f3ci\u0142 si\u0119 do Kancelarii Prezydenta RP z zapytaniem, jak przedstawia si\u0119 obecnie sytuacja dotycz\u0105ca odebrania Janowi T. Grossowi Krzy\u017ca Kawalerskiego Orderu Zas\u0142ugi RP. Zapytali\u015bmy m.in., jak MSZ ustosunkowa\u0142 si\u0119 do pro\u015bby prezydenta i dlaczego od 4 lat nie ma \u017cadnych oficjalnych komunikat\u00f3w w rzeczonej sprawie.<\/p>\r\n<p>W pi\u0105tek 6 marca otrzymali\u015bmy odpowied\u017a. Przyznano w niej, \u017ce cztery lata temu \u201eSzef Kancelarii Prezydenta Rzeczypospolitej Polskiej zwr\u00f3ci\u0142 si\u0119 do Ministra Spraw Zagranicznych, jako ustawowego wnioskodawcy uprawnionego do wyst\u0105pienia z formalnym wnioskiem o pozbawienie orderu, o zaj\u0119cie stanowiska w sprawie pozbawienia Pana Jana Tomasza Grossa Krzy\u017ca Kawalerskiego Orderu Zas\u0142ugi Rzeczypospolitej Polskiej\u201d. W pi\u015bmie przypomniano, \u017ce z godnie z tre\u015bci\u0105 ustawy o orderach i odznaczeniach, Prezydent RP \u201emo\u017ce podj\u0105\u0107 decyzj\u0119 o pozbawieniu orderu z w\u0142asnej inicjatywy po zasi\u0119gni\u0119ciu opinii wnioskodawcy &#8211; zatem w przedmiotowej sprawie po zasi\u0119gni\u0119ciu opinii Ministra Spraw Zagranicznych\u201d.<\/p>\r\n<p><strong>\u201eDo Kancelarii Prezydenta Rzeczypospolitej Polskiej nie wp\u0142yn\u0119\u0142a dotychczas odpowied\u017a Ministerstwa Spraw Zagranicznych w przedmiotowej sprawie\u201d<\/strong> &#8211; pisze biuro prasowe KPRP. Odnosz\u0105c si \u0119 do pytania o brak od 2016 roku jakichkolwiek oficjalnych informacji w tej sprawie o\u015bwiadczono, \u017ce wszelkie komunikaty publikowane s\u0105 niezw\u0142ocznie po podj\u0119ciu decyzji przez Prezydenta RP. <strong>\u201eNie opisujemy spraw kt\u00f3re nie zosta\u0142y zako\u0144czone\u201d<\/strong> &#8211; zaznaczono.<\/p>\r\n<p>Portal Kresy.pl wys\u0142a\u0142 w zwi\u0105zku z t\u0105 odpowiedzi\u0105 zapytanie do MSZ.<\/p>\r\n<p>Jan Tomasz Gross swoimi pracami rozpocz\u0105\u0142 dyskusj\u0119 na temat rzekomego zaanga\u017cowania Polak\u00f3w w zbrodnie na \u017bydach w trakcie II Wojny \u015awiatowej. Stosowana przez niego metodologia jest cz\u0119sto krytykowana przez historyk\u00f3w &#8211; Grossowi zdarza\u0142o si\u0119 opiera\u0107 na trudnych do weryfikacji relacjach ustnych, tak\u017ce \u015bwiadk\u00f3w o w\u0105tpliwej wiarygodno\u015bci. Szerokie oburzenie spo\u0142eczne wywo\u0142a\u0142y jego s\u0142owa z jesieni 2015 roku, gdy w niemieckim \u201eDie Welt\u201d napisa\u0142, \u017ce podczas wojny Polacy zabili wi\u0119cej \u017byd\u00f3w ni\u017c Niemc\u00f3w.<\/p>\r\n<ul>\r\n\t<li>Przeczytaj: <a href=\"https:\/\/kresy.pl\/wydarzenia\/gross-polacy-zabili-dziesiatki-tysiecy-zydow-ponownie-idziemy-w-strone-autorytaryzmu\/\">Gross: Polacy zabili dziesi\u0105tki tysi\u0119cy \u017byd\u00f3w, ponownie idziemy w stron\u0119 autorytaryzmu <\/a><\/li>\r\n<\/ul>\r\n<p><strong>Kresy.pl<\/strong><\/p>","protected":false},"excerpt":{"rendered":"Mimo g\u0142o\u015bnych zapowiedzi, prezydent Andrzej Duda do tej pory nie odebra\u0142 Janowi T. Grossowi Krzy\u017ca Komandorskiego Orderu Zas\u0142ugi RP. Od ponad 4 lat sprawa stoi w miejscu. Kancelaria Prezydenta zas\u0142ania si\u0119 brakiem stosownej opinii z MSZ, o kt\u00f3r\u0105 wnioskowano w 2016 roku. Jesieni\u0105 2015 roku Kancelaria Prezydenta informowa\u0142a, \u017ce w odpowiedzi na na kilka petycji [&hellip;]","protected":false},"author":1,"featured_media":0,"comment_status":"closed","ping_status":"closed","sticky":false,"template":"","format":"standard","meta":{"_acf_changed":false,"_monsterinsights_skip_tracking":false,"_monsterinsights_sitenote_active":false,"_monsterinsights_sitenote_note":"","_monsterinsights_sitenote_category":0,"ngg_post_thumbnail":0,"footnotes":"","_wp_rev_ctl_limit":""},"categories":[8],"tags":[349,65,98,53],"acf":[],"_links":{"self":[{"href":"https:\/\/www.bibula.com\/index.php?rest_route=\/wp\/v2\/posts\/112416"}],"collection":[{"href":"https:\/\/www.bibula.com\/index.php?rest_route=\/wp\/v2\/posts"}],"about":[{"href":"https:\/\/www.bibula.com\/index.php?rest_route=\/wp\/v2\/types\/post"}],"author":[{"embeddable":true,"href":"https:\/\/www.bibula.com\/index.php?rest_route=\/wp\/v2\/users\/1"}],"replies":[{"embeddable":true,"href":"https:\/\/www.bibula.com\/index.php?rest_route=%2Fwp%2Fv2%2Fcomments&post=112416"}],"version-history":[{"count":0,"href":"https:\/\/www.bibula.com\/index.php?rest_route=\/wp\/v2\/posts\/112416\/revisions"}],"wp:attachment":[{"href":"https:\/\/www.bibula.com\/index.php?rest_route=%2Fwp%2Fv2%2Fmedia&parent=112416"}],"wp:term":[{"taxonomy":"category","embeddable":true,"href":"https:\/\/www.bibula.com\/index.php?rest_route=%2Fwp%2Fv2%2Fcategories&post=112416"},{"taxonomy":"post_tag","embeddable":true,"href":"https:\/\/www.bibula.com\/index.php?rest_route=%2Fwp%2Fv2%2Ftags&post=112416"}],"curies":[{"name":"wp","href":"https:\/\/api.w.org\/{rel}","templated":true}]}}