{"id":112398,"date":"2020-03-06T10:13:30","date_gmt":"2020-03-06T15:13:30","guid":{"rendered":"http:\/\/www.bibula.com\/?p=112398"},"modified":"2020-03-06T10:13:30","modified_gmt":"2020-03-06T15:13:30","slug":"klamstwa-prezydenta-w-radiu-maryja-winnicki-gasi-dude","status":"publish","type":"post","link":"https:\/\/www.bibula.com\/?p=112398","title":{"rendered":"K\u0142amstwa prezydenta w Radiu Maryja. Winnicki gasi Dud\u0119"},"content":{"rendered":"<p>Nie milkn\u0105 echa <a href=\"https:\/\/nczas.com\/2020\/03\/06\/prezydent-duda-klamie-na-antenie-radia-maryja-jaka-jest-prawda-video\/\" data-wpel-link=\"internal\"><strong><span style=\"text-decoration: underline;\">rozmowy prezydenta Andrzeja Dudy w \u201eRozmowach niedoko\u0144czonych\u201d w Radiu Maryja<\/span><\/strong><\/a>. Pose\u0142 Robert Winnicki ostro skrytykowa\u0142 wypowiedzi Dudy, obna\u017caj\u0105c hipokryzj\u0119 najwy\u017cszego urz\u0119dnika w pa\u0144stwie.<\/p>\r\n<p>Winnicki nie szcz\u0119dzi\u0142 Dudzie krytyki. Inna sprawa, \u017ce by\u0142a ona ca\u0142kowicie s\u0142uszna. Prezydent bowiem bajdurzy\u0142 niczym Andersen.<\/p>\r\n<h4>K\u0142amstwa prezydenta Dudy<\/h4>\r\n<p>&#8211; <em>Trzeba chroni\u0107 dzieci przed szkodliwymi ideologiami. Nale\u017cy chroni\u0107 dzieci przed tre\u015bciami, kt\u00f3re s\u0105 po prostu kuriozalne. Mamy swoj\u0105 tradycj\u0119 w Polsce i to jest tradycja wyros\u0142a na pniu chrze\u015bcija\u0144skim<\/em> &#8211; przekonywa\u0142 prezydent Andrzej Duda.<\/p>\r\n<p>&#8211; <em>A czy pad\u0142o pytanie o rozwa\u017cane przez prezydenta poparcie dla zwi\u0105zk\u00f3w partnerskich? Czy te\u017c w katolickich mediach nie uznano za stosowne zadawa\u0107 niewygodnych pyta\u0144 prezydentowi, kt\u00f3ry przez 5 lat mia\u0142 tyle samo konserwatywnych inicjatyw legislacyjnych co Komorowski &#8211; 0?<\/em> &#8211; zauwa\u017cy\u0142 pose\u0142 Robert Winnicki.<\/p>\r\n<p>Odni\u00f3s\u0142 si\u0119 tak\u017ce do k\u0142amliwej tezy, jakoby prezydent uwa\u017ca\u0142 ma\u0142\u017ce\u0144stwo za \u201ezwi\u0105zek kobiety i m\u0119\u017cczyzny\u201d.<\/p>\r\n<p>&#8211; <em>Tak jest napisane w konstytucji i tak\u0105 rodzin\u0119 powinno wspiera\u0107 polskie pa\u0144stwo. Nie dopuszczam tutaj mo\u017cliwo\u015bci jakiejkolwiek zmiany<\/em> &#8211; sk\u0142ama\u0142 Duda.<\/p>\r\n<p>&#8211; <em>\u201eJako prezydent podpisanie takiej ustawy powa\u017cnie bym rozwa\u017cy\u0142\u201d &#8211; #Duda o zwi\u0105zkach partnerskich przed miesi\u0105cem. Kt\u00f3ry@AndrzejDuda jest prawdziwy?<\/em> &#8211; zapyta\u0142 Winnicki.<\/p>\r\n<h4>K\u0142amstwo o ochronie \u017cycia<\/h4>\r\n<p>Odni\u00f3s\u0142 si\u0119 tak\u017ce do k\u0142amliwej deklaracji prezydenta, jakoby by\u0142 za \u017cyciem.<\/p>\r\n<p>&#8211; <em>I w zwi\u0105zku z tym nie zrobi\u0142em NIC \u017ceby wesprze\u0107 projekty #StopAborcji, #ZatrzymajAborcj\u0119, nie zg\u0142osi\u0142em w\u0142asnego, nie skierowa\u0142em do Marsza\u0142ka Sejmu ani szefowej Trybuna\u0142u Konstytucyjnego pism o rozpatrzenie projekt\u00f3w obywatelskich lub poselskich. 5 lat zmarnowane<\/em> &#8211; podsumowa\u0142.<\/p>\r\n<p>Przypominamy tak\u017ce, \u017ce prezydent Duda nie by\u0142 \u201ezawsze\u201d za \u017cyciem. Przed poprzednimi wyborami prezydenckimi by\u0142 &#8211; podobnie jak premier Mateusz Morawiecki &#8211; za prawem do mordowania dzieci nienarodzonych.<\/p>\r\n<p>&#8211; <em>Roztropny i przewiduj\u0105cy polityk musi jednak bra\u0107 pod uwag\u0119 r\u00f3wnie\u017c niebezpiecze\u0144stwo, \u017ce zmiana obowi\u0105zuj\u0105cej ustawy zaostrzy walk\u0119 o ca\u0142kowit\u0105 liberalizacj\u0119, a w przysz\u0142o\u015bci, w przypadku wyborczego zwyci\u0119stwa liberalnej lewicy, czego przecie\u017c wykluczy\u0107 nie mo\u017cna, doprowadzi do przyj\u0119cia nowych regulacji przez zwolennik\u00f3w tzw. aborcji z przyczyn spo\u0142ecznych<\/em> &#8211; m\u00f3wi\u0142 Duda w wywiadzie <a href=\"https:\/\/www.gosc.pl\/doc\/2276434.Bronimy-demokracji\/3\" rel=\"nofollow external noopener noreferrer\" data-wpel-link=\"external\"><strong>pt. \u201eBronimy demokracji\u201d w propisowskim tygodniku udaj\u0105cym katolicki \u201eGo\u015b\u0107 Niedzielny\u201d<\/strong><\/a>. Redakcja w\u00f3wczas tak\u017ce nie dopyta\u0142a o t\u0119 spraw\u0119.<\/p>\r\n<p>Smutne, \u017ce ojcowie redemptory\u015bci postanowili w\u0142\u0105czy\u0107 si\u0119 w medialn\u0105 kampani\u0119 wyborcz\u0105, zamiast rzeczywi\u015bcie zapyta\u0107 o rzeczy wa\u017cne i dopyta\u0107 o istotne szczeg\u00f3\u0142y czy rozbie\u017cno\u015bci deklaracji z dzia\u0142aniem.<\/p>\r\n<blockquote class=\"twitter-tweet\">\r\n<p>A czy pad\u0142o pytanie o rozwa\u017cane przez prezydenta poparcie dla zwi\u0105zk\u00f3w partnerskich? Czy te\u017c w katolickich mediach nie uznano za stosowne zadawa\u0107 niewygodnych pyta\u0144 prezydentowi, kt\u00f3ry przez 5 lat mia\u0142 tyle samo konserwatywnych inicjatyw legislacyjnych co Komorowski &#8211; 0? <a href=\"https:\/\/t.co\/KafZjI2d2e\">https:\/\/t.co\/KafZjI2d2e<\/a><\/p>\r\n\r\n\u201d\u201d Robert Winnicki (@RobertWinnicki) <a href=\"https:\/\/twitter.com\/RobertWinnicki\/status\/1235818349461831680?ref_src=twsrc%5Etfw\">March 6, 2020<\/a><\/blockquote>\r\n<p><script async=\"\" src=\"https:\/\/platform.twitter.com\/widgets.js\" charset=\"utf-8\"><\/script><\/p>\r\n<blockquote class=\"twitter-tweet\">\r\n<p>\u201ejako prezydent podpisanie takiej ustawy powa\u017cnie bym rozwa\u017cy\u0142\u201d &#8211; <a href=\"https:\/\/twitter.com\/hashtag\/Duda?src=hash&amp;ref_src=twsrc%5Etfw\">#Duda<\/a> o zwi\u0105zkach partnerskich przed miesi\u0105cem.<br>\r\n<br>\r\nKt\u00f3ry <a href=\"https:\/\/twitter.com\/AndrzejDuda?ref_src=twsrc%5Etfw\">@AndrzejDuda<\/a> jest prawdziwy? \u0179aden. Kolejny \u201ecz\u0142owiek z PR-u\u201d. 5 lat prezydentury pod k\u0105tem postulat\u00f3w chrze\u015bcija\u0144skich-wielkie nic, powt\u00f3rka z Komorowskiego. <a href=\"https:\/\/t.co\/rExtuzh5kO\">https:\/\/t.co\/rExtuzh5kO<\/a><\/p>\r\n\r\n\u201d\u201d Robert Winnicki (@RobertWinnicki) <a href=\"https:\/\/twitter.com\/RobertWinnicki\/status\/1235827857382752257?ref_src=twsrc%5Etfw\">March 6, 2020<\/a><\/blockquote>\r\n<p><script async=\"\" src=\"https:\/\/platform.twitter.com\/widgets.js\" charset=\"utf-8\"><\/script><\/p>\r\n<blockquote class=\"twitter-tweet\">\r\n<p>.<a href=\"https:\/\/twitter.com\/AndrzejDuda?ref_src=twsrc%5Etfw\">@AndrzejDuda<\/a>:I w zwi\u0105zku z tym nie zrobi\u0142em NIC \u017ceby wesprze\u0107 projekty <a href=\"https:\/\/twitter.com\/hashtag\/StopAborcji?src=hash&amp;ref_src=twsrc%5Etfw\">#StopAborcji<\/a>, <a href=\"https:\/\/twitter.com\/hashtag\/ZatrzymajAborcj%C4%99?src=hash&amp;ref_src=twsrc%5Etfw\">#ZatrzymajAborcj\u0119<\/a>, nie zg\u0142osi\u0142em w\u0142asnego, nie skierowa\u0142em do Marsza\u0142ka Sejmu ani szefowej Trybuna\u0142u Konstytucyjnego pism o rozpatrzenie projekt\u00f3w obywatelskich lub poselskich.<br>\r\n5 lat zmarnowane. <a href=\"https:\/\/t.co\/kg3fojmapk\">https:\/\/t.co\/kg3fojmapk<\/a><\/p>\r\n\r\n\u201d\u201d Robert Winnicki (@RobertWinnicki) <a href=\"https:\/\/twitter.com\/RobertWinnicki\/status\/1235879357467549696?ref_src=twsrc%5Etfw\">March 6, 2020<\/a><\/blockquote>\r\n<p><script async=\"\" src=\"https:\/\/platform.twitter.com\/widgets.js\" charset=\"utf-8\"><\/script><\/p>\r\n<p class=\"zrodlo\">Za: <a href=\"https:\/\/nczas.com\/2020\/03\/06\/klamstwa-prezydenta-w-radiu-maryja-winnicki-gasi-dude\/\">Najwy\u017cszy Czas! (<time class=\"entry-date updated td-module-date\">06\/03\/2020)<\/time><\/a><\/p>\r\n<h4>&nbsp;<\/h4>\r\n<hr style=\"background-color: #000000; border-width: 0; color: #000000; height: 2px; line-height: 0; text-align: center; width: 100%;\">\r\n<h4>&nbsp;<\/h4>\r\n<h2>Prezydent Duda zadeklarowa\u0142 podpis pod ustaw\u0105 antyaborcyjn\u0105. A co z inicjatyw\u0105 ustawodawcz\u0105?<\/h2>\r\n<p><strong><em>Je\u017celi do mnie przyjdzie ustawa, kt\u00f3ra zabrania aborcji z przyczyn eugenicznych, kt\u00f3ra w zwi\u0105zku z tym m\u0105drze ogranicza mo\u017cliwo\u015b\u0107 realizowania aborcji, to ja tak\u0105 ustaw\u0119 z ca\u0142\u0105 pewno\u015bci\u0105 podpisz\u0119<\/em> &#8211; zadeklarowa\u0142 prezydent Andrzej Duda w rozmowie z TV Trwam.<\/strong><\/p>\r\n<p>W Polsce &#8211; mimo podj\u0119cia w ostatnich latach pr\u00f3b zwi\u0119kszenia prawnej ochrony \u017cycia &#8211; wci\u0105\u017c obowi\u0105zuje tzw. kompromis aborcyjny, kt\u00f3ry pozwala na zabicie dziecka w \u0142onie matki w trzech przypadkach. Aktualnie w Sejmie na rozpatrzenie czeka obywatelski projekt ustawy znosz\u0105cej tzw. aborcyjn\u0105 przes\u0142ank\u0119 eugeniczn\u0105.<\/p>\r\n<p>Goszcz\u0105cy w TV Trwam prezydent Andrzej Duda pytany o kwesti\u0119 ochrony \u017cycia po raz kolejny zapewni\u0142, \u017ce podpisze ustaw\u0119 zabraniaj\u0105c\u0105 aborcji z przes\u0142anek eugenicznych.<\/p>\r\n<p>&#8211; <em>Zawsze m\u00f3wi\u0142em, \u017ce jestem absolutnie za \u017cyciem. Nigdy tego nie ukrywa\u0142em i zawsze to deklarowa\u0142em. Powiedzia\u0142em, \u017ce je\u017celi do mnie przyjdzie ustawa, kt\u00f3ra zabrania aborcji z przyczyn eugenicznych, kt\u00f3ra w zwi\u0105zku z tym m\u0105drze ogranicza mo\u017cliwo\u015b\u0107 realizowania aborcji, to ja tak\u0105 ustaw\u0119 z ca\u0142\u0105 pewno\u015bci\u0105 podpisz\u0119. To by\u0142a moja deklaracja zawsze i w tym zakresie zdania nie zmieniam. Nadal to zdanie w ca\u0142o\u015bci podtrzymuj\u0119. Je\u017celi pos\u0142owie tak\u0105 ustaw\u0119 wypracuj\u0105, je\u017celi ona przyjdzie, na pewno nie spotka si\u0119 z prezydenckim vetem czy jak\u0105\u015b inn\u0105 pr\u00f3b\u0105 ograniczenia mo\u017cliwo\u015bci wej\u015bcia w \u017cycie tej ustawy<\/em> &#8211; powiedzia\u0142 prezydent.<\/p>\r\n<p>Warto przypomnie\u0107, \u017ce Prezydent RP mo\u017ce wyj\u015b\u0107 do Sejmu RP z inicjatyw\u0105 ustawodawcz\u0105. P\u00f3ki co &#8211; w kwestii obrony \u017cycia &#8211; Andrzej Duda z takiego rozwi\u0105zania nie skorzysta\u0142. Nie zdecydowa\u0142 si\u0119 tak\u017ce na realn\u0105 form\u0119 nacisku na parlament, by uchwali\u0142 stosowne rozwi\u0105zania. A przecie\u017c m\u00f3g\u0142by np. zagrozi\u0107 wetowaniem wszystkich ustaw do czasu poprawy prawnych standard\u00f3w ochrony \u017cycia.<\/p>\r\n<p>Spraw\u0105 likwidacji przes\u0142anki eugenicznej zajmuje si\u0119 nie tylko Sejm RP, bowiem grupa pos\u0142\u00f3w skierowa\u0142a do Trybuna\u0142u Konstytucyjnego wniosek o zbadanie konstytucyjno\u015bci tego zapisu. Prace trwaj\u0105, ale termin posiedzenia dot\u0105d nie zosta\u0142 wyznaczony.<\/p>\r\n<p>\u0179r\u00f3d\u0142o: radiomaryja.pl<\/p>\r\n<p>MA<\/p>\r\n<p class=\"zrodlo\">Za: <a href=\"https:\/\/www.pch24.pl\/prezydent-duda-zadeklarowal-podpis-pod-ustawa-antyaborcyjna--a-co-z-inicjatywa-ustawodawcza-,74465,i.html\">PoloniaChristiana &#8211; pch24.pl (2020-03-06) <\/a><\/p>\r\n<h4>&nbsp;<\/h4>\r\n<hr style=\"background-color: #000000; border-width: 0; color: #000000; height: 2px; line-height: 0; text-align: center; width: 100%;\">\r\n<h4>&nbsp;<\/h4>","protected":false},"excerpt":{"rendered":"Nie milkn\u0105 echa rozmowy prezydenta Andrzeja Dudy w \u201eRozmowach niedoko\u0144czonych\u201d w Radiu Maryja. Pose\u0142 Robert Winnicki ostro skrytykowa\u0142 wypowiedzi Dudy, obna\u017caj\u0105c hipokryzj\u0119 najwy\u017cszego urz\u0119dnika w pa\u0144stwie. Winnicki nie szcz\u0119dzi\u0142 Dudzie krytyki. Inna sprawa, \u017ce by\u0142a ona ca\u0142kowicie s\u0142uszna. Prezydent bowiem bajdurzy\u0142 niczym Andersen. K\u0142amstwa prezydenta Dudy &#8211; Trzeba chroni\u0107 dzieci przed szkodliwymi ideologiami. Nale\u017cy chroni\u0107 [&hellip;]","protected":false},"author":1,"featured_media":0,"comment_status":"closed","ping_status":"closed","sticky":false,"template":"","format":"standard","meta":{"_acf_changed":false,"_monsterinsights_skip_tracking":false,"_monsterinsights_sitenote_active":false,"_monsterinsights_sitenote_note":"","_monsterinsights_sitenote_category":0,"ngg_post_thumbnail":0,"footnotes":"","_wp_rev_ctl_limit":""},"categories":[8],"tags":[94,349,26,98,20],"acf":[],"_links":{"self":[{"href":"https:\/\/www.bibula.com\/index.php?rest_route=\/wp\/v2\/posts\/112398"}],"collection":[{"href":"https:\/\/www.bibula.com\/index.php?rest_route=\/wp\/v2\/posts"}],"about":[{"href":"https:\/\/www.bibula.com\/index.php?rest_route=\/wp\/v2\/types\/post"}],"author":[{"embeddable":true,"href":"https:\/\/www.bibula.com\/index.php?rest_route=\/wp\/v2\/users\/1"}],"replies":[{"embeddable":true,"href":"https:\/\/www.bibula.com\/index.php?rest_route=%2Fwp%2Fv2%2Fcomments&post=112398"}],"version-history":[{"count":0,"href":"https:\/\/www.bibula.com\/index.php?rest_route=\/wp\/v2\/posts\/112398\/revisions"}],"wp:attachment":[{"href":"https:\/\/www.bibula.com\/index.php?rest_route=%2Fwp%2Fv2%2Fmedia&parent=112398"}],"wp:term":[{"taxonomy":"category","embeddable":true,"href":"https:\/\/www.bibula.com\/index.php?rest_route=%2Fwp%2Fv2%2Fcategories&post=112398"},{"taxonomy":"post_tag","embeddable":true,"href":"https:\/\/www.bibula.com\/index.php?rest_route=%2Fwp%2Fv2%2Ftags&post=112398"}],"curies":[{"name":"wp","href":"https:\/\/api.w.org\/{rel}","templated":true}]}}