{"id":112380,"date":"2020-03-05T19:14:16","date_gmt":"2020-03-06T00:14:16","guid":{"rendered":"http:\/\/www.bibula.com\/?p=112380"},"modified":"2020-03-05T19:14:16","modified_gmt":"2020-03-06T00:14:16","slug":"duda-gierek-katarzyna-ts","status":"publish","type":"post","link":"https:\/\/www.bibula.com\/?p=112380","title":{"rendered":"Duda-Gierek &#8211; <em>Katarzyna TS<\/em>"},"content":{"rendered":"<p>Nale\u017c\u0119 do pokolenia, kt\u00f3re urodzi\u0142o si\u0119 w czasach, gdy pierwszym sekretarzem KC PZPR by\u0142 Edward Gierek. By\u0142y to czasy komunistycznej propagandy sukcesu, wed\u0142ug kt\u00f3rej Polska ros\u0142a w si\u0142\u0119, a ludziom \u017cy\u0142o si\u0119 dostatniej. Gierek by\u0142 wsz\u0119dzie. W fabrykach, w chlewniach, w oborach, w zak\u0142adzie uzdatniania wody pitnej, gdzie pi\u0142 wod\u0119 ze szklanki i na nowym osiedlu, gdzie chodzi\u0142 wok\u00f3\u0142 bloku. \u201eDziennik Telewizyjny\u201d relacjonowa\u0142 te wizyty gospodarskie, kt\u00f3re mia\u0142y przekona\u0107 lud, \u017ce Polska jest w dobrych r\u0119kach. Pami\u0119tam taki wierszyk: \u201eChcesz cukierka, id\u017a do Gierka. Gierek ma, to ci da\u201d.<\/p>\r\n<p>Sko\u0144czy\u0142o si\u0119 to jednym wielkim krachem, bo ca\u0142y ten gierkowski cud ekonomiczny polega\u0142 na braniu kredyt\u00f3w. Gdy gierkowski cud trafi\u0142 szlag, \u015bpiewa\u0142o si\u0119 tak\u0105 piosenk\u0119: \u201eWsi\u0105\u015b\u0107 do poci\u0105gu byle jakiego, nie dba\u0107 o szynk\u0119 z komercyjnego. \u015aciskaj\u0105c w r\u0119ku kartki na cukier, patrze\u0107 jak Gierek ma wszystko w dupie\u201d. Pami\u0119tam, jak pyta\u0142am rodzic\u00f3w, kto teraz b\u0119dzie Gierkiem. Dla mnie Gierek to nie by\u0142o nazwisko, tylko funkcja polityczna. S\u0105 pa\u0144stwa, kt\u00f3re maj\u0105 prezydent\u00f3w, a w Polsce by\u0142 Gierek. Skoro prezydent zast\u0119puje prezydenta, to Gierek zast\u0119puje Gierka. Tak to wygl\u0105da\u0142o z punktu widzenia ma\u0142ego dziecka.<\/p>\r\n<p>Dlaczego o tym pisz\u0119? Dlatego, \u017ce pytanie o to, kto b\u0119dzie Gierkiem wydaje mi si\u0119 dzi\u015b bardzo aktualne. Gdy zobaczy\u0142am prezydenta Andrzeja Dud\u0119 podpisuj\u0105cego na wiecu wyborczym ustaw\u0119 o 13-tej emeryturze, machn\u0119\u0142am r\u0119ka, bo wiadomo &#8211; kampania wyborcza, wi\u0119c, jak mawia\u0142 Nikodem Dyzma, troch\u0119 pucu nie zaszkodzi. Nie moje ma\u0142py, nie m\u00f3j cyrk. Ale gdy zobaczy\u0142am, jak prezydent Duda podpisuje nowelizacj\u0119 ustawy o transporcie kolejowym na peronie dworca w Ko\u0144skich, przypomnia\u0142 mi si\u0119 Gierek. Nic na to nie poradz\u0119, ale takie w\u0142a\u015bnie mam skojarzenia. S\u0105 wizyty gospodarskie? S\u0105. Jest propaganda sukcesu? Jest. S\u0105 zapewnienia, \u017ce Polska ro\u015bnie w si\u0142\u0119, a ludziom \u017cyje si\u0119 dostatniej? S\u0105. I do kompletu uroczyste podpisanie ustawy na dworcu. Na pytanie, kto zosta\u0142 Gierkiem, odpowied\u017a brzmi: Andrzej Duda.<\/p>\r\n<p><span class=\"pullquote\"><!-- ...Mam ju\u017c do\u015b\u0107 obrazk\u00f3w z prezydentem w fabryce, na dworcu, w sklepie ... Nie wierz\u0119 politykom, kt\u00f3rzy karmi\u0105 mnie propagand\u0105 sukcesu... --><\/span><\/p>\r\n<p>Zapewne zaraz us\u0142ysz\u0119 zarzuty od fan\u00f3w Prawa i Sprawiedliwo\u015bci, \u017ce wy\u015bmiewam si\u0119 z prezydenta i krytykuj\u0119 go niczym zwolennicy PO. Nie. Nie wy\u015bmiewam si\u0119. Po prostu informuje Szanownych Czytelnik\u00f3w, jak podzia\u0142a\u0142 na mnie widok PAD na dworcu w Ko\u0144skich. I my\u015bl\u0119, \u017ce tak samo podzia\u0142a\u0142 na wiele os\u00f3b pami\u0119taj\u0105cych czasy PRL. Ale trzeba pami\u0119ta\u0107, \u017ce Gierek nie jest dla wi\u0119kszo\u015bci Polak\u00f3w wspomnieniem odstraszaj\u0105cym. Wprost przeciwnie. Polacy nie kojarz\u0105 Gierka \u017ale. Za jego czas\u00f3w w siermi\u0119\u017cnej, komunistycznej Polsce pojawi\u0142y si\u0119 takie cuda jak banany i Coca-cola. I mo\u017cna by\u0142o kupi\u0107 szynk\u0119 w sklepie. To by\u0142a \u201ez\u0142ota epoka\u201d w czasach komuny. A nad wszystkim czuwa\u0142 Gierek obje\u017cd\u017caj\u0105cy Polsk\u0119 wzd\u0142u\u017c i wszerz. Ta propaganda sukcesu podparta kredytami i niespotykanymi wcze\u015bniej w komunistycznej Polsce dobrami materialnymi do dzi\u015b sprawia, \u017ce Polacy wspominaj\u0105 gierkowsk\u0105 dekad\u0119 raczej dobrze ni\u017c \u017ale. I nie by\u0142aby zdziwiona, gdyby Andrzej Duda \u015bwiadomie i celowo postanowi\u0142 zosta\u0107 Gierkiem, \u017ceby wygra\u0107 wybory.<\/p>\r\n<p>Osobi\u015bcie nie mog\u0119 ju\u017c s\u0142ucha\u0107 tych wszystkich propagandowych przem\u00f3wie\u0144 PAD w stylu \u201ePolska ro\u015bnie w si\u0142\u0119, a ludziom \u017cyje si\u0119 dostatniej\u201d i nie mog\u0119 patrze\u0107 na te wizyty gospodarskie. Co za du\u017co, to nie zdrowo. Mnie ju\u017c si\u0119 ulewa i my\u015bl\u0119, \u017ce nie tylko ja mam ju\u017c do\u015b\u0107 obrazk\u00f3w z prezydentem w fabryce, na dworcu, w sklepie. Rozumiem, \u017ce osoby przychodz\u0105ce na takie spotkanie odbieraj\u0105 wizyty prezydenta jako przejaw szacunku do zwyk\u0142ego cz\u0142owieka. Prezydent prawdopodobnie te\u017c jest przekonany, i\u017c w ten spos\u00f3b okazuje zwyk\u0142ym ludziom szacunek. Ale widz\u0105c takie obrazki, jak ten na dworcu w Ko\u0144skich, mam ochot\u0119 za\u015bpiewa\u0107: \u201eNie wierz\u0119 politykom, nie. Nie wierz\u0119 politykom\u201d. A szczeg\u00f3lnie nie wierz\u0119 politykom, kt\u00f3rzy karmi\u0105 mnie propagand\u0105 sukcesu. Nieustanny sukces jest po prostu niemo\u017cliwy. Prosz\u0119 wi\u0119c nie wciska\u0107 mi kitu, \u017ce od pi\u0119ciu lat mamy sukces za sukcesem, a \u201enad wszystkim czuwa gospodarz domu, nie da on krzywdy zrobi\u0107 nikomu\u201d. Ja tego nie kupuj\u0119. Nie kupuj\u0119 tych gospodarskich wizyt i tego cyrku z podpisywaniem ustaw w plenerze. Jak tak dalej p\u00f3jdzie, to PiS utworzy jaki\u015b Narodowe Centrum Imprez Towarzysz\u0105cych Podpisywaniu Ustaw i b\u0119dziemy utrzymywa\u0107 t\u0119 instytucj\u0119 ze specpodatku od dobrobytu w domu i w zagrodzie.<\/p>\r\n<p>Nie oczekuj\u0119 od prezydenta, \u017ceby sk\u0142ada\u0142 wizyty w zak\u0142adach pracy i odwiedza\u0142 dworce. Oczekuje tego, \u017ceby potrafi\u0142 obroni\u0107 godno\u015b\u0107 Polski zawsze i wsz\u0119dzie. A w przypadku prezydenta Andrzeja Dudy jest z tym kiepsko. Przypomina\u0142am wiele razy i b\u0119d\u0119 przypomina\u0107 o skandalicznym zachowaniu prezydenta Izraela podczas wizyty w Polsce i o tym, \u017ce PAD nie reagowa\u0142 na kalumnie wyg\u0142aszane przez Riwlina. Przypomina\u0142am i b\u0119d\u0119 przypomina\u0107 o tym, \u017ce PAD przeprasza\u0142 \u017byd\u00f3w za Marzec\u201968 i kl\u0119ka\u0142 przed tablic\u0105 na Dworcu Gda\u0144skim. Przypomina\u0142am i b\u0119d\u0119 przypomina\u0107 o haniebnej rejteradzie PiS i PAD z nowelizacji ustawy o IPN pod dyktando \u017byd\u00f3w i Ukrai\u0144c\u00f3w. Upokarzanie Polski zasz\u0142o ju\u017c tak daleko, \u017ce prezydent dok\u0142adaj\u0105cy nawet niewielk\u0105 cegie\u0142k\u0119 do tej pedagogiki wstydu jest dla mnie skre\u015blony. A je\u015bli dla wygrania wybor\u00f3w postanowi\u0142 zosta\u0107 Gierkiem, to tym gorzej. Propaganda sukcesu dzia\u0142a na mnie odstraszaj\u0105co.<\/p>\r\n<p><strong><em>Katarzyna TS<\/em><\/strong><\/p>\r\n<p class=\"podpis_sz\">Je\u015bli podobaj\u0105 si\u0119 Pa\u0144stwu moje felietony i chcieliby\u015bcie wesprze\u0107 moj\u0105 dzia\u0142alno\u015b\u0107 publicystyczn\u0105, mo\u017cecie to zrobi\u0107 dokonuj\u0105c przelewu na poni\u017csze konto PayPal. B\u0119dzie to dla mnie nie tylko wsparcie w wymiarze finansowym, ale r\u00f3wnie\u017c sygna\u0142, \u017ce to, co robi\u0119, jest dla Pa\u0144stwa wa\u017cne i godne uwagi. Z g\u00f3ry dzi\u0119kuj\u0119. Katarzyna Treter-Sierpi\u0144ska https:\/\/www.paypal.me\/katarzynats<\/p>\r\n<p>[\u0179r\u00f3d\u0142o:] <a href=\"https:\/\/wprawo.pl\/katarzyna-ts-duda-gierek\/\">wPrawo.pl (Mar 5, 2020)<\/a><\/p>\r\n<p class=\"zrodlo\">Za: <a href=\"http:\/\/dakowski.pl\/index.php?option=com_content&amp;task=view&amp;id=27323&amp;Itemid=100\">Strona prof. Miros\u0142awa Dakowskiego (05.03.2020)<\/a><\/p>\r\n<h4>&nbsp;<\/h4>\r\n<hr style=\"background-color: #000000; border-width: 0; color: #000000; height: 2px; line-height: 0; text-align: center; width: 100%;\">\r\n<h4>&nbsp;<\/h4>","protected":false},"excerpt":{"rendered":"Nale\u017c\u0119 do pokolenia, kt\u00f3re urodzi\u0142o si\u0119 w czasach, gdy pierwszym sekretarzem KC PZPR by\u0142 Edward Gierek. By\u0142y to czasy komunistycznej propagandy sukcesu, wed\u0142ug kt\u00f3rej Polska ros\u0142a w si\u0142\u0119, a ludziom \u017cy\u0142o si\u0119 dostatniej. Gierek by\u0142 wsz\u0119dzie. W fabrykach, w chlewniach, w oborach, w zak\u0142adzie uzdatniania wody pitnej, gdzie pi\u0142 wod\u0119 ze szklanki i na nowym [&hellip;]","protected":false},"author":1,"featured_media":0,"comment_status":"closed","ping_status":"closed","sticky":false,"template":"","format":"standard","meta":{"_acf_changed":false,"_monsterinsights_skip_tracking":false,"_monsterinsights_sitenote_active":false,"_monsterinsights_sitenote_note":"","_monsterinsights_sitenote_category":0,"ngg_post_thumbnail":0,"footnotes":"","_wp_rev_ctl_limit":""},"categories":[9],"tags":[349,98,20],"acf":[],"_links":{"self":[{"href":"https:\/\/www.bibula.com\/index.php?rest_route=\/wp\/v2\/posts\/112380"}],"collection":[{"href":"https:\/\/www.bibula.com\/index.php?rest_route=\/wp\/v2\/posts"}],"about":[{"href":"https:\/\/www.bibula.com\/index.php?rest_route=\/wp\/v2\/types\/post"}],"author":[{"embeddable":true,"href":"https:\/\/www.bibula.com\/index.php?rest_route=\/wp\/v2\/users\/1"}],"replies":[{"embeddable":true,"href":"https:\/\/www.bibula.com\/index.php?rest_route=%2Fwp%2Fv2%2Fcomments&post=112380"}],"version-history":[{"count":0,"href":"https:\/\/www.bibula.com\/index.php?rest_route=\/wp\/v2\/posts\/112380\/revisions"}],"wp:attachment":[{"href":"https:\/\/www.bibula.com\/index.php?rest_route=%2Fwp%2Fv2%2Fmedia&parent=112380"}],"wp:term":[{"taxonomy":"category","embeddable":true,"href":"https:\/\/www.bibula.com\/index.php?rest_route=%2Fwp%2Fv2%2Fcategories&post=112380"},{"taxonomy":"post_tag","embeddable":true,"href":"https:\/\/www.bibula.com\/index.php?rest_route=%2Fwp%2Fv2%2Ftags&post=112380"}],"curies":[{"name":"wp","href":"https:\/\/api.w.org\/{rel}","templated":true}]}}