{"id":112268,"date":"2020-02-27T12:28:43","date_gmt":"2020-02-27T17:28:43","guid":{"rendered":"http:\/\/www.bibula.com\/?p=112268"},"modified":"2020-02-27T12:28:43","modified_gmt":"2020-02-27T17:28:43","slug":"kard-s-dziwisz-wspomina-bp-j-szkodonia-a-czemu-archidiecezja-krakowska-nie-broni-swego-biskupa","status":"publish","type":"post","link":"https:\/\/www.bibula.com\/?p=112268","title":{"rendered":"Kard. S. Dziwisz wspomina bp. J. Szkodonia. A czemu archidiecezja krakowska nie broni swego biskupa?"},"content":{"rendered":"<p>Kard. Stanis\u0142aw Dziwisz m\u00f3wi\u0142 o bp. Janie Szkodoniu w czasie mszy \u015bw. popielcowej w <a href=\"https:\/\/www.facebook.com\/KatedraWawel\/?__tn__=KH-R&amp;eid=ARA37dlaup6Ey6FdzBXGZe-OCPzsfyC6FESqsBvJ0qYE2ehVb3wEHOziSDKZuUdO7c1QPicTvaslRRad&amp;fref=mentions&amp;__xts__%5B0%5D=68.ARAYGm6QjyYmdlpCyHbKFmyU48vxAfVkdW8ipmSppMPsgDuRemeRRhS3VmCuvs7o-ekceXeDaGOKNxVNdHwX5SPCda6R7hGopTuS7MAUkm_mKAl3DsN63jNGNErebM9Omc82JlFtAg5LRZilyIJmoNCy6lOd75EMLuut1bKEWKmMsKKpLYetaczSSk8ydH8vmXL0CVad862Qu4xWcAPv2XXktzQnAj6KhCZdQ7uWV7q21GvfmmrKF0WngMvZBkxGHs2cNIqTn2OL3Lb8OgIR4fXAZOuLBmMwRE-TesSAfyB9r7WCdoU8bqeg82jpqYnDkry2j7F1HW1r_Hij2bQItPXWj-o\">Katedra na Wawelu<\/a>. Portal <a href=\"https:\/\/www.facebook.com\/portalDEON\/?__tn__=KH-R&amp;eid=ARDVTeyI2sLdAn4lWH5gbkBTh6CF49P4fcykO6LYRKa9DZ3YGUAvK6eGzP3gTh72YUV4MeuqbBWjgMEW&amp;fref=mentions&amp;__xts__%5B0%5D=68.ARAYGm6QjyYmdlpCyHbKFmyU48vxAfVkdW8ipmSppMPsgDuRemeRRhS3VmCuvs7o-ekceXeDaGOKNxVNdHwX5SPCda6R7hGopTuS7MAUkm_mKAl3DsN63jNGNErebM9Omc82JlFtAg5LRZilyIJmoNCy6lOd75EMLuut1bKEWKmMsKKpLYetaczSSk8ydH8vmXL0CVad862Qu4xWcAPv2XXktzQnAj6KhCZdQ7uWV7q21GvfmmrKF0WngMvZBkxGHs2cNIqTn2OL3Lb8OgIR4fXAZOuLBmMwRE-TesSAfyB9r7WCdoU8bqeg82jpqYnDkry2j7F1HW1r_Hij2bQItPXWj-o\">DEON.pl<\/a> to zacytowa\u0142 w swojej relacji <a href=\"https:\/\/deon.pl\/kosciol\/kard-dziwisz-bp-szkodon-ofiarowuje-swoje-cierpienie-i-odosobnienie-za-kosciol-krakowski,771657?fbclid=IwAR22xYWG8RmWSrIHvNVdfhb8MUZbh3IoC8rb0d8MR_VH_0QjxdTETmVgxhg\">https:\/\/deon.pl\/\u2026\/kard-dziwisz-bp-szkodon-ofiarowuje-swoje-\u2026<\/a><\/p>\r\n<p>Natomiast oficjalny portal <a href=\"https:\/\/www.facebook.com\/ArchKrakowska\/?__tn__=KH-R&amp;eid=ARABKHYyLdjkR7YnSreA0hdz8AwmFkjB3uOuJ5nOj8gPNU6RKp6jhQCaq5rjYXCX548PLAEDL6o3NA7Y&amp;fref=mentions&amp;__xts__%5B0%5D=68.ARAYGm6QjyYmdlpCyHbKFmyU48vxAfVkdW8ipmSppMPsgDuRemeRRhS3VmCuvs7o-ekceXeDaGOKNxVNdHwX5SPCda6R7hGopTuS7MAUkm_mKAl3DsN63jNGNErebM9Omc82JlFtAg5LRZilyIJmoNCy6lOd75EMLuut1bKEWKmMsKKpLYetaczSSk8ydH8vmXL0CVad862Qu4xWcAPv2XXktzQnAj6KhCZdQ7uWV7q21GvfmmrKF0WngMvZBkxGHs2cNIqTn2OL3Lb8OgIR4fXAZOuLBmMwRE-TesSAfyB9r7WCdoU8bqeg82jpqYnDkry2j7F1HW1r_Hij2bQItPXWj-o\">Archidiecezja Krakowska<\/a> w swojej, o wiele szerszej, relacji pomin\u0105\u0142 ten fragment homilii Vide: drugi skan. Jednak na drugi dzie\u0144 doda\u0142 jedno zdanie <a href=\"https:\/\/diecezja.pl\/aktualnosci\/kard-stanislaw-dziwisz-wspierajmy-kosciol-szczegolna-modlitwa-i-nasza-osobista-postawa-by-jawil-sie-jako-wiarygodna-wspolnota-uczniow-chrystusa\/?fbclid=IwAR3U9fMzVZ7Tz4_1WuRsS8YTgU7PUIz0aMae4nMBmO0gWs-QSZ3siRp62mM\">https:\/\/diecezja.pl\/\u2026\/kard-stanislaw-dziwisz-wspierajmy-ko\u2026\/<\/a><\/p>\r\n<p>Inna sprawa, \u017ce od chwili wybuchu tej sprawy nie wypowiedzia\u0142 si\u0119 na ten temat ani metropolita krakowski Marek J\u0119draszewski, ani kanclerz kurii ks. dr Tomasz Szopa, ani ktokolwiek innych z w\u0142adz archidiecezji. Nie ma te\u017c o\u015bwiadczenie czy jakiego\u015b wyja\u015bnienia ze strony Konferencja Episkopatu Polski, na czele kt\u00f3rej stoi <a href=\"https:\/\/www.facebook.com\/Abp.Gadecki\/?__tn__=KH-R&amp;eid=ARAbKH5inQIHI5hoGAUzE_ZeM6WP4a3zaEzNVk73wa5Zu6siLZD2Ai_nKEI4VyY_3MG0h6GuVR2Fb2M4&amp;fref=mentions&amp;__xts__%5B0%5D=68.ARAYGm6QjyYmdlpCyHbKFmyU48vxAfVkdW8ipmSppMPsgDuRemeRRhS3VmCuvs7o-ekceXeDaGOKNxVNdHwX5SPCda6R7hGopTuS7MAUkm_mKAl3DsN63jNGNErebM9Omc82JlFtAg5LRZilyIJmoNCy6lOd75EMLuut1bKEWKmMsKKpLYetaczSSk8ydH8vmXL0CVad862Qu4xWcAPv2XXktzQnAj6KhCZdQ7uWV7q21GvfmmrKF0WngMvZBkxGHs2cNIqTn2OL3Lb8OgIR4fXAZOuLBmMwRE-TesSAfyB9r7WCdoU8bqeg82jpqYnDkry2j7F1HW1r_Hij2bQItPXWj-o\">Abp Stanis\u0142aw G\u0105decki<\/a>. metropolita <a href=\"https:\/\/www.facebook.com\/archidiecezja.poznanska\/?__tn__=KH-R&amp;eid=ARCROE9iaAWZbqZS5raWFeQVhn8v-NUt6BT3UM2t4ekhOh0bFegT_jDKF_3a1XzWFsn3FEMyK2ftvpAW&amp;fref=mentions&amp;__xts__%5B0%5D=68.ARAYGm6QjyYmdlpCyHbKFmyU48vxAfVkdW8ipmSppMPsgDuRemeRRhS3VmCuvs7o-ekceXeDaGOKNxVNdHwX5SPCda6R7hGopTuS7MAUkm_mKAl3DsN63jNGNErebM9Omc82JlFtAg5LRZilyIJmoNCy6lOd75EMLuut1bKEWKmMsKKpLYetaczSSk8ydH8vmXL0CVad862Qu4xWcAPv2XXktzQnAj6KhCZdQ7uWV7q21GvfmmrKF0WngMvZBkxGHs2cNIqTn2OL3Lb8OgIR4fXAZOuLBmMwRE-TesSAfyB9r7WCdoU8bqeg82jpqYnDkry2j7F1HW1r_Hij2bQItPXWj-o\">Archidiecezja Pozna\u0144ska<\/a>. Nie by\u0142o nawet wezwania do modlitwy w tej sprawie. By\u0142y jedynie o\u015bwiadczenia samego bp. Szkodonia, nuncjatury apostolskiej w Warszawie i wspomnianego kard. Dziwisza, emerytowanego metropolity, a tak\u017ce wypowied\u017a telewizyjna kard. Kazimierza Nycza, dawniej biskupa pomocniczego w Krakowie, a dzi\u015b ordynariusza <a href=\"https:\/\/www.facebook.com\/ArchidiecezjaWarszawska\/?__tn__=KH-R&amp;eid=ARAtrbYwpOw8h5yKhPyiLfbelvPLlvFktjqzf25iuh32JE_jhWNTPfzONTYrz-aIcz_i9RTq39yZWYjf&amp;fref=mentions&amp;__xts__%5B0%5D=68.ARAYGm6QjyYmdlpCyHbKFmyU48vxAfVkdW8ipmSppMPsgDuRemeRRhS3VmCuvs7o-ekceXeDaGOKNxVNdHwX5SPCda6R7hGopTuS7MAUkm_mKAl3DsN63jNGNErebM9Omc82JlFtAg5LRZilyIJmoNCy6lOd75EMLuut1bKEWKmMsKKpLYetaczSSk8ydH8vmXL0CVad862Qu4xWcAPv2XXktzQnAj6KhCZdQ7uWV7q21GvfmmrKF0WngMvZBkxGHs2cNIqTn2OL3Lb8OgIR4fXAZOuLBmMwRE-TesSAfyB9r7WCdoU8bqeg82jpqYnDkry2j7F1HW1r_Hij2bQItPXWj-o\">Archidiecezja Warszawska<\/a>.<\/p>\r\n<p>I jeszcze jedno wa\u017cne spostrze\u017cenie. W homilii na Wawelu nie by\u0142o nic o ofierze. Tak jak w raporcie krakowskiej Komisji \u201ePami\u0119\u0107 i Troska\u201d z 2007 r. te\u017c ani s\u0142owach o ofiarach czy osobach skrzywdzonych.<\/p>\r\n<p>Zawarto za to pouczenie: \u201e&#8221;W s\u0142owie m\u00f3wionym lub pisanym jeste\u015bmy zobowi\u0105zani nie tylko do prawdom\u00f3wno\u015bci, ale tak\u017ce i do dyskrecji. S\u0105 bowiem takie prawdy, kt\u00f3rych bez powa\u017cnych racji nie wolno ujawni\u0107. Zachodzi w\u00f3wczas obowi\u0105zek zachowania ich w tajemnicy\u201d <a href=\"https:\/\/ekai.pl\/ks-isakowicz-zaleski-dokument-komisji-argu\u2026\/\">https:\/\/ekai.pl\/ks-isakowicz-zaleski-dokument-komisji-argu\u2026\/<\/a><\/p>\r\n<p>My\u015bl\u0119, \u017ce dalszy komentarz nie jest potrzebny.<\/p>\r\n<p><strong><em>Ks. Tadeusz Isakowicz-Zaleski<\/em><\/strong><\/p>\r\n<p><a href=\"http:\/\/isakowicz.pl\/wp-content\/uploads\/2020\/02\/Screenshot_2020-02-26-Kard-Dziwisz-bp-Szkodo%C5%84-cierpi-i-ofiarowuje-cierpienie-za-Ko%C5%9Bci%C3%B3%C5%82.jpg\"><img fetchpriority=\"high\" decoding=\"async\" class=\"aligncenter\" src=\"http:\/\/isakowicz.pl\/wp-content\/uploads\/2020\/02\/Screenshot_2020-02-26-Kard-Dziwisz-bp-Szkodo%C5%84-cierpi-i-ofiarowuje-cierpienie-za-Ko%C5%9Bci%C3%B3%C5%82.jpg\" width=\"593\" height=\"1169\"><\/a><\/p>\r\n<p><img decoding=\"async\" class=\"aligncenter\" src=\"http:\/\/isakowicz.pl\/wp-content\/uploads\/2020\/02\/Screenshot_2020-02-26-Kard-Stanis%C5%82aw-Dziwisz-wspierajmy-Ko%C5%9Bci%C3%B3%C5%82-szczeg%C3%B3ln%C4%85-modlitw%C4%85-i-nasz%C4%85-osobist%C4%85-postaw%C4%85-by-jawi%C5%82-si%C4%99-....jpg\" width=\"599\" height=\"1571\"><time class=\"entry-date updated\" datetime=\"2020-02-27T16:00:17+00:00\"><\/time><\/p>","protected":false},"excerpt":{"rendered":"Kard. Stanis\u0142aw Dziwisz m\u00f3wi\u0142 o bp. Janie Szkodoniu w czasie mszy \u015bw. popielcowej w Katedra na Wawelu. Portal DEON.pl to zacytowa\u0142 w swojej relacji https:\/\/deon.pl\/\u2026\/kard-dziwisz-bp-szkodon-ofiarowuje-swoje-\u2026 Natomiast oficjalny portal Archidiecezja Krakowska w swojej, o wiele szerszej, relacji pomin\u0105\u0142 ten fragment homilii Vide: drugi skan. Jednak na drugi dzie\u0144 doda\u0142 jedno zdanie https:\/\/diecezja.pl\/\u2026\/kard-stanislaw-dziwisz-wspierajmy-ko\u2026\/ Inna sprawa, \u017ce od [&hellip;]","protected":false},"author":1,"featured_media":0,"comment_status":"closed","ping_status":"closed","sticky":false,"template":"","format":"standard","meta":{"_acf_changed":false,"_monsterinsights_skip_tracking":false,"_monsterinsights_sitenote_active":false,"_monsterinsights_sitenote_note":"","_monsterinsights_sitenote_category":0,"ngg_post_thumbnail":0,"footnotes":"","_wp_rev_ctl_limit":""},"categories":[5],"tags":[86,33],"acf":[],"_links":{"self":[{"href":"https:\/\/www.bibula.com\/index.php?rest_route=\/wp\/v2\/posts\/112268"}],"collection":[{"href":"https:\/\/www.bibula.com\/index.php?rest_route=\/wp\/v2\/posts"}],"about":[{"href":"https:\/\/www.bibula.com\/index.php?rest_route=\/wp\/v2\/types\/post"}],"author":[{"embeddable":true,"href":"https:\/\/www.bibula.com\/index.php?rest_route=\/wp\/v2\/users\/1"}],"replies":[{"embeddable":true,"href":"https:\/\/www.bibula.com\/index.php?rest_route=%2Fwp%2Fv2%2Fcomments&post=112268"}],"version-history":[{"count":0,"href":"https:\/\/www.bibula.com\/index.php?rest_route=\/wp\/v2\/posts\/112268\/revisions"}],"wp:attachment":[{"href":"https:\/\/www.bibula.com\/index.php?rest_route=%2Fwp%2Fv2%2Fmedia&parent=112268"}],"wp:term":[{"taxonomy":"category","embeddable":true,"href":"https:\/\/www.bibula.com\/index.php?rest_route=%2Fwp%2Fv2%2Fcategories&post=112268"},{"taxonomy":"post_tag","embeddable":true,"href":"https:\/\/www.bibula.com\/index.php?rest_route=%2Fwp%2Fv2%2Ftags&post=112268"}],"curies":[{"name":"wp","href":"https:\/\/api.w.org\/{rel}","templated":true}]}}