{"id":112266,"date":"2020-02-27T11:55:29","date_gmt":"2020-02-27T16:55:29","guid":{"rendered":"http:\/\/www.bibula.com\/?p=112266"},"modified":"2020-02-27T11:55:29","modified_gmt":"2020-02-27T16:55:29","slug":"byli-szefowie-korporacji-bankowcy-i-wplywowe-rodziny-to-oni-stoja-za-zielonym-ladem","status":"publish","type":"post","link":"https:\/\/www.bibula.com\/?p=112266","title":{"rendered":"Byli szefowie korporacji, bankowcy i wp\u0142ywowe \u201erodziny&#8221;. To oni stoj\u0105 za Zielonym \u0141adem"},"content":{"rendered":"<p><strong>Bloomberg podaje, \u017ce za programem europejskiego Zielonego \u0141adu, kt\u00f3ry wymaga dekarbonizacji gospodarki do 2050 r. stoj\u0105 obecni lub byli szefowie wielkich korporacji, bankowcy i wp\u0142ywowe \u201erodziny\u201d. S\u0105 oni nawet zdziwieni, \u017ce tak szybko uda\u0142o im si\u0119 przekona\u0107 polityk\u00f3w europejskich do przyj\u0119cia radykalnego programu transformacji energetycznej. Uwa\u017caj\u0105, \u017ce w\u0142a\u015bnie teraz prze\u017cywaj\u0105 jeden z najlepszych moment\u00f3w w historii. Uda\u0142o im si\u0119 zmieni\u0107 opini\u0119 m\u0142odych ludzi, strasz\u0105c \u201ekatastrofa klimatyczn\u0105\u201d.<\/strong><\/p>\r\n<p>Ju\u017c pierwszego dnia urz\u0119dowania Ursula von der Leyen jako szefowa Komisji Europejskiej stan\u0119\u0142a przed \u015bwiatowymi liderami podczas konferencji klimatycznej ONZ w Madrycie i obieca\u0142a, \u017ce \u201d\u2039\u201d\u2039w ci\u0105gu najbli\u017cszych 30 lat uczyni Europ\u0119 pierwszym na \u015bwiecie kontynentem neutralnym pod wzgl\u0119dem emisji dwutlenku w\u0119gla. \u201eEuropejski Zielony \u0141ad to nowa europejska strategia wzrostu\u201d &#8211; powiedzia\u0142a. To sprawi\u0142o, \u017ce Paul Polman, by\u0142y dyrektor naczelny Unilever, obecnie cz\u0142onek sieci dzia\u0142aczy na rzecz klimatu, mia\u0142 powody do zadowolenia. Grupa rozpocz\u0119\u0142a lobbing w stosunku do os\u00f3b na najwy\u017cszych stanowiskach w UE w 2017 r., by kwestia \u201ezmian klimatycznych\u201d sta\u0142a si\u0119 g\u0142\u00f3wnym celem polityki. Polman przyzna\u0142 kilka tygodni p\u00f3\u017aniej, \u017ce transformacja dokonuje si\u0119 szybciej, ni\u017c si\u0119 spodziewali i maj\u0105 kontrol\u0119 nad ni\u0105.<\/p>\r\n<p>W swoim przem\u00f3wieniu von der Leyen przekonywa\u0142a, \u017ce strategia nie tylko umie\u015bci Europ\u0119 w awangardzie wysi\u0142k\u00f3w na rzecz ograniczenia globalnego ocieplenia, ale tak\u017ce nap\u0119dzi now\u0105 fal\u0119 rozwoju gospodarczego i pomo\u017ce spoi\u0107 kontynent. \u201eJeszcze trzy lata temu wszystko to wydawa\u0142oby si\u0119 w najlepszym razie zbyt daleko id\u0105ce. Post\u0119powa polityka prze\u017cywa\u0142a og\u00f3lno\u015bwiatowy kryzys. Donald Trump obj\u0105\u0142 urz\u0105d jako prezydent USA, a w Wielkiej Brytanii w\u0142a\u015bnie g\u0142osowano za wyj\u015bciem z UE. Kanclerz Niemiec, Angela Merkel utkn\u0119\u0142a w kampanii reelekcyjnej, zraniona decyzj\u0105 o pomocy uchod\u017acom nap\u0142ywaj\u0105cym do Europy po wojnach na Bliskim Wschodzie. Istnia\u0142o ryzyko, \u017ce polityka klimatyczna zostanie pogrzebana wskutek polityki imigracyjnej i dzia\u0142a\u0144 biurokrat\u00f3w. <em>&#8211; Ba\u0142am si\u0119, \u017ce ludzie pomy\u015bl\u0105, \u017ce chcemy zaatakowa\u0107 ich styl \u017cycia, zabra\u0107 samochody, na\u0142o\u017cy\u0107 podatki ekologiczne i ograniczy\u0107 dost\u0119p do produkt\u00f3w konsumenckich<\/em> &#8211; m\u00f3wi Laurence Tubiana, inny cz\u0142onek sieci aktywist\u00f3w, kt\u00f3ra r\u00f3wnie\u017c po\u015bredniczy\u0142a w zawarciu w Pary\u017cu w 2015 r. Porozumienia Klimatycznego\u201d &#8211; czytamy na stronie bnnbloomberg.ca.<\/p>\r\n<p>To nie by\u0142a ich pierwsza pr\u00f3ba wp\u0142yni\u0119cia na polityk\u0119 europejsk\u0105 &#8211; podaje agencja Bloomberga. Grupa powstawa\u0142a przez trzy ostatnie dekady i sk\u0142ada\u0142a si\u0119 z \u201esfrustrowanych brakiem post\u0119p\u00f3w w walce z ociepleniem klimatu \u015bwiatowych lider\u00f3w\u201d. Niekt\u00f3rzy &#8211; jak Tubiana, kt\u00f3ra obecnie szefuje Europejskiej Fundacji Klimatycznej, i Teresa Ribera, kt\u00f3ra w styczniu zosta\u0142a wicepremierem Hiszpanii &#8211; s\u0105 osobami publicznymi. Inni, jak Polman, to zwykle dyrektorzy korporacji mi\u0119dzynarodowych.<\/p>\r\n<p>Sie\u0107 aktywist\u00f3w \u0142\u0105czy\u0142a naukowc\u00f3w i \u201eekspert\u00f3w politycznych\u201d z g\u0142owami pa\u0144stw, szefami bank\u00f3w centralnych, a nawet z przyw\u00f3dcami religijnymi i wojskowymi. Swoje pomys\u0142y \u201eprzepychali\u201d za po\u015brednictwem \u015awiatowego Forum Ekonomicznego w Davos, strasz\u0105c zbli\u017caj\u0105c\u0105 si\u0119 katastrof\u0105 klimatyczn\u0105. Osoby niezwykle wp\u0142ywowe, jak np. dyrektor generalny BlackRock, Larry Fink i papie\u017c Franciszek &#8211; zauwa\u017ca Bloomberg &#8211; zacz\u0119li g\u0142o\u015bno o tym m\u00f3wi\u0107. \u201eW zwi\u0105zku z wyborami parlamentarnymi w UE w 2019 r. nie by\u0142o czasu do stracenia. Dziwactwo w europejskim kalendarzu politycznym oznacza\u0142o, \u017ce nowy parlament, nowa Komisja Europejska i nowy szef Europejskiego Banku Centralnego pojawi\u0105 si\u0119 prawie w tym samym czasie, nast\u0105pi ca\u0142kowity reset polityczny\u201d &#8211; czytamy.<\/p>\r\n<p>Dlatego ju\u017c w 2017 roku \u201esie\u0107\u201d zacz\u0119\u0142a dzia\u0142a\u0107. Z Tubian\u0105 na czele i Polmanem w zarz\u0105dzie Europejska Fundacja Klimatyczna przeprowadzi\u0142a prywatne sonda\u017ce, aby potwierdzi\u0107, \u017ce problemy \u015brodowiskowe s\u0105 najbardziej istotn\u0105 kwesti\u0105 i budz\u0105 najwi\u0119ksze zaniepokojenie w\u015br\u00f3d m\u0142odszych wyborc\u00f3w. Aktywi\u015bci poszli z tymi wynikami do eurodeputowanych i przekonywali, \u017ce polityka klimatyczna mo\u017ce rozwi\u0105za\u0107 nie tylko problem domniemanego globalnego ocieplenia, ale tak\u017ce mas\u0119 innych wyzwa\u0144, z kt\u00f3rymi zmaga\u0142y si\u0119 partie establishmentowe, pocz\u0105wszy od bezrobocia, a na rozczarowaniu projektem europejskim ko\u0144cz\u0105c. <em>&#8211; Musieli\u015bmy znale\u017a\u0107 projekt, kt\u00f3ry zjednoczy\u0142by europejskich obywateli wok\u00f3\u0142 czego\u015b, co nie by\u0142oby konstrukcj\u0105 biurokratyczn\u0105, lecz prawdziwym wsp\u00f3lnym projektem politycznym<\/em> &#8211; t\u0142umaczy\u0142a Tubiana, dodaj\u0105c, \u017ce tym, co jednoczy, jest \u201eklimat\u201d.<\/p>\r\n<p>Konsekwencj\u0105 takiego za\u0142o\u017cenia, wynikaj\u0105c\u0105 z \u201elogiki politycznej\u201d, by\u0142o umieszczenie kwestii klimatu w centrum kampanii partii politycznych podczas wybor\u00f3w w maju 2019 r. Sonda\u017ce poprzedzaj\u0105ce g\u0142osowanie pokaza\u0142y, \u017ce populi\u015bci byli nastawieni na znaczne zyski, a nast\u0119pny przewodnicz\u0105cy komisji potrzebowa\u0142 wsparcia wi\u0119kszo\u015bci partii g\u0142\u00f3wnego nurtu, aby obj\u0105\u0107 urz\u0105d. Wraz z think tankami takim jak: Agora Energiewende w Niemczech i Forum Energii w Polsce nieformalna sie\u0107 wywiera\u0142a presj\u0119 na decydent\u00f3w. Dzia\u0142acze spotykali si\u0119 ze wszystkimi stronami UE, wskazuj\u0105c na konieczno\u015b\u0107 zwi\u0119kszenia ambicji klimatycznych i zdobycia poparcia dla celu zerowej emisji dwutlenku w\u0119gla do 2050 r., kt\u00f3ry zosta\u0142 zaproponowany przez Komisj\u0119 Europejsk\u0105 ju\u017c w 2018 r. &nbsp;Zieloni,&nbsp; socjali\u015bci mieli gotowy program dzia\u0142a\u0144 na rzecz klimatu, a libera\u0142owie zmierzali w tym kierunku. Ostatni\u0105 przeszkod\u0105 by\u0142a Europejska Partia Ludowa &#8211; \u201ekonserwaty\u015bci\u201d &#8211; kt\u00f3rzy stanowi\u0105 najwi\u0119kszy blok w Parlamencie Europejskim.<\/p>\r\n<p>Jeszcze w 2014 r. w jej manife\u015bcie zawarto kr\u00f3tk\u0105 wzmiank\u0119 o kwestiach \u015brodowiskowych, ale ju\u017c w 2019 r. \u201ezmiany klimatu znajdowa\u0142y si\u0119 na li\u015bcie najwi\u0119kszych zagro\u017ce\u0144\u201d. <em>&#8211; R\u00f3\u017cne rodziny pracowa\u0142y przez rok nad tym, aby skupi\u0107 si\u0119 na europejskiej &nbsp;to\u017csamo\u015bci w przeciwie\u0144stwie do ekstremist\u00f3w<\/em> &#8211; m\u00f3wi Ribera. &#8211;<em> Bez tego skupienia von der Leyen mog\u0142aby nie uzyska\u0107 wotum zaufania<\/em> &#8211; dodaje.<\/p>\r\n<p>\u201eDo czasu rozpocz\u0119cia kampanii w 2019 r. tysi\u0105ce nastolatk\u00f3w pod przewodnictwem szwedzkiej dzia\u0142aczki Grety Thunberg wzywa\u0142y do \u201d\u2039\u201d\u2039dzia\u0142a\u0144 na rzecz klimatu podczas marsz\u00f3w w g\u0142\u00f3wnych miastach Europy. Decydenci z UE zdali sobie spraw\u0119, \u017ce istniej\u0105ca polityka, maj\u0105ca na celu redukcj\u0119 emisji nie by\u0142a wystarczaj\u0105ca, aby utrzyma\u0107 synchronizacj\u0119 cel\u00f3w regionu z celami porozumienia paryskiego. Zobaczyli inwestycje przep\u0142ywaj\u0105ce mi\u0119dzy USA i Chinami z pomini\u0119ciem Europy\u201d &#8211; czytamy.<\/p>\r\n<p>Bloomberg dodaje, \u017ce nawet przy ogromnym wsparciu ze strony obywateli Zielony \u0141ad czeka niepewna przysz\u0142o\u015b\u0107. Wszystko b\u0119dzie zale\u017ce\u0107 od zdolno\u015bci przyci\u0105gania inwestycji, a to b\u0119dzie stanowi\u0107 najwi\u0119ksze wyzwanie, poniewa\u017c wzrost gospodarczy Europy pozostaje daleko w tyle za g\u0142\u00f3wnymi gospodarkami \u015bwiatowymi, takimi jak: Chiny i Indie. <em>&#8211; Mamy nauk\u0119, mamy technologi\u0119, z pewno\u015bci\u0105 mo\u017cemy znale\u017a\u0107 pieni\u0105dze<\/em> &#8211; zapewni\u0142 wiceprzewodnicz\u0105cy Komisji Europejskiej Frans Timmermans.<\/p>\r\n<p>Komisja Europejska przedstawi\u0142a plan wart 1 bilion euro, kt\u00f3ry ma by\u0107 filarem inwestycyjnym Zielonego \u0141adu. Przewiduje on przeznaczenie oko\u0142o 500 miliard\u00f3w euro z bud\u017cetu UE na transformacj\u0119 energetyczn\u0105 (ca\u0142kowite odej\u015bcie od paliw kopalnych) w ci\u0105gu nast\u0119pnej dekady, przy jednoczesnym wykorzystaniu 280 miliard\u00f3w euro inwestycji prywatnych i publicznych oraz ustanowieniu mechanizmu finansowania z kolejnymi 143 miliardami euro, r\u00f3wnie\u017c ze \u017ar\u00f3de\u0142 publicznych i prywatnych, na pom\u00f3c regionom.<\/p>\r\n<p>\u201eMo\u017ce to pom\u00f3c uspokoi\u0107 biedniejsze pa\u0144stwa cz\u0142onkowskie zaniepokojone zawrotnymi kosztami Zielonego \u0141adu, ale nie zapobiegnie nieuchronnej k\u0142\u00f3tni o to, jak podzieli\u0107 ci\u0119\u017car redukcji emisji. Polska ju\u017c zadeklarowa\u0142a, \u017ce \u201d\u2039\u201d\u2039nie dotrzyma terminu 2050 r. na wyeliminowanie emisji dwutlenku w\u0119gla, do kt\u00f3rego przyw\u00f3dcy UE powr\u00f3c\u0105 na szczycie w czerwcu. Niemcy ostrzeg\u0142y tak\u017ce komisj\u0119 przed zaostrzeniem cel\u00f3w w zakresie emisji dla samochod\u00f3w, skutecznie staraj\u0105c si\u0119 o zwolnienie dla swoich producent\u00f3w, jak podaje gazeta Die Zeit\u201d &#8211; komentuje Bloomberg.<\/p>\r\n<p>Medium nie spodziewa si\u0119, by Niemcy byli zdolni osi\u0105gn\u0105\u0107 sw\u00f3j cel redukcji emisji dwutlenku w\u0119gla. Jednak aktywist\u00f3w klimatycznych nie zra\u017ca to, podobnie jak nie zra\u017caj\u0105 dzia\u0142ania Trumpa, zmierzaj\u0105cego do formalnego wycofania USA z porozumienia klimatycznego, czy aktywno\u015b\u0107 prezydenta Brazylii Jaira Bolsonaro albo australijskiego premiera Scotta Morrisona. \u201eTubiana i inni dzia\u0142acze s\u0105 bardziej optymistyczni ni\u017c kiedykolwiek. Twierdz\u0105, \u017ce opinia publiczna na ca\u0142ym \u015bwiecie mo\u017ce osi\u0105gn\u0105\u0107 punkt krytyczny. M\u00f3wi si\u0119, \u017ce zaanga\u017cowanie UE w eliminacj\u0119 emisji do 2050 r. jest pocz\u0105tkiem szerszej zmiany z moc\u0105 wyginania krzywej emisji od jej obecnej, niebezpiecznej trajektorii. <em>&#8211; Chodzi o p\u0119d<\/em> &#8211; t\u0142umaczy Tubiana. <em>&#8211; S\u0105 magiczne chwile, kiedy wszystko<\/em> si\u0119 uk\u0142ada. Prze\u017cywamy jedn\u0105 z tych chwil na poziomie europejskim &#8211; konkluduje zadowolona lobbystka, ekonomistka z wykszta\u0142cenia i francuski dyplomata.<\/p>\r\n<p>\u0179r\u00f3d\u0142o: bnnbloomberg.ca<\/p>\r\n<p>AS<\/p>\r\n<p class=\"zrodlo\">Za: <a href=\"https:\/\/www.pch24.pl\/byli-szefowie-korporacji--bankowcy-i-wplywowe-rodziny--to-oni-stoja-za-zielonym-ladem,74226,i.html\">PoloniaChristiana &#8211; pch24.pl (2020-02-27)<\/a><\/p>","protected":false},"excerpt":{"rendered":"Bloomberg podaje, \u017ce za programem europejskiego Zielonego \u0141adu, kt\u00f3ry wymaga dekarbonizacji gospodarki do 2050 r. stoj\u0105 obecni lub byli szefowie wielkich korporacji, bankowcy i wp\u0142ywowe \u201erodziny\u201d. S\u0105 oni nawet zdziwieni, \u017ce tak szybko uda\u0142o im si\u0119 przekona\u0107 polityk\u00f3w europejskich do przyj\u0119cia radykalnego programu transformacji energetycznej. Uwa\u017caj\u0105, \u017ce w\u0142a\u015bnie teraz prze\u017cywaj\u0105 jeden z najlepszych moment\u00f3w w [&hellip;]","protected":false},"author":1,"featured_media":0,"comment_status":"closed","ping_status":"closed","sticky":false,"template":"","format":"standard","meta":{"_acf_changed":false,"_monsterinsights_skip_tracking":false,"_monsterinsights_sitenote_active":false,"_monsterinsights_sitenote_note":"","_monsterinsights_sitenote_category":0,"ngg_post_thumbnail":0,"footnotes":"","_wp_rev_ctl_limit":""},"categories":[6],"tags":[414,20],"acf":[],"_links":{"self":[{"href":"https:\/\/www.bibula.com\/index.php?rest_route=\/wp\/v2\/posts\/112266"}],"collection":[{"href":"https:\/\/www.bibula.com\/index.php?rest_route=\/wp\/v2\/posts"}],"about":[{"href":"https:\/\/www.bibula.com\/index.php?rest_route=\/wp\/v2\/types\/post"}],"author":[{"embeddable":true,"href":"https:\/\/www.bibula.com\/index.php?rest_route=\/wp\/v2\/users\/1"}],"replies":[{"embeddable":true,"href":"https:\/\/www.bibula.com\/index.php?rest_route=%2Fwp%2Fv2%2Fcomments&post=112266"}],"version-history":[{"count":0,"href":"https:\/\/www.bibula.com\/index.php?rest_route=\/wp\/v2\/posts\/112266\/revisions"}],"wp:attachment":[{"href":"https:\/\/www.bibula.com\/index.php?rest_route=%2Fwp%2Fv2%2Fmedia&parent=112266"}],"wp:term":[{"taxonomy":"category","embeddable":true,"href":"https:\/\/www.bibula.com\/index.php?rest_route=%2Fwp%2Fv2%2Fcategories&post=112266"},{"taxonomy":"post_tag","embeddable":true,"href":"https:\/\/www.bibula.com\/index.php?rest_route=%2Fwp%2Fv2%2Ftags&post=112266"}],"curies":[{"name":"wp","href":"https:\/\/api.w.org\/{rel}","templated":true}]}}