{"id":112222,"date":"2020-02-24T14:40:09","date_gmt":"2020-02-24T19:40:09","guid":{"rendered":"http:\/\/www.bibula.com\/?p=112222"},"modified":"2021-02-19T17:06:16","modified_gmt":"2021-02-19T22:06:16","slug":"kandydat-na-prezydenta-usa-pochwalil-rzady-komunistow-na-kubie","status":"publish","type":"post","link":"https:\/\/www.bibula.com\/?p=112222","title":{"rendered":"Kandydat na prezydenta USA pochwali\u0142 rz\u0105dy komunist\u00f3w na Kubie"},"content":{"rendered":"<p><strong>Faworyt do otrzymania nominacji Partii Demokratycznej w tegorocznych wyborach, Bernie Sanders, po raz kolejny pochwali\u0142 komunizm. Tym razem ciep\u0142o wypowiedzia\u0142 si\u0119 o Fidelu Castro i re\u017cymie na Kubie.<\/strong><\/p>\r\n<p>Sanders by\u0142 pierwszym mainstreamowym politykiem, kt\u00f3ry otwarcie przyznawa\u0142 si\u0119 do bycia socjalist\u0105. Wielokrotnie powtarza\u0142 jednak, \u017ce m\u00f3wi\u0105c o socjalizmie ma na my\u015bli system panuj\u0105cy w takich pa\u0144stwach jak Dania czy Norwegia a nie na Kubie. Pomimo tego w wywiadzie dla telewizji CBS News mia\u0142 wiele ciep\u0142ych s\u0142\u00f3w pod adresem kuba\u0144skich komunist\u00f3w.<\/p>\r\n<p><strong>\u201eBardzo sprzeciwiamy si\u0119 autorytarnej naturze Kuby, ale wiecie, m\u00f3wienie \u017ce wszystko tam jest z\u0142e jest niesprawiedliwe\u201d<\/strong> &#8211; stwierdzi\u0142 &#8211; <strong>\u201eKiedy Fidel Castro obj\u0105\u0142 stanowisko, wiecie co zrobi\u0142? Mia\u0142 gigantyczny program walki z analfabetyzmem. Czy to z\u0142a rzecz? Nawet je\u015bli zrobi\u0142 j\u0105 Fidel Castro?\u201d.<\/strong><\/p>\r\n<blockquote class=\"twitter-tweet\">\r\n<p dir=\"ltr\" lang=\"en\">Bernie Sanders defends his 1980s comments about Fidel Castro in an interview on 60 Minutes. <a href=\"https:\/\/t.co\/ySqvQKoiBU\">https:\/\/t.co\/ySqvQKoiBU<\/a> <a href=\"https:\/\/t.co\/lTwuXWp9sA\">pic.twitter.com\/lTwuXWp9sA<\/a><\/p>\r\n\r\n\u201d\u201d 60 Minutes (@60Minutes) <a href=\"https:\/\/twitter.com\/60Minutes\/status\/1231732950540132355?ref_src=twsrc%5Etfw\">February 24, 2020<\/a><\/blockquote>\r\n<p><script async=\"\" src=\"https:\/\/platform.twitter.com\/widgets.js\" charset=\"utf-8\"><\/script><\/p>\r\n<p>Do jego wypowiedzi szybko odni\u00f3s\u0142 si\u0119 senator Ted Cruz. Temat ten jest mu szczeg\u00f3lnie bliski bowiem jego ojciec urodzi\u0142 si\u0119 i wychowa\u0142 na Kubie, po czym uciek\u0142 do USA. <strong>\u201eTo naprawd\u0119 du\u017ca r\u00f3\u017cnica czy ci, kt\u00f3rych mordujesz plutonami egzekucyjnymi potrafi\u0105 czyta\u0107 i pisa\u0107\u201d<\/strong> &#8211; napisa\u0142 na Twitterze.<\/p>\r\n<p>Re\u017cym kuba\u0144skich komunist\u00f3w jest oskar\u017cany o zamordowanie, w zale\u017cno\u015bci od szacunk\u00f3w, od 4 do 20 tysi\u0119cy os\u00f3b. Sanders w swoim wywiadzie, kiedy prowadz\u0105cy go Anderson Cooper zwr\u00f3ci\u0142 mu na to uwag\u0119, pot\u0119pi\u0142 naruszenia praw cz\u0142owieka przez re\u017cym w Hawanie, ale od razu przeszed\u0142 do ataku na Donalda Trumpa, kt\u00f3ry jego zdaniem<strong> \u201eprzyja\u017ani si\u0119 z dyktatorami\u201d.<\/strong><\/p>\r\n<p>To nie jest pierwsza wypowied\u017a Sandersa w obronie kuba\u0144skich komunist\u00f3w. Sam ten wywiad by\u0142 reakcj\u0105 na odkryte niedawno nagranie na kt\u00f3rym twierdzi\u0142, \u017ce Kuba\u0144czycy nie pomogli USA w obaleniu Castro nie z powodu politycznego terroru a dlatego, \u017ce podoba\u0142y im si\u0119 jego programy socjalne. Jaki\u015b czas temu do internetu trafi\u0142 za to wyk\u0142ad, kt\u00f3rego Sanders udzieli\u0142 na uniwersytecie w Vermont w 1986 roku. Stwierdzi\u0142 w nim, \u017ce kiedy wybuch\u0142a rewolucja na Kubie by\u0142 jeszcze dzieckiem, ale by\u0142 podekscytowany, \u017ce biedni powstali przeciwko bogatym. Stwierdzi\u0142 tak\u017ce, \u017ce \u201echcia\u0142o mu si\u0119 wymiotowa\u0107\u201d kiedy JFK namawia\u0142 Nixona do zaj\u0119cia bardziej stanowczego stanowiska wobec Kuby i pot\u0119pi\u0142 wysi\u0142ki USA maj\u0105ce na celu powstrzymanie pochodu komunizmu w Ameryce \u0141aci\u0144skiej.<\/p>\r\n<blockquote class=\"twitter-tweet\">\r\n<p dir=\"ltr\" lang=\"en\">Video: <a href=\"https:\/\/twitter.com\/BernieSanders?ref_src=twsrc%5Etfw\">@BernieSanders<\/a>, University of Vermont, 1986, recalls his excitement watching Castro\u2019s revolution &#8222;rising up against the ugly rich people.\u201d &amp; his sick feeling watching JFK speak out against communism in Cuba. <br>\r\n<br>\r\nAlso bashes the <a href=\"https:\/\/twitter.com\/nytimes?ref_src=twsrc%5Etfw\">@nytimes<\/a> for lying about communism. <a href=\"https:\/\/t.co\/OUqzLFbsvz\">pic.twitter.com\/OUqzLFbsvz<\/a><\/p>\r\n\r\n\u201d\u201d Reagan Battalion (@ReaganBattalion) <a href=\"https:\/\/twitter.com\/ReaganBattalion\/status\/1098633261356630016?ref_src=twsrc%5Etfw\">February 21, 2019<\/a><\/blockquote>\r\n<p><script async=\"\" src=\"https:\/\/platform.twitter.com\/widgets.js\" charset=\"utf-8\"><\/script><\/p>\r\n<p>\u0179r\u00f3d\u0142o: Fox News Autor: WM<\/p>","protected":false},"excerpt":{"rendered":"Faworyt do otrzymania nominacji Partii Demokratycznej w tegorocznych wyborach, Bernie Sanders, po raz kolejny pochwali\u0142 komunizm. Tym razem ciep\u0142o wypowiedzia\u0142 si\u0119 o Fidelu Castro i re\u017cymie na Kubie. Sanders by\u0142 pierwszym mainstreamowym politykiem, kt\u00f3ry otwarcie przyznawa\u0142 si\u0119 do bycia socjalist\u0105. Wielokrotnie powtarza\u0142 jednak, \u017ce m\u00f3wi\u0105c o socjalizmie ma na my\u015bli system panuj\u0105cy w takich pa\u0144stwach [&hellip;]","protected":false},"author":1,"featured_media":0,"comment_status":"closed","ping_status":"closed","sticky":false,"template":"","format":"standard","meta":{"_acf_changed":false,"_monsterinsights_skip_tracking":false,"_monsterinsights_sitenote_active":false,"_monsterinsights_sitenote_note":"","_monsterinsights_sitenote_category":0,"ngg_post_thumbnail":0,"footnotes":"","_wp_rev_ctl_limit":""},"categories":[7],"tags":[66,241,53,221],"acf":[],"_links":{"self":[{"href":"https:\/\/www.bibula.com\/index.php?rest_route=\/wp\/v2\/posts\/112222"}],"collection":[{"href":"https:\/\/www.bibula.com\/index.php?rest_route=\/wp\/v2\/posts"}],"about":[{"href":"https:\/\/www.bibula.com\/index.php?rest_route=\/wp\/v2\/types\/post"}],"author":[{"embeddable":true,"href":"https:\/\/www.bibula.com\/index.php?rest_route=\/wp\/v2\/users\/1"}],"replies":[{"embeddable":true,"href":"https:\/\/www.bibula.com\/index.php?rest_route=%2Fwp%2Fv2%2Fcomments&post=112222"}],"version-history":[{"count":1,"href":"https:\/\/www.bibula.com\/index.php?rest_route=\/wp\/v2\/posts\/112222\/revisions"}],"predecessor-version":[{"id":123074,"href":"https:\/\/www.bibula.com\/index.php?rest_route=\/wp\/v2\/posts\/112222\/revisions\/123074"}],"wp:attachment":[{"href":"https:\/\/www.bibula.com\/index.php?rest_route=%2Fwp%2Fv2%2Fmedia&parent=112222"}],"wp:term":[{"taxonomy":"category","embeddable":true,"href":"https:\/\/www.bibula.com\/index.php?rest_route=%2Fwp%2Fv2%2Fcategories&post=112222"},{"taxonomy":"post_tag","embeddable":true,"href":"https:\/\/www.bibula.com\/index.php?rest_route=%2Fwp%2Fv2%2Ftags&post=112222"}],"curies":[{"name":"wp","href":"https:\/\/api.w.org\/{rel}","templated":true}]}}