{"id":112173,"date":"2020-02-20T13:16:26","date_gmt":"2020-02-20T18:16:26","guid":{"rendered":"http:\/\/www.bibula.com\/?p=112173"},"modified":"2020-09-19T10:14:07","modified_gmt":"2020-09-19T14:14:07","slug":"grozny-precedens-w-szwajcarii-sad-uznal-ze-polubienie-znieslawiajacego-wpisu-jest-wspoludzialem-w-przestepstwie","status":"publish","type":"post","link":"https:\/\/www.bibula.com\/?p=112173","title":{"rendered":"Gro\u017any precedens w Szwajcarii. S\u0105d uzna\u0142, \u017ce polubienie znies\u0142awiaj\u0105cego wpisu jest wsp\u00f3\u0142udzia\u0142em w przest\u0119pstwie"},"content":{"rendered":"<p><strong>Osoba, kt\u00f3ra polubi znies\u0142awiaj\u0105cy wpis na Facebooku mo\u017ce zosta\u0107 uznana za wsp\u00f3\u0142winn\u0105 tego przest\u0119pstwa &#8211; orzek\u0142 s\u0105d federalny w Szwajcarii, podtrzymuj\u0105c wyrok wydany w tej sprawie przez s\u0105d w Zurychu. Cenzura w mediach spo\u0142eczno\u015bciowych wkracza w kolejny etap<\/strong><\/p>\r\n<div class=\"cut1\">[&#8230;] <span class=\"podpis_sz\">Ca\u0142y tekst dost\u0119pny w materiale \u017ar\u00f3d\u0142owym<\/span><\/div>\r\n<p>PAP\/nczas<\/p>\r\n<p class=\"zrodlo\">Za: <a href=\"https:\/\/nczas.com\/2020\/02\/20\/grozny-precedens-w-szwajcarii-sad-uznal-ze-polubienie-znieslawiajacego-wpisu-jest-wspoludzialem-w-przestepstwie\/\">Najwy\u017cszy Czas! (20\/02\/2020)<\/a><\/p>\r\n<h4>\u00a0<\/h4>\r\n<hr style=\"background-color: #000000; border-width: 0; color: #000000; height: 2px; line-height: 0; text-align: center; width: 100%;\" \/>\r\n<h4>\u00a0<\/h4>\r\n<h2>Facebook i You Tube maj\u0105 zg\u0142asza\u0107 przypadki \u201emowy nienawi\u015bci\u201d. Tego chce rz\u0105d niemiecki<\/h2>\r\n<p><strong>\u201eNiemiecki rz\u0105d zatwierdzi\u0142 w \u015brod\u0119 projekt ustawy nakazuj\u0105cy mediom spo\u0142eczno\u015bciowym, takim jak Facebook czy YouTube, zg\u0142aszanie na policj\u0119 pewnych przypadk\u00f3w mowy nienawi\u015bci. Nowe przepisy czekaj\u0105 teraz na przyj\u0119cie przez parlament\u201d, informuje serwis niezalezna.pl.<\/strong><\/p>\r\n<p>Projekt ustawy zak\u0142ada, \u017ce firmy internetowe b\u0119d\u0105 musia\u0142y opr\u00f3cz natychmiastowego usuni\u0119cia z sieci \u201enienawistnych materia\u0142\u00f3w\u201d tak\u017ce zg\u0142asza\u0107 policji przypadki \u201eskrajnie prawicowej propagandy\u201d, za kt\u00f3r\u0105 uznano: \u201esceny przemocy, morderstw i gwa\u0142t\u00f3w\u201d; \u201eposty o tematyce terrorystycznej\u201d oraz \u201eobrazy przedstawiaj\u0105ce seksualne wykorzystywanie dzieci\u201d.<\/p>\r\n<p>Rz\u0105dowe regulacje zak\u0142adaj\u0105 r\u00f3wnie\u017c walk\u0119 z mow\u0105 nienawi\u015bci motywowan\u0105 homofobi\u0105, islamofobi\u0105 i antysemityzmem. Niemieckie w\u0142adze podkre\u015blaj\u0105 tak\u017ce, \u017ce nowe przepisy u\u0142atwi\u0105 politykom, wolontariuszom i dziennikarzom \u201ezapobieganie uzyskiwania przez inne osoby ich adres\u00f3w domowych z rejestr\u00f3w publicznych\u201d.<\/p>\r\n<p>\u201ePrawnicy szacuj\u0105, \u017ce co roku w Niemczech odnotowuje si\u0119 sze\u015bciocyfrow\u0105 liczb\u0119 przypadk\u00f3w mowy nienawi\u015bci w internecie\u201d &#8211; pisze agencja AP, ale nie podaje konkretnej liczby.<\/p>\r\n<p>\u0179r\u00f3d\u0142o: niezalezna.pl<\/p>\r\n<p>TK<\/p>\r\n<p>ZOBACZ TAK\u0179E:<\/p>\r\n<ul>\r\n\t<li><a href=\"https:\/\/www.pch24.pl\/ks--prof--bortkiewicz--mowa-nienawisci-to-opium-dla-ludu-i-narzedzie-walki-politycznej,65760,i.html\" target=\"_blank\" rel=\"noopener noreferrer\">Ks. prof. Bortkiewicz: \u201emowa nienawi\u015bci\u201d to opium dla ludu i narz\u0119dzie walki politycznej<\/a><\/li>\r\n<\/ul>\r\n<p class=\"zrodlo\">Za: <a href=\"https:\/\/www.pch24.pl\/facebook-i-you-tube-maja-zglaszac-przypadki-mowy-nienawisci--tego-chce-rzad-niemiecki,74105,i.html\">PoloniaChristiana &#8211; pch24.pl (2020-02-20)<\/a><\/p>\r\n<h4>\u00a0<\/h4>\r\n<hr style=\"background-color: #000000; border-width: 0; color: #000000; height: 2px; line-height: 0; text-align: center; width: 100%;\" \/>\r\n<h4>\u00a0<\/h4>","protected":false},"excerpt":{"rendered":"Osoba, kt\u00f3ra polubi znies\u0142awiaj\u0105cy wpis na Facebooku mo\u017ce zosta\u0107 uznana za wsp\u00f3\u0142winn\u0105 tego przest\u0119pstwa &#8211; orzek\u0142 s\u0105d federalny w Szwajcarii, podtrzymuj\u0105c wyrok wydany w tej sprawie przez s\u0105d w Zurychu. Cenzura w mediach spo\u0142eczno\u015bciowych wkracza w kolejny etap [&#8230;] Ca\u0142y tekst dost\u0119pny w materiale \u017ar\u00f3d\u0142owym PAP\/nczas Za: Najwy\u017cszy Czas! (20\/02\/2020) \u00a0 \u00a0 Facebook i You [&hellip;]","protected":false},"author":2,"featured_media":0,"comment_status":"closed","ping_status":"closed","sticky":false,"template":"","format":"standard","meta":{"_acf_changed":false,"_monsterinsights_skip_tracking":false,"_monsterinsights_sitenote_active":false,"_monsterinsights_sitenote_note":"","_monsterinsights_sitenote_category":0,"ngg_post_thumbnail":0,"footnotes":"","_wp_rev_ctl_limit":""},"categories":[12],"tags":[16,448,155,169,239],"acf":[],"_links":{"self":[{"href":"https:\/\/www.bibula.com\/index.php?rest_route=\/wp\/v2\/posts\/112173"}],"collection":[{"href":"https:\/\/www.bibula.com\/index.php?rest_route=\/wp\/v2\/posts"}],"about":[{"href":"https:\/\/www.bibula.com\/index.php?rest_route=\/wp\/v2\/types\/post"}],"author":[{"embeddable":true,"href":"https:\/\/www.bibula.com\/index.php?rest_route=\/wp\/v2\/users\/2"}],"replies":[{"embeddable":true,"href":"https:\/\/www.bibula.com\/index.php?rest_route=%2Fwp%2Fv2%2Fcomments&post=112173"}],"version-history":[{"count":3,"href":"https:\/\/www.bibula.com\/index.php?rest_route=\/wp\/v2\/posts\/112173\/revisions"}],"predecessor-version":[{"id":117854,"href":"https:\/\/www.bibula.com\/index.php?rest_route=\/wp\/v2\/posts\/112173\/revisions\/117854"}],"wp:attachment":[{"href":"https:\/\/www.bibula.com\/index.php?rest_route=%2Fwp%2Fv2%2Fmedia&parent=112173"}],"wp:term":[{"taxonomy":"category","embeddable":true,"href":"https:\/\/www.bibula.com\/index.php?rest_route=%2Fwp%2Fv2%2Fcategories&post=112173"},{"taxonomy":"post_tag","embeddable":true,"href":"https:\/\/www.bibula.com\/index.php?rest_route=%2Fwp%2Fv2%2Ftags&post=112173"}],"curies":[{"name":"wp","href":"https:\/\/api.w.org\/{rel}","templated":true}]}}