{"id":112147,"date":"2020-02-20T10:40:17","date_gmt":"2020-02-20T15:40:17","guid":{"rendered":"http:\/\/www.bibula.com\/?p=112147"},"modified":"2020-02-21T13:31:55","modified_gmt":"2020-02-21T18:31:55","slug":"abp-lenga-z-zakazem-publicznego-sprawowania-liturgii-i-gloszenia-kazan-sprawe-zbada-watykan","status":"publish","type":"post","link":"https:\/\/www.bibula.com\/?p=112147","title":{"rendered":"Abp Lenga z zakazem publicznego sprawowania liturgii i g\u0142oszenia kaza\u0144. Spraw\u0119 zbada Watykan"},"content":{"rendered":"<p><strong>Abp Jan Pawe\u0142 Lenga, decyzj\u0105 biskupa w\u0142oc\u0142awskiego Wies\u0142awa Meringa, ma powstrzyma\u0107 si\u0119 od g\u0142oszenia kaza\u0144 i publicznego przewodniczenia liturgii. Ten sam zakaz dotyczy wypowiedzi dla medi\u00f3w &#8211; poinformowa\u0142 KAI kanclerz w\u0142oc\u0142awskiej Kurii ks. dr Artur Niemira.<\/strong><\/p>\r\n<p>Abp Jan Pawe\u0142 Lenga, emerytowany biskup Karagandy w Kazachstanie, od 2011 roku przebywa w klasztorze ksi\u0119\u017cy Marian\u00f3w w Licheniu Starym na terenie diecezji w\u0142oc\u0142awskiej &#8211; miejscu wskazanym przez Stolic\u0119 Apostolsk\u0105. Decyzje podj\u0119te przez bp. Wies\u0142awa Meringa obowi\u0105zuj\u0105 do czasu ewentualnych rozstrzygni\u0119\u0107 podj\u0119tych przez Stolic\u0119 Apostolsk\u0105.<\/p>\r\n<p>\u201eDo podj\u0119cia krok\u00f3w dyscyplinarnych, kt\u00f3re mog\u0142yby zapobiec szerzeniu si\u0119 skandalu w\u015br\u00f3d wiernych, miejscowego biskupa diecezjalnego upowa\u017cnia prawo kanoniczne, zw\u0142aszcza kanon 392 i 763 Kodeksu Prawa Kanonicznego\u201d &#8211; t\u0142umaczy kanclerz Kurii ks. Artur Niemira.<\/p>\r\n<p>Jak oceniono, abp Jan Pawe\u0142 Lenga g\u0142osi kontrowersyjne tezy podwa\u017caj\u0105ce autorytet obecnie urz\u0119duj\u0105cego papie\u017ca Franciszka, nie wymienia te\u017c jego imienia podczas sprawowania Mszy \u015bwi\u0119tej. W\u0105tpliwo\u015bci wzbudzi\u0142y te\u017c wypowiedzi abp. Lengi w programie telewizyjnym Jana Pospieszalskiego \u201eWarto rozmawia\u0107\u201d. Po jego emisji rzecznik Konferencji Episkopatu Polski wyrazi\u0142 ubolewanie, \u017ce \u201eabp Lenga wyst\u0119puje w \u015brodkach spo\u0142ecznego przekazu i wprowadza wiernych w b\u0142\u0105d\u201d. Ks. Pawe\u0142 Rytel-Andrianik doda\u0142 r\u00f3wnie\u017c, \u017ce abp Lenga \u201enie reprezentuje Ko\u015bcio\u0142a katolickiego w Polsce\u201d.<\/p>\r\n<p>\u0179r\u00f3d\u0142o: KAI<\/p>\r\n<p>Zobacz co m\u00f3wi\u0142 abp Lenga:<\/p>\r\n<ul>\r\n\t<li><a href=\"https:\/\/www.pch24.pl\/abp-lenga--wielu-hierarchow-chce-korygowac-nauke-chrystusa--to-zwykla-zdrada-i-niszczenie-kosciola,73489,i.html\" target=\"_blank\" rel=\"noopener noreferrer\"><strong>Abp Lenga: wielu hierarch\u00f3w chce korygowa\u0107 nauk\u0119 Chrystusa. To zwyk\u0142a zdrada i niszczenie Ko\u015bcio\u0142a<\/strong><\/a><\/li>\r\n<\/ul>\r\n<p>Zobacz tak\u017ce:<\/p>\r\n<ul>\r\n\t<li><a href=\"https:\/\/www.pch24.pl\/oswiadczenie-rzecznika-kep-w-sprawie-abpa-lengi---do-sprawy-odniosl-sie-wydawca-ksiazek-hierarchy,73549,i.html\" target=\"_blank\" rel=\"noopener noreferrer\"><strong>O\u015bwiadczenie rzecznika KEP w sprawie abpa Lengi &#8211; do sprawy odni\u00f3s\u0142 si\u0119 wydawca ksi\u0105\u017cek hierarchy<\/strong><\/a><\/li>\r\n\t<li><a href=\"https:\/\/www.pch24.pl\/polajanki--ks--tadeusz-isakowicz-zaleski-o-komunikacie-rzecznika-kep-w-sprawie-abp--lengi,73552,i.html\" target=\"_blank\" rel=\"noopener noreferrer\"><strong>\u201ePo\u0142ajanki\u201d. Ks. Tadeusz Isakowicz-Zaleski o komunikacie rzecznika KEP w sprawie abp. Lengi<\/strong><\/a><\/li>\r\n<\/ul>\r\n<p class=\"zrodlo\">Za: <a href=\"https:\/\/www.pch24.pl\/abp-lenga-z-zakazem-publicznego-sprawowania-liturgii-i-gloszenia-kazan--sprawe-zbada-watykan,74114,i.html\">PoloniaChristiana &#8211; pch24.pl (2020-02-20)<\/a><\/p>\r\n<h4>&nbsp;<\/h4>\r\n<hr style=\"background-color: #000000; border-width: 0; color: #000000; height: 2px; line-height: 0; text-align: center; width: 100%;\">\r\n<h4>&nbsp;<\/h4>\r\n<h2>Bp W. Mering, kt\u00f3ry wyda\u0142 zakaz abp. Lendze, to wsp\u00f3\u0142pracownik SB i homo-lobby<\/h2>\r\n<p>Wywiad la <span style=\"text-decoration: underline;\"><a href=\"https:\/\/www.facebook.com\/wRealu24pl\/?__tn__=K-R&amp;eid=ARBrej_lkW4KiPAFPgV54EHH1yfyfALnYpIIUVobR-vnWtqizHkXORddy9LJUoPS2t__jJo11OIiDSlO&amp;fref=mentions&amp;__xts__%5B0%5D=68.ARCKTgZ9b07sqSBELpBZyLOXB9ai7qGyqTo0cWQmhzt1mKkOHbMb84M4AhP5OZQIMJekjwgqHzA3TDOBNyDZveFpvGqleEa8YNLnvHMQg7_yUoWzvsGmivmEbBf0AEGmBhvg_o5cf4bmlKzPLF8cRF9kSqV6eD3d73chzfB9UbPKv8rDD_lJrmzidwUzIzf7QWGxHLMjkPRFlOiaqS9wzxF7jjUIWiJeANqD7yHA_po9bnF0QQ4LDM_BsWR4lz97cDkCPQvZivQMkNaOBUBme3_K6KiEOSUyuvm0ah87llMD3_Yevm72AOsQiPWgb8HQKUAmNj--8Z0Ibqi2XFYd9XpsJ3EO\">wRealu24<\/a><\/span>.<\/p>\r\n<p>Zakaz wyda\u0142 bp Mering &#8211; TW \u201eLucjan\u201d i uwik\u0142any w homo-lobby.<\/p>\r\n<p>\u201eLawendowa\u201d kuria, to w\u0142a\u015bnie diecezja w\u0142oc\u0142awska. <strong>M\u00f3wi\u0142em o tym w 2012 r kard. S. Dziwiszowi, ale nic z tym nie zrobi\u0142<\/strong>. Z\u0142e owoce braku lustracji. Tylko interwencja Watykanu mo\u017ce co\u015b zmieni\u0107.<\/p>\r\n<p>[<em>ks. Tadeusz Isakowicz-Zaleski<\/em>]<\/p>\r\n<p><a href=\"https:\/\/youtu.be\/wJd3S1AapSU?fbclid=IwAR2VY9ykORtFdgC76TDIIXzqTwnsnlM9pk5ijlNJGJrgQcAmOtOXz_YwLLE\" target=\"_blank\" rel=\"noopener nofollow noreferrer\" data-ft=\"{\"tn\":\"-U\"}\" data-lynx-mode=\"async\" data-lynx-uri=\"https:\/\/l.facebook.com\/l.php?u=https%3A%2F%2Fyoutu.be%2FwJd3S1AapSU%3Ffbclid%3DIwAR2VY9ykORtFdgC76TDIIXzqTwnsnlM9pk5ijlNJGJrgQcAmOtOXz_YwLLE&amp;h=AT1zzGCbB03R8uHd5MKXx-0L6j70G6eGB5k3bsSQLuPBQGqq1FaeBwSsk9EkBozqZzpAmEfx-QcF5bjFRwvpeqd3LAhiu8EjQaoV29DHy7vXtj-uQlPOvrlZgH03Q4oaEK3gZ9xSXjnJLasa2e7jap908sMhmHzeSQjpshlOTIhTuuTDMPXtW87zhJpvKdyoshCRbWFB_Sxm1sK-jyTmRVlkZNWFc8PJDiFQMQoasi_ASf-f5do2HyiObaent8oDR0TXKDw3PiOeJ_u8vzEop5kFUz2QFRS2EUdaX2sDGsxeyuPyxhQn_bZT5CE3Xeabno581uzDkewAFoApHfXDjGx7YupURdWLJ_AvFn-4O3BGzOi8vEjvqZb6T7-bAvSt2vwxTZxlYnQuZaWdXT84uwVKsxVkbvvg1_Zl6vbtgj3fY_Ni1dHq5FsdknydTCMj6FS1TnZOyV6E7FE76CuAfMoKatdcrenro5Z8LzsQtLUQz-EF0Fjr__0DZytatnImOSR0JCjJCLWHk_poVxYMLXC6hvdm5iTfEeYDytrmY3jIK50ofkaoSBPLcYo8S61-buhNG3S3mEGJ7e-_lla4HL8vf5pONv9GqcAKxH0mLq1gZ5_BVwrhMK2ytNd3sbe1HazPjEc\">https:\/\/youtu.be\/wJd3S1AapSU&nbsp;<\/a><\/p>\r\n<p class=\"zrodlo\">Za: <a href=\"http:\/\/isakowicz.pl\/bp-w-mering-ktory-wydal-zakaz-abp-lendze-to-wspolpracownik-sb-i-homo-lobby\/\">isakowicz.pl (21 lutego 2020)<\/a><\/p>\r\n<h4>&nbsp;<\/h4>\r\n<hr style=\"background-color: #000000; border-width: 0; color: #000000; height: 2px; line-height: 0; text-align: center; width: 100%;\">\r\n<h4>&nbsp;<\/h4>","protected":false},"excerpt":{"rendered":"Abp Jan Pawe\u0142 Lenga, decyzj\u0105 biskupa w\u0142oc\u0142awskiego Wies\u0142awa Meringa, ma powstrzyma\u0107 si\u0119 od g\u0142oszenia kaza\u0144 i publicznego przewodniczenia liturgii. Ten sam zakaz dotyczy wypowiedzi dla medi\u00f3w &#8211; poinformowa\u0142 KAI kanclerz w\u0142oc\u0142awskiej Kurii ks. dr Artur Niemira. Abp Jan Pawe\u0142 Lenga, emerytowany biskup Karagandy w Kazachstanie, od 2011 roku przebywa w klasztorze ksi\u0119\u017cy Marian\u00f3w w Licheniu [&hellip;]","protected":false},"author":1,"featured_media":0,"comment_status":"closed","ping_status":"closed","sticky":false,"template":"","format":"standard","meta":{"_acf_changed":false,"_monsterinsights_skip_tracking":false,"_monsterinsights_sitenote_active":false,"_monsterinsights_sitenote_note":"","_monsterinsights_sitenote_category":0,"ngg_post_thumbnail":0,"footnotes":"","_wp_rev_ctl_limit":""},"categories":[5],"tags":[16,98,36,33],"acf":[],"_links":{"self":[{"href":"https:\/\/www.bibula.com\/index.php?rest_route=\/wp\/v2\/posts\/112147"}],"collection":[{"href":"https:\/\/www.bibula.com\/index.php?rest_route=\/wp\/v2\/posts"}],"about":[{"href":"https:\/\/www.bibula.com\/index.php?rest_route=\/wp\/v2\/types\/post"}],"author":[{"embeddable":true,"href":"https:\/\/www.bibula.com\/index.php?rest_route=\/wp\/v2\/users\/1"}],"replies":[{"embeddable":true,"href":"https:\/\/www.bibula.com\/index.php?rest_route=%2Fwp%2Fv2%2Fcomments&post=112147"}],"version-history":[{"count":0,"href":"https:\/\/www.bibula.com\/index.php?rest_route=\/wp\/v2\/posts\/112147\/revisions"}],"wp:attachment":[{"href":"https:\/\/www.bibula.com\/index.php?rest_route=%2Fwp%2Fv2%2Fmedia&parent=112147"}],"wp:term":[{"taxonomy":"category","embeddable":true,"href":"https:\/\/www.bibula.com\/index.php?rest_route=%2Fwp%2Fv2%2Fcategories&post=112147"},{"taxonomy":"post_tag","embeddable":true,"href":"https:\/\/www.bibula.com\/index.php?rest_route=%2Fwp%2Fv2%2Ftags&post=112147"}],"curies":[{"name":"wp","href":"https:\/\/api.w.org\/{rel}","templated":true}]}}