{"id":111998,"date":"2020-02-08T09:37:23","date_gmt":"2020-02-08T14:37:23","guid":{"rendered":"http:\/\/www.bibula.com\/?p=111998"},"modified":"2020-02-11T10:38:35","modified_gmt":"2020-02-11T15:38:35","slug":"ukrainopolonia-przemyslaw-zaluska","status":"publish","type":"post","link":"https:\/\/www.bibula.com\/?p=111998","title":{"rendered":"Ukrainopolonia &#8211; <em>Przemys\u0142aw Za\u0142uska<\/em>"},"content":{"rendered":"<p><strong>Polska stoi obecnie wobec perspektywy stania si\u0119 pa\u0144stwem dwunarodowym, w kt\u00f3rym suwerenno\u015b\u0107 na obecnym terytorium Rzeczypospolitej dzieli\u0107 b\u0119dziemy z Ukrai\u0144cami<\/strong><\/p>\r\n<p>Nie tylko obecno\u015b\u0107 ponad miliona Ukrai\u0144c\u00f3w w Polsce potwierdzaj\u0105 liczne \u017ar\u00f3d\u0142a, lecz tak\u017ce o obecno\u015bci tej przekona\u0107 si\u0119 mo\u017cna w wi\u0119kszo\u015bci naszych miast, po prostu wychodz\u0105c na ulic\u0119. Najlepsze dane, kt\u00f3re mamy, okre\u015blaj\u0105 ich liczebno\u015b\u0107 w naszym kraju na od ok. 1 mln do 1,5 mln.<\/p>\r\n<p>Dla por\u00f3wnania &#8211; przez kilkana\u015bcie lat od wst\u0105pienia do Unii Europejskiej w 2004 r. \u0142\u0105czna pula emigracji polskiej w Wielkiej Brytanii wynosi wed\u0142ug tamtejszych \u017ar\u00f3de\u0142 1 mln os\u00f3b. W licz\u0105cej 63 mln mieszka\u0144c\u00f3w Wielkiej Brytanii odpowiada to proporcjonalnie ok. 600 tys. os\u00f3b w Polsce. W stosunku do populacji gospodarzy Ukrai\u0144c\u00f3w w Polsce jest wi\u0119c dwu-, trzykrotnie wi\u0119cej ni\u017c Polak\u00f3w w Wielkiej Brytanii, gdzie s\u0105 oni znacz\u0105c\u0105 i zauwa\u017caln\u0105 grup\u0105 imigrant\u00f3w.<\/p>\r\n<p>W Niemczech liczba os\u00f3b o polskim pochodzeniu to ok. 2 mln, co odpowiada\u0142oby mniej ni\u017c 1 mln imigrant\u00f3w w Polsce. Jednak tak liczna spo\u0142eczno\u015b\u0107 to skutek imigracji obejmuj\u0105cej ca\u0142y okres powojenny, roz\u0142o\u017conej na wiele dziesi\u0119cioleci, co stwarza\u0142o warunki dla stopniowej integracji przybysz\u00f3w.<\/p>\r\n<p>Polska emigracja w Anglii by\u0142a budowana w ci\u0105gu 15 lat od 2004 r. \u00d3w milion os\u00f3b, kt\u00f3re nap\u0142yn\u0119\u0142y w ci\u0105gu 15 lat, to oczywi\u015bcie du\u017co i tempo tego nap\u0142ywu by\u0142o wysokie, ale ca\u0142kowicie blednie ono w por\u00f3wnaniu z nap\u0142ywem 1,5 mln Ukrai\u0144c\u00f3w do nas &#8211; kt\u00f3rzy \u201eteleportowali si\u0119\u201d tutaj w ci\u0105gu ledwie ostatnich czterech-pi\u0119ciu lat.<\/p>\r\n<p>Te por\u00f3wnania pozwalaj\u0105 nam zrozumie\u0107, \u017ce liczba obecnych w Polsce Ukrai\u0144c\u00f3w jest ju\u017c teraz niezwykle wysoka jako procent (ok. 3-4 proc.) populacji kraju. Nawet w pa\u0144stwach nawyk\u0142ych do masowej imigracji od dziesi\u0119cioleci bardzo rzadko zdarza si\u0119, aby pozwolono na tak\u0105 koncentracj\u0119 przybysz\u00f3w z jednego kraju i jednej narodowo\u015bci.<\/p>\r\n<p>Dlaczego liczba migrant\u00f3w oraz tempo ich nap\u0142ywu maj\u0105 znaczenie? S\u0105 to czynniki, kt\u00f3re obok innych determinuj\u0105 mo\u017cliwo\u015b\u0107 asymilacji. Co do liczby sprawa jest intuicyjnie zrozumia\u0142a: kilka tysi\u0119cy migrant\u00f3w zniknie w\u015br\u00f3d miejscowych, kilka milion\u00f3w nie tylko nie zniknie, lecz tak\u017ce stworzy w\u0142asne przestrzenie, dzielnice. Przy odpowiednio licznej obecno\u015bci danej diaspory powstaj\u0105 mo\u017cliwo\u015bci normalnego \u017cycia prawie bez zwi\u0105zku z autochtonami, ich kultur\u0105 i j\u0119zykiem. Odpowiednio liczna mniejszo\u015b\u0107 otwiera w\u0142asne sklepy, tworzy szkolnictwo, organizacje spo\u0142eczne, miejsca kultu itp. Niekt\u00f3re grupy tworz\u0105 wr\u0119cz hermetyczne dzielnice.<\/p>\r\n<p>Relatywnie niskie tempo nap\u0142ywu migrant\u00f3w, roz\u0142o\u017cenie procesu na dziesi\u0119ciolecia, powoduje, \u017ce minimalizowana jest szansa na powstawanie etnicznych gett. Pomy\u015blmy o 2 mln naszych rodak\u00f3w w Niemczech: emigrowali oni tam przez ca\u0142y okres PRL i nast\u0119pnie przez 30 lat istnienia III RP. Dzisiaj tych ludzi s\u0105 2 mln, ale jest to wynik wielu dekad imigracji. Kolejne tysi\u0105ce przyje\u017cd\u017ca\u0142y, osiedla\u0142y si\u0119 w\u015br\u00f3d obcych, powoli si\u0119 integrowa\u0142y i dopiero w trakcie tego procesu pojawia\u0142y si\u0119 tysi\u0105ce innych. Jest chyba jasne i \u0142atwe do uprzytomnienia sobie, \u017ce nag\u0142e przeniesienie 2 mln praktycznie z dnia na dzie\u0144 mia\u0142oby ca\u0142kiem inne skutki dla ich asymilacji.<\/p>\r\n<h4>Eksperyment z przeszczepianiem<\/h4>\r\n<p>Temat ten nie jest przedmiotem publicznej debaty, cho\u0107 masowy charakter obecno\u015bci Ukrai\u0144c\u00f3w w Polsce okazuje si\u0119 rzeczywi\u015bcie mie\u0107 nieomal bezprecedensowy w historii wsp\u00f3\u0142czesnych migracji europejskich charakter. Mo\u017cna powiedzie\u0107, \u017ce jako spo\u0142ecze\u0144stwo jeste\u015bmy obiektem eksperymentu polegaj\u0105cego na nag\u0142ym przeszczepieniu jednolitej, zwartej grupy etnicznej &#8211; prawdziwego importu nie pojedynczych imigrant\u00f3w, ale ca\u0142ej \u201egotowej do u\u017cycia\u201d zorganizowanej mniejszo\u015bci. Bardzo ostro\u017cnie mo\u017cemy stwierdzi\u0107, \u017ce jest to eksperyment, kt\u00f3rego skutk\u00f3w co prawda nie jeste\u015bmy w stanie w 100 proc, przewidzie\u0107, ale kt\u00f3ry na pewno jest bardzo ryzykowny.<\/p>\r\n<p>Mamy ju\u017c chyba wszyscy \u015bwiadomo\u015b\u0107, \u017ce obecno\u015b\u0107 tak licznej spo\u0142eczno\u015bci ukrai\u0144skiej na r\u00f3\u017cne sposoby wp\u0142ywa na nasze zawodowe, czasami te\u017c prywatne \u017cycie w przer\u00f3\u017cnych sferach. Warto w tym miejscu postawi\u0107 pytanie: Czy ktokolwiek z czytelnik\u00f3w przypomina sobie ten moment, gdy jego i nas jako zbiorowo\u015b\u0107 pytano o zdanie w tej sprawie przed podj\u0119ciem decyzji o nieograniczonym otwarciu naszego rynku pracy na Wsch\u00f3d? Albo w kt\u00f3rym to programie wyborczym &#8211; niewa\u017cne, czy naszych ulubie\u0144c\u00f3w politycznych, czy \u015bmiertelnych wrog\u00f3w &#8211; \u00f3w postulat by\u0142 zawarty?<\/p>\r\n<p>Przykra, a mo\u017ce straszna prawda jest taka, \u017ce nikt o tak fundamentalnej zmianie w naszym \u017cyciu spo\u0142ecznym z nami nie dyskutowa\u0142, nie przekonywa\u0142 nas do niej, nie obiecywa\u0142 jej ani nie konsultowa\u0142 si\u0119 z nami co do jej wprowadzenia. Co wi\u0119cej, rozlu\u017anienie przepis\u00f3w, kt\u00f3re dzi\u015b ju\u017c skutkuje tym, \u017ce 3-4 proc, ludno\u015bci w Polsce to Ukrai\u0144cy, nie tylko nie jest efektem realizacji obietnic wyborczych ani wielkiej i g\u0142o\u015bnej debaty parlamentarnej, ale zmiany jakich\u015b trzeciorz\u0119dnych przepis\u00f3w. Proces ten jest ca\u0142kowicie wyj\u0119ty spod kontroli demokratycznej, a suweren, czyli my, nie jest w tej sprawie nawet konsultowany.<\/p>\r\n<p>Oto stan obecny, kt\u00f3ry sam w sobie u ka\u017cdej osoby o jakiejkolwiek orientacji w historii I i II Rzeczypospolitej oraz historii powszechnej powinien wywo\u0142a\u0107 co najmniej zaniepokojenie, je\u015bli nie alarm. Jednak to naprawd\u0119 tylko pocz\u0105tek tego, co mo\u017ce si\u0119 sta\u0107.<\/p>\r\n<h4>Pa\u0144stwo dwunarodowe<\/h4>\r\n<p>Jak wygl\u0105da realny scenariusz Ukrainopolonii, kt\u00f3ry mo\u017ce si\u0119 urzeczywistni\u0107 cho\u0107by jutro? Jest to perspektywa przyznania owemu 1,5 mln Ukrai\u0144c\u00f3w d\u0142ugookresowego prawa sta\u0142ego pobytu z mo\u017cliwo\u015bci\u0105 \u015bci\u0105gni\u0119cia najbli\u017cszej rodziny lub przyznania im obywatelstwa.<\/p>\r\n<p>Odpowiednie decyzje co do np. szybkiej i na d\u0142ugi okres wa\u017cnej legalizacji pobytu mog\u0105 zapa\u015b\u0107 w ka\u017cdej chwili.<\/p>\r\n<p>Sytuacja by\u0142aby wtedy jeszcze ci\u0105gle (teoretycznie] do odwr\u00f3cenia, a prawdziwym punktem bez odwrotu by\u0142oby przyznanie im obywatelstwa. W praktyce by\u0142by to jednak milowy krok do przekszta\u0142cenia Polski w pa\u0144stwo dwunarodowe, ze wszystkimi tego politycznymi, spo\u0142ecznymi, religijnymi, kulturowymi konsekwencjami.<\/p>\r\n<p>Du\u017ca cz\u0119\u015b\u0107, zapewne wi\u0119kszo\u015b\u0107, obecnie przebywaj\u0105cych u nas Ukrai\u0144c\u00f3w pracuje na podstawie o\u015bwiadcze\u0144 i zezwole\u0144 wydawanych na kilka miesi\u0119cy. W praktyce kr\u0105\u017c\u0105 mi\u0119dzy swym rodzinnym domem a Polsk\u0105. W momencie powstania mo\u017cliwo\u015bci d\u0142ugotrwa\u0142ego, legalnego pobytu w naszym kraju zapewne wi\u0119kszo\u015b\u0107 z nich ze wzgl\u0119du na lepsze warunki socjalne, bytowe itp. zdecydowa\u0142aby si\u0119 na przywiezienie do Polski tak\u017ce swoich rodzin.<\/p>\r\n<p>Ukrai\u0144ska demografia nie jest co prawda lepsza od naszej, ale wielu w takiej sytuacji sprowadzi\u0142oby wsp\u00f3\u0142ma\u0142\u017conka, dzieci, mo\u017ce nawet starszych wiekiem rodzic\u00f3w. Ilu by ich by\u0142o? Przyj mijmy bardzo ostro\u017cnie, \u017ce ka\u017cdy dzi\u015b pracuj\u0105cy przywi\u00f3z\u0142by zaledwie jedn\u0105 osob\u0119 lub dwie &#8211; np. tylko wsp\u00f3\u0142ma\u0142\u017conka i jedno dziecko lub rodzica. W takim bardzo minimalistycznym scenariuszu nadanie prawa pobytu obecnie pracuj\u0105cym w Polsce skutkowa\u0142oby sta\u0142\u0105 obecno\u015bci\u0105 w naszym kraju od 3 do 4,5 mln Ukrai\u0144c\u00f3w. A to by\u0142by dopiero pocz\u0105tek, gdy\u017c owa mniejszo\u015b\u0107 przyci\u0105ga\u0142aby niczym magnes kolejnych imigrant\u00f3w. Bior\u0105c pod uwag\u0119 poziom rozwoju Ukrainy i do\u015bwiadczenia kraj\u00f3w, kt\u00f3re wst\u0105pi\u0142y do Unii Europejskiej w latach 2004 i 2007, mo\u017cna ostro\u017cnie ocenia\u0107 potencja\u0142 migracyjny Ukrainy na minimum 5 mln os\u00f3b. W rezultacie z pozoru b\u0142ahej decyzji Polska mog\u0142aby w bardzo kr\u00f3tkim czasie dorobi\u0107 si\u0119 mniejszo\u015bci etnicznej stanowi\u0105cej 8-12 proc, populacji (i to z potencja\u0142em wzrostu tego odsetka].<\/p>\r\n<p>Podkre\u015blmy &#8211; nie chodzi o to, \u017ce przez to udzia\u0142 migrant\u00f3w w ca\u0142ym spo\u0142ecze\u0144stwie by\u0142by u nas wyj\u0105tkowo wysoki &#8211; wy\u017cszy maj\u0105 np. Niemcy czy Wielka Brytania &#8211; ale o fakt, \u017ce nale\u017celiby oni do jednej grupy etnicznej, \u017ce stanowiliby faktycznie drugi nar\u00f3d w pa\u0144stwie. Z tak\u0105 sytuacj\u0105 stworzon\u0105 przez migracj\u0119 we wsp\u00f3\u0142czesnej Europie nie mieli\u015bmy jeszcze do czynienia. Niew\u0105tpliwie po cz\u0119\u015bci w\u0142a\u015bnie dlatego, \u017ce kraje przyjmuj\u0105ce imigrant\u00f3w staraj\u0105 si\u0119 przyjmowa\u0107 ich z r\u00f3\u017cnych kraj\u00f3w, tak aby nie prowadzi\u0107 do powstania problematycznej sytuacji.<\/p>\r\n<p>Co oznacza 8-12-procentowy udzia\u0142 mniejszo\u015bci narodowej w ludno\u015bci kraju? Mo\u017cna to zilustrowa\u0107 przez odwo\u0142anie si\u0119 do do\u015bwiadcze\u0144 naszych s\u0105siad\u00f3w. Polacy na Litwie stanowi\u0105 ok. 6 proc, populacji, a razem z Rosjanami &#8211; kolejn\u0105 bardzo liczn\u0105 mniejszo\u015bci\u0105 &#8211; w\u0142a\u015bnie ok. 12 proc. Mniejszo\u015bci w\u0119gierskie na S\u0142owacji czy w Rumunii to 7-10 proc., a wok\u00f3\u0142 ich obecno\u015bci trwa ci\u0105g\u0142y konflikt. W Finlandii, chocia\u017c historyczna mniejszo\u015b\u0107 szwedzka liczy \u201ezaledwie\u201d 5 proc, populacji, j\u0119zyk szwedzki ma status drugiego oficjalnego.<\/p>\r\n<p>Przy ca\u0142ej \u017cyczliwo\u015bci dla Ukrai\u0144c\u00f3w jako ludzi i zrozumieniu roli geopolitycznej tego pa\u0144stwa dla naszego bezpiecze\u0144stwa &#8211; czy naprawd\u0119 chcemy, by ju\u017c nie tylko polski, lecz tak\u017ce ukrai\u0144ski by\u0142 naszym j\u0119zykiem oficjalnym? Aby nasze ulice mia\u0142y wsz\u0119dzie dwuj\u0119zyczne napisy? Aby Ukrai\u0144cy jako wsp\u00f3\u0142gospodarze decydowali, jakie pomniki postawi\u0107, a jakie usun\u0105\u0107 z plac\u00f3w naszych miast? <span class=\"pullquote\">Jaka\u017c to konieczno\u015b\u0107 dziejowa zmusza nas do tego, by\u015bmy od teraz musieli \u017cy\u0107 z sublokatorami w naszym w\u0142asnym domu?!<\/span> Jakie to hipotetyczne korzy\u015bci taki wyb\u00f3r &#8211; jak to w sytuacji dzielenia wsp\u00f3lnego lokalu z obcymi &#8211; wielce niewygodny i kr\u0119puj\u0105cy usprawiedliwiaj\u0105?<\/p>\r\n<p>Mniejszo\u015b\u0107 licz\u0105ca ok. 10 proc, ludno\u015bci kraju to w\u0142asne partie polityczne maj\u0105ce realny wp\u0142yw na kierunek polityki kraju, z czasem w\u0142asne szkolnictwo, dwuj\u0119zyczno\u015b\u0107, po prostu wszystko to, co powoduje, \u017ce tempo asymilacji i integracji spada bardzo silnie, a obecno\u015b\u0107 mniejszo\u015bci staje si\u0119 na dobre i z\u0142e trwa\u0142ym elementem krajobrazu kraju. Kto s\u0105dzi, \u017ce takie wsp\u00f3\u0142istnienie i wsp\u00f3\u0142gospodarzenie jest proste, ten nie zna ani historii, ani nawet tera\u017aniejszo\u015bci mniejszo\u015bci narodowych w Europie.<\/p>\r\n<h4>Historia ci\u0105g\u0142ych konflikt\u00f3w<\/h4>\r\n<p>Mniejszo\u015b\u0107 ukrai\u0144ska stanowi\u0142aby ponadto naturaln\u0105 \u201epi\u0105t\u0105 kolumn\u0119\u201d w ewentualnych sporach z Ukrain\u0105 (gdzie aktywne s\u0105 \u015brodowiska wysuwaj\u0105ce pod adresem Polski roszczenia terytorialne). By\u0142aby te\u017c obiektem rozgrywek zar\u00f3wno naszych wschodnich s\u0105siad\u00f3w, jak i zachodnich. Ka\u017cdy, kto w\u0105tpi, \u017ce tak by si\u0119 w\u0142a\u015bnie dzia\u0142o, powinien przyjrze\u0107 si\u0119 niedawnemu casusowi pani Ludmi\u0142y Koz\u0142owskiej &#8211; Ukrainki uznanej przez nasze w\u0142adze za osob\u0119 niepo\u017c\u0105dan\u0105 ze wzgl\u0119du na bezpiecze\u0144stwo pa\u0144stwa, a w zwi\u0105zku z tym ho\u0142ubionej i wpieranej przez Berlin i Bruksel\u0119.<\/p>\r\n<p>Obecno\u015b\u0107 tak licznej i w zwi\u0105zku z tym praktycznie nieasymilowalnej mniejszo\u015bci to k\u0142opot i olbrzymie polityczne ryzyko, nawet gdyby by\u0142a to ludno\u015b\u0107 kulturowo bliska i przyja\u017anie nastawiona. Problem staje si\u0119 jednak o wiele wi\u0119kszy, gdy u\u015bwiadomimy sobie mentaln\u0105 i cywilizacyjn\u0105 przepa\u015b\u0107 mi\u0119dzy naszymi narodami. Dzi\u0119ki fizycznemu podobie\u0144stwu oraz j\u0119zykowej blisko\u015bci zapominamy, \u017ce ludzie ci pochodz\u0105 z innego kr\u0119gu kulturowego, innej cywilizacji, o czym za\u015bwiadcza nie tylko Feliks Koneczny w ksi\u0105\u017cce \u201eO wielo\u015bci cywilizacji\u201d, lecz tak\u017ce bardziej wsp\u00f3\u0142cze\u015bnie Samuel Huntington w swoim \u201eZderzeniu cywilizacji\u201d.<\/p>\r\n<p>Warto u\u015bwiadomi\u0107 sobie, \u017ce obraz naszej wsp\u00f3lnej historii z Ukrai\u0144cami od czas\u00f3w wcielenia tych ziem do Korony Polskiej w roku 1569 przez ostatniego z Jagiellon\u00f3w to historia ci\u0105g\u0142ych konflikt\u00f3w, kt\u00f3rych cech\u0105 wyr\u00f3\u017cniaj\u0105c\u0105 jest niespotykane okrucie\u0144stwo. Rzezie, kt\u00f3rych kulminacj\u0105 by\u0142 1943 r., nie s\u0105 tu wyj\u0105tkiem, ale cz\u0119\u015bci\u0105 historycznej regu\u0142y. Barbarzy\u0144stwo zbrodni wo\u0142y\u0144skiej ma swoje korzenie w samej kulturze ukrai\u0144skiej. Taras Bulba, tytu\u0142owy bohater powie\u015bci Gogola, pisarza uwa\u017canego przez Ukrai\u0144c\u00f3w za ich rodaka, zabija w\u0142asnego syna za zwi\u0105zki z Polakami. Taras Szewczenko, uwa\u017cany za najwi\u0119kszego ukrai\u0144skiego poet\u0119, opiewa i s\u0142awi w poemacie \u201eHajdamacy\u201d rzezie Polak\u00f3w czasu koliszczyzny XVIII w. Oto gleba i zapowied\u017a zbrodni UPA.<\/p>\r\n<p>Co wi\u0119cej, dzisiejsza Ukraina i ci sami ludzie, kt\u00f3rzy dzi\u015b do nas przyje\u017cd\u017caj\u0105 i zachowuj\u0105 pozory dobrego nastawienia, u siebie prowadz\u0105 ca\u0142kiem inn\u0105 narracj\u0119. We Lwowie na budynku szko\u0142y polskiej umieszczona jest tablica upami\u0119tniaj\u0105ca Romana Szuchewycza &#8211; jednego z organizator\u00f3w ludob\u00f3jstwa Polak\u00f3w. Kamienne lwy na Cmentarzu Orl\u0105t we Lwowie s\u0105 przez Ukrai\u0144c\u00f3w umieszczone w pudle &#8211; dos\u0142ownie i w przeno\u015bni &#8211; za swoj\u0105 symboliczn\u0105 polsko\u015b\u0107. Szcz\u0105tki Polak\u00f3w na Ukrainie nie mog\u0105 by\u0107 chowane. S\u0105 one zak\u0142adnikami ukrai\u0144skiej polityki historycznej i trzeba je z powrotem wrzuca\u0107 do nieoznakowanych do\u0142\u00f3w. Oto polityka historyczna dzisiejszej Ukrainy i bardzo Polsce nieprzychylny klimat, w kt\u00f3rym wychowywani s\u0105 m\u0142odzi Ukrai\u0144cy. Tak ukszta\u0142towani ludzie, z takim nastawieniem przyje\u017cd\u017caj\u0105 teraz do nas. Swoistym memento i uosobieniem obaw, o kt\u00f3rych tu mowa, jest sprawa polskiego ucznia, kt\u00f3rego rodzicom grozi utrata praw rodzicielskich (!) w zwi\u0105zku z jego rzekomym \u201enacjonalizmem\u201d. Jego \u201ewina\u201d to polemika ze swoim ukrai\u0144skim koleg\u0105, kt\u00f3ry w polskiej szkole gloryfikowa\u0142 Bander\u0119. Oto w pigu\u0142ce obraz naszej przysz\u0142o\u015bci w Ukrainopolonii.<\/p>\r\n<p>Nabycie na w\u0142asne \u017cyczenie bardzo licznej mniejszo\u015bci narodowej, nawet gdyby by\u0142a to historycznie przyjazna i kulturalnie bliska ludno\u015b\u0107, to krok ryzykowny, wr\u0119cz szalony. Ze wzgl\u0119du na odmienn\u0105 mentalno\u015b\u0107, cywilizacj\u0119 i kultur\u0119 przybysz\u00f3w oraz z powodu antagonistycznego historycznie stosunku Ukrai\u0144c\u00f3w do Polski i Polak\u00f3w stajemy wobec niezwykle niebezpiecznej dla naszego kraju i narodu sytuacji. Czas, by\u015bmy sobie to u\u015bwiadomili i podj\u0119li na ten temat debat\u0119.<\/p>\r\n<p>[\u0179r\u00f3d\u0142o:] DoRzeczy, nr 32, 5-11.08.2019 r.<\/p>\r\n<p class=\"zrodlo\">Za: <a href=\"http:\/\/dakowski.pl\/index.php?option=com_content&amp;task=view&amp;id=27150&amp;Itemid=100\">Strona prof. Miros\u0142awa Dakowskiego (07.02.2020)<\/a><\/p>\r\n<h4>&nbsp;<\/h4>\r\n<hr style=\"background-color: #000000; border-width: 0; color: #000000; height: 2px; line-height: 0; text-align: center; width: 100%;\">\r\n<h4>&nbsp;<\/h4>","protected":false},"excerpt":{"rendered":"Polska stoi obecnie wobec perspektywy stania si\u0119 pa\u0144stwem dwunarodowym, w kt\u00f3rym suwerenno\u015b\u0107 na obecnym terytorium Rzeczypospolitej dzieli\u0107 b\u0119dziemy z Ukrai\u0144cami Nie tylko obecno\u015b\u0107 ponad miliona Ukrai\u0144c\u00f3w w Polsce potwierdzaj\u0105 liczne \u017ar\u00f3d\u0142a, lecz tak\u017ce o obecno\u015bci tej przekona\u0107 si\u0119 mo\u017cna w wi\u0119kszo\u015bci naszych miast, po prostu wychodz\u0105c na ulic\u0119. Najlepsze dane, kt\u00f3re mamy, okre\u015blaj\u0105 ich liczebno\u015b\u0107 [&hellip;]","protected":false},"author":1,"featured_media":0,"comment_status":"closed","ping_status":"closed","sticky":false,"template":"","format":"standard","meta":{"_acf_changed":false,"_monsterinsights_skip_tracking":false,"_monsterinsights_sitenote_active":false,"_monsterinsights_sitenote_note":"","_monsterinsights_sitenote_category":0,"ngg_post_thumbnail":0,"footnotes":"","_wp_rev_ctl_limit":""},"categories":[9],"tags":[76,98,167],"acf":[],"_links":{"self":[{"href":"https:\/\/www.bibula.com\/index.php?rest_route=\/wp\/v2\/posts\/111998"}],"collection":[{"href":"https:\/\/www.bibula.com\/index.php?rest_route=\/wp\/v2\/posts"}],"about":[{"href":"https:\/\/www.bibula.com\/index.php?rest_route=\/wp\/v2\/types\/post"}],"author":[{"embeddable":true,"href":"https:\/\/www.bibula.com\/index.php?rest_route=\/wp\/v2\/users\/1"}],"replies":[{"embeddable":true,"href":"https:\/\/www.bibula.com\/index.php?rest_route=%2Fwp%2Fv2%2Fcomments&post=111998"}],"version-history":[{"count":0,"href":"https:\/\/www.bibula.com\/index.php?rest_route=\/wp\/v2\/posts\/111998\/revisions"}],"wp:attachment":[{"href":"https:\/\/www.bibula.com\/index.php?rest_route=%2Fwp%2Fv2%2Fmedia&parent=111998"}],"wp:term":[{"taxonomy":"category","embeddable":true,"href":"https:\/\/www.bibula.com\/index.php?rest_route=%2Fwp%2Fv2%2Fcategories&post=111998"},{"taxonomy":"post_tag","embeddable":true,"href":"https:\/\/www.bibula.com\/index.php?rest_route=%2Fwp%2Fv2%2Ftags&post=111998"}],"curies":[{"name":"wp","href":"https:\/\/api.w.org\/{rel}","templated":true}]}}