{"id":111981,"date":"2020-02-06T21:16:12","date_gmt":"2020-02-07T02:16:12","guid":{"rendered":"http:\/\/www.bibula.com\/?p=111981"},"modified":"2020-02-06T21:16:12","modified_gmt":"2020-02-07T02:16:12","slug":"dlaczego","status":"publish","type":"post","link":"https:\/\/www.bibula.com\/?p=111981","title":{"rendered":"Dlaczego?"},"content":{"rendered":"<p><strong>Gdybym Prezydentem Dud\u0105 by\u0142\u2026 To przede wszystkim zapyta\u0142bym mojego &#8222;wielkiego\u201d przyjaciela, Donalda Trumpa, czy zada\u0142 organizatorom i uczestnikom &#8222;zlotu s\u0119p\u00f3w\u201d w Yad Vashem, dlaczego Polsk\u0119 potraktowano, jak ostatni \u015bmie\u0107?<\/strong><\/p>\r\n<p>Je\u015bli nie zada\u0142, to, <b>dlaczego<\/b>? Jest przyjacielem\u2026, przyjacielem z NATO, gdzie &#8222;wszyscy za jednego\u201d i odwrotnie, gdzie Polska p\u0142aci miliardy z\u0142otych, NATO, kt\u00f3rego \u017co\u0142nierze, co z tego, \u017ce wy\u0142\u0105cznie ameryka\u0144scy, stacjonuj\u0105 w Polsce na rachunek Polski.<\/p>\r\n<p>75 lat po uwolnieniu wi\u0119\u017ani\u00f3w z miejsca najwi\u0119kszej, &#8222;cywilizowanej\u201d ka\u017ani, w kt\u00f3rej pierwszymi wi\u0119\u017aniami byli Polacy i przez ca\u0142e pi\u0119\u0107 lat wojny transportowani tam byli z tysi\u0119cy polskich miast, w kt\u00f3rej, pod \u015acian\u0105 \u015amierci zgin\u0119\u0142o najwi\u0119cej Polak\u00f3w, z kt\u00f3rych wi\u0119kszo\u015b\u0107 umiera\u0142a z okrzykiem &#8222;Jeszcze Polska nie zgin\u0119\u0142a\u201d, zabrania si\u0119 Polsce udzia\u0142u w obchodach tej rocznicy.<\/p>\r\n<p>Wr\u00f3\u0107my wi\u0119c do Londynu, gdzie na Parad\u0119 Zwyci\u0119stwa nie zaproszono polskich lotnik\u00f3w. Czy jaki\u015b, polski polityk zapyta\u0142, &#8211; <b>dlaczego?<\/b><\/p>\r\n<p>Nie, bo politycy w Polsce nie byli ju\u017c wtedy polskimi politykami, byli na \u0142a\u0144cuchu czerwonej Rosji. Ale dzi\u015b nie jeste\u015bmy na niczyim \u0142a\u0144cuchu\u2026? Naprawd\u0119?<\/p>\r\n<p>To, dlaczego dyrektorem Muzeum w O\u015bwi\u0119cimiu nadal pozostaje cz\u0142owiek, kt\u00f3ry, w\u0142a\u015bnie przy \u015acianie \u015amierci zabrania \u015bpiewa\u0107 hymn polski?<\/p>\r\n<p>Niestety, zawsze p\u0142aci si\u0119 za wygadywanie bzdur i nieodpowiedzialne w\u0142a\u017cenie w w\u0105tpliwe \u0142aski, w\u0105tpliwych przyjaci\u00f3\u0142. Od kiedy to \u017bydzi s\u0105 cz\u0119\u015bci\u0105 Polski w jej tysi\u0105cletniej historii? Zjawili si\u0119 dopiero w XII wieku. Nigdzie ich nie chcieli. We W\u0142oszech, je\u015bli udowodniono \u017bydowi lichw\u0119 wrzucano go, zwi\u0105zanego w worku do Tybru. W Polsce robili, co chcieli; dostali przywileje, maj\u0105tki, kradli, rozpijali ch\u0142opstwo i szlacht\u0119, zad\u0142u\u017cali i brali, &#8211; co si\u0119 da\u0142o i ile si\u0119 da\u0142o.Parli do w\u0142adzy do tego stopnia, \u017ce w 1968 roku by\u0142o ich ju\u017c tylu we w\u0142adzach, \u017ce sami musieli zrobi\u0107 z sob\u0105 porz\u0105dek i sprowokowali &#8222;studencki marzec\u201d. Ale dziwnym zbiegiem okoliczno\u015bci <i>&#8222;wolno\u015b\u0107 w Izraelu\u201d<\/i> wybra\u0142o zaledwie trzyna\u015bcie tysi\u0119cy. Reszta zosta\u0142a. To w ko\u0144cu by\u0142o im \u017ale, czy dobrze?<\/p>\r\n<p>Setki tysi\u0119cy na odrestaurowanie cmentarza \u017cydowskiego, miliony na muzeum \u017cydowskie, wielkie gesty, wielkie s\u0142owa, a na koniec policzek. \u017bydzi maj\u0105 miliony dolar\u00f3w na to, \u017ceby sobie odrestaurowa\u0107 cmentarze swoich braci, ale, <i>po, co wydawa\u0107, jak Polacy zrobi\u0105 to za swoje i jeszcze do\u0142o\u017c\u0105 muzeum, gdzie a\u017c kipi od \u017cydowskich krzywd i utrapie\u0144. &#8211; <\/i><b>Dlaczego?<\/b><\/p>\r\n<p>\u0179aden polski rz\u0105d nie zwr\u00f3ci\u0142 si\u0119 do Stan\u00f3w Zjednoczonych o prawdziwy, wojskowy, na koszt pa\u0144stwa pogrzeb Genera\u0142a Pu\u0142askiego? &#8211; <b>Dlaczego?<\/b><\/p>\r\n<p>Pytaniem kluczowym jest to ma\u0142e s\u0142owo: <b>dlaczego? <\/b>Tak, jak lekarze nie powinni leczy\u0107 chor\u00f3b, a wy\u0142\u0105cznie ich przyczyny, tak historycy, dziennikarze powinni zadawa\u0107 pytanie, &#8211; <b>dlaczego<\/b> jest, jak jest, <b>dlaczego<\/b> by\u0142o, jak by\u0142o? <b>DLACZEGO?<\/b><b><br>\r\n<\/b>Mo\u017cna by powiedzie\u0107, \u017ce wszystko wraca do ko\u0144ca lat czterdziestych minionego stulecia, gdzie zainstalowano w Polsce czerwony rz\u0105d przedstawicieli ZSRR, a oni usadowili si\u0119 tak mocno, \u017ce najmniejsze nawet zagro\u017cenie traktowali, jak \u015bmiertelne niebezpiecze\u0144stwo dla systemu I przenikn\u0119li do wszystkich struktur, a zw\u0142aszcza tych, kt\u00f3re wykazywa\u0142y najwi\u0119cej energii wyzwole\u0144czej: Polonia (szczeg\u00f3lnie w Stanach), a w Polsce najwi\u0119kszy ruch spo\u0142eczny, jakim by\u0142a Solidarno\u015b\u0107. Ten zwi\u0105zek zawodowy objawi\u0142 niewiarygodn\u0105 solidarno\u015b\u0107 spo\u0142ecze\u0144stwa, ale i niewiarygodne dra\u0144stwo. Pocz\u0105wszy od Wa\u0142\u0119sy , kt\u00f3ry ok\u0142ama\u0142 wszystkich Polak\u00f3w, \u0142\u0105cznie z Papie\u017cem i wszystkich mo\u017cnow\u0142adc\u00f3w \u00f3wczesnego \u015bwiata.Jeden z najwi\u0119kszych drani w historii Polski, a potem by\u0142y partie; co jedna, to gorsza; jedni kradli inni formowali rodzinne synekury, a jeszcze inni sprzedawali Polsk\u0119 za bezcen, za\u015b ostatnia pi\u0119ciolatka ujawni\u0142a zdrajc\u00f3w donosz\u0105cych do Parlamentu Europejskiego, &#8211; s\u0119dziowie, prawnicy, dzia\u0142acze PO (celowo nie nazywam ich politykami, cho\u0107by kt\u00f3ry i pi\u0119tna\u015bcie lat pierdzia\u0142 w sejmowy sto\u0142ek, &#8211; to s\u0105 ch\u0142opki roztropki, prymitywne buractwo), do tego niekt\u00f3rzy dziennikarze, a nawet przedstawiciele kleru.<\/p>\r\n<p>Kto s\u0142ysza\u0142 o ukaranym za niegospodarne wydawanie spo\u0142ecznych pieni\u0119dzy polityku?<\/p>\r\n<p>Kto s\u0142ysza\u0142 o wywaleniu z partii, z sejmu, na zbity pysk polityka, dla kt\u00f3rego Polska, to ch\u2026 d.. i kamieni kupa, dla kt\u00f3rego Polska, to to kraj, kt\u00f3ry istnieje tylko teoretycznie? Kto s\u0142ysza\u0142 o ukaraniu s\u0119dziego za zgarni\u0119cie z lady sklepowej 50 z\u0142otych? Sprawa by\u0142a, ale z\u0142odziejski przedstawiciel prawa zosta\u0142 usprawiedliwiony, uniewinniony, a ca\u0142ej Palestrze by\u0142o do p\u0142aczu, \u017ce ich kolega zosta\u0142 potraktowany, jak kryminalista.<\/p>\r\n<p>A s\u0142yszeli\u015bcie o ukaraniu babci za zwini\u0119tego z p\u00f3\u0142ki&nbsp; batonika? A o kierowniku wi\u0119zienia, kt\u00f3ry zap\u0142aci\u0142 za wi\u0119\u017ania? A o chorym cz\u0142owieku, kt\u00f3ry wzi\u0105\u0142 spod sklepu nie sw\u00f3j rower? A o piekarzu, kt\u00f3ry za darmo dawa\u0142 pieczywo i tak go przycisn\u0119li podatkami, \u017ce zbankrutowa\u0142?<\/p>\r\n<p>Szczerze? My\u015bla\u0142em, \u017ce Prawo i Sprawiedliwo\u015b\u0107 zrobi porz\u0105dek. No, i sko\u0144czy\u0142o si\u0119 na moim my\u015bleniu. Zanim jednak dobrn\u0119li\u015bmy do lat dwudziestych, XXI wieku, to jeszcze by\u0142o sporo lat po drodze. Akcja rodzi reakcj\u0119, nieobliczalne gesty przynosz\u0105 nieobliczalne efekty. I, na przyk\u0142ad, jaki cel, ju\u017c nie m\u00f3wi\u0119 o sensie, mia\u0142o wymachiwanie szabelka przed nosem Putina, przez Antoniego Macierewicza? W czasach, kiedy ca\u0142y \u015bwiat wiedzia\u0142, \u017ce pot\u0119ga Rosji sta\u0142a si\u0119 histori\u0105, Antoni Macierewicz wm\u00f3wi\u0142 wszystkim, \u017ce najwi\u0119ksze zagro\u017cenie znajduje si\u0119 po naszej wschodniej strony. Okre\u015blenie &#8222;wschodnia flanka\u201d sta\u0142o si\u0119 tak codzienne, jak niegdy\u015b mleko w butelkach u bram ka\u017cdej posesji. A obecny minister resortu obronnego ma to s\u0142owo na ustach, jak mantr\u0119; on z nim je, \u015bpi, spaceruje, uprawia seks, siedzi z nim za biurkiem i trzyma, je pod swoj\u0105 panterk\u0105.<\/p>\r\n<p>Putin okaza\u0142 si\u0119 mocniejszy od wszystkich mocnych posuni\u0119\u0107 Polski, takich jak ameryka\u0144ska baza, jak F16 i planowane F35, jak&nbsp; do b\u00f3lu wyraziste ignorowanie tysi\u0105cletniego s\u0105siedztwa na wschodzie i ograniczenie wwsp\u00f3\u0142pracy gospodarczo-ekonomicznej. Pawlak sprzeda\u0142 nas za bezcen w kwestii paliw,&nbsp; &#8211; obecni rz\u0105dz\u0105cy odci\u0119li wszystko. Kompletny debilizm.<\/p>\r\n<p>Putin nie musia\u0142 u\u017cy\u0107 ani rakiet, ani armii, ani czo\u0142g\u00f3w, ani woz\u00f3w pancernych. Waln\u0105\u0142 s\u0142owami, \u017ce posz\u0142o nam w pi\u0119ty, a, \u017ce dra\u0144 z niego wyj\u0105tkowy, bo \u015bwietnie pod tym wzgl\u0119dem wyszkolony, to zrobi\u0142 to tak, \u017ce ca\u0142y \u015bwiat, a definitywnie owych 46 przedstawicieli 46 kraj\u00f3w zaproszonych do Yad Vashem uwierzy\u0142o i nie zdziwie\u0142o si\u0119 zakazem wyst\u0105pienia dla prezydenta Polski. A, <b>dlaczego<\/b> si\u0119 nie zdziwi\u0142o? Bo przez te 75 lat Polska nie krzycza\u0142a, nie atakowa\u0142a \u015bwiata informacj\u0105 o polskim Holokau\u015bcie. <b>Dlaczego<\/b> nikt z tych 45 nie postawi\u0142 organizatorom zarzutu, \u017ce oto kraj, kt\u00f3ry by\u0142 przeznaczony do totalnej eksterminacji nie ma prawa g\u0142osu na tak obchodach tak wa\u017cnej rocznicy? <b>Dlaczego?<\/b> Nikt z nich nie zdoby\u0142 si\u0119 na skrytykowanie opinii Putina, \u017ce to nie Polska z Niemcami wywo\u0142a\u0142a II Wojn\u0119 \u015awiatow\u0105 i nie przypomnia\u0142, \u017ce dwa tygodnie po inwazji z zachodu Rosja dokona\u0142a inwazji ze wschodu. <b>Dlaczego?<\/b><\/p>\r\n<p>A no, dlatego, \u017ce wsp\u00f3\u0142cze\u015bni politycy uprawiaj\u0105 polityk\u0119 poprawno\u015bci, ale najch\u0119tniej w stosunku do silnych; dlatego, \u017ce wsp\u00f3\u0142cze\u015bni politycy nie znaj\u0105 historii, a wreszcie dlatego, \u017ce s\u0105 kraje, kt\u00f3re sobie pozwalaj\u0105 na to, \u017ceby im przywala\u0107.<\/p>\r\n<p>Kiedy Polonia wszcz\u0119\u0142a larum o Ustawie S447, &#8222;Nadredaktor\u201d Sakiewicz krytykowa\u0142, a jego ameryka\u0144skie \u017co\u0142nierzyki w sile \u2026 dw\u00f3ch przytakiwa\u0142o i do dzi\u015b krytykuje. To samo zrobili z Pomnikiem Masakry Katy\u0144skiej: <i>przenie\u015b\u0107 nad \u015bciek, burmistrz ma racje, to sukces, \u017ce Pomnik stanie nad \u015bciekiem, a nie w magazynie!!! &nbsp; <\/i>Hej ch\u0142opaki, a gdzie patriotyzm, gdzie honor, gdzie Pami\u0119\u0107 Narodowa, gdzie szacunek dla polskich \u017co\u0142nierzy? Oblejcie si\u0119 rumie\u0144cem wstydu i nie pokazujcie si\u0119 uczciwym, prawym i porz\u0105dnym ludziom..<\/p>\r\n<p>A potem: <i>wygrali\u015bmy<\/i>!!! <i>Pomnik zostaje na swoim miejscu!!<\/i>!&nbsp;<\/p>\r\n<p>Takiej ob\u0142udy nie widzia\u0142em, jak \u017cyj\u0119.<br>\r\nBrak szacunku dla siebie powoduje brak szacunku ze strony innych.<\/p>\r\n<p>Polacy, poka\u017ccie \u015bwiatu prawd\u0119.&nbsp;<\/p>\r\n<p>Przyjd\u017acie na Marsz 14 czerwca. WSZYSCY!!!&nbsp;<\/p>\r\n<p>Bo to b\u0119d\u0105 polskie uroczysto\u015bci rocznicowe zwi\u0105zane z polskim Holokaustem, zwi\u0105zane z Polakami zamordowanymi w O\u015bwi\u0119cimiu. Podobne wydarzenia b\u0119d\u0105 mia\u0142y miejsce w USA. \u015awiat musi si\u0119 na sekund\u0119 zatrzyma\u0107 i pomy\u015ble\u0107. Nie czekajmy na rz\u0105d, nie czekajmy na oficjalne organizacje.&nbsp;<\/p>\r\n<p><strong><em>Jan Sporek<\/em><\/strong><\/p>","protected":false},"excerpt":{"rendered":"Gdybym Prezydentem Dud\u0105 by\u0142\u2026 To przede wszystkim zapyta\u0142bym mojego &#8222;wielkiego\u201d przyjaciela, Donalda Trumpa, czy zada\u0142 organizatorom i uczestnikom &#8222;zlotu s\u0119p\u00f3w\u201d w Yad Vashem, dlaczego Polsk\u0119 potraktowano, jak ostatni \u015bmie\u0107? Je\u015bli nie zada\u0142, to, dlaczego? Jest przyjacielem\u2026, przyjacielem z NATO, gdzie &#8222;wszyscy za jednego\u201d i odwrotnie, gdzie Polska p\u0142aci miliardy z\u0142otych, NATO, kt\u00f3rego \u017co\u0142nierze, co z [&hellip;]","protected":false},"author":1,"featured_media":0,"comment_status":"closed","ping_status":"closed","sticky":false,"template":"","format":"standard","meta":{"_acf_changed":false,"_monsterinsights_skip_tracking":false,"_monsterinsights_sitenote_active":false,"_monsterinsights_sitenote_note":"","_monsterinsights_sitenote_category":0,"ngg_post_thumbnail":0,"footnotes":"","_wp_rev_ctl_limit":""},"categories":[9],"tags":[349,65,98,53,221],"acf":[],"_links":{"self":[{"href":"https:\/\/www.bibula.com\/index.php?rest_route=\/wp\/v2\/posts\/111981"}],"collection":[{"href":"https:\/\/www.bibula.com\/index.php?rest_route=\/wp\/v2\/posts"}],"about":[{"href":"https:\/\/www.bibula.com\/index.php?rest_route=\/wp\/v2\/types\/post"}],"author":[{"embeddable":true,"href":"https:\/\/www.bibula.com\/index.php?rest_route=\/wp\/v2\/users\/1"}],"replies":[{"embeddable":true,"href":"https:\/\/www.bibula.com\/index.php?rest_route=%2Fwp%2Fv2%2Fcomments&post=111981"}],"version-history":[{"count":0,"href":"https:\/\/www.bibula.com\/index.php?rest_route=\/wp\/v2\/posts\/111981\/revisions"}],"wp:attachment":[{"href":"https:\/\/www.bibula.com\/index.php?rest_route=%2Fwp%2Fv2%2Fmedia&parent=111981"}],"wp:term":[{"taxonomy":"category","embeddable":true,"href":"https:\/\/www.bibula.com\/index.php?rest_route=%2Fwp%2Fv2%2Fcategories&post=111981"},{"taxonomy":"post_tag","embeddable":true,"href":"https:\/\/www.bibula.com\/index.php?rest_route=%2Fwp%2Fv2%2Ftags&post=111981"}],"curies":[{"name":"wp","href":"https:\/\/api.w.org\/{rel}","templated":true}]}}