{"id":111913,"date":"2020-02-03T13:55:10","date_gmt":"2020-02-03T18:55:10","guid":{"rendered":"http:\/\/www.bibula.com\/?p=111913"},"modified":"2020-09-19T10:14:59","modified_gmt":"2020-09-19T14:14:59","slug":"papiez-pius-xii-rehabilitowany-pomogl-uratowac-950-tysiecy-zydow-czas-na-prawde","status":"publish","type":"post","link":"https:\/\/www.bibula.com\/?p=111913","title":{"rendered":"Papie\u017c Pius XII rehabilitowany. Pom\u00f3g\u0142 uratowa\u0107 950 tysi\u0119cy \u017byd\u00f3w. \u201eCzas na prawd\u0119&#8221;"},"content":{"rendered":"<p><strong>W czasie II wojny \u015bwiatowej papie\u017c Pius XII doprowadzi\u0142 do uratowania ponad 947 tys. \u017byd\u00f3w. Tak\u0105 tez\u0119\u00a0 postawiono w ONZ \u00a0podczas konferencji \u201ePami\u0119ta\u0107 o Holokau\u015bcie: udokumentowane wysi\u0142ki Ko\u015bcio\u0142a katolickiego w ratowaniu istnie\u0144 ludzkich\u201d. Zorganizowa\u0142a j\u0105 Misja Sta\u0142ego Obserwatora Stolicy Apostolskiej. Odby\u0142a si\u0119 ona w 75. rocznic\u0119 wyzwolenia KL Auschwitz-Birkenau.<\/strong><\/p>\r\n<p><img fetchpriority=\"high\" decoding=\"async\" class=\"aligncenter\" src=\"https:\/\/nczas.com\/wp-content\/uploads\/2020\/02\/Papie%C5%BC_Pius-696x464.jpg?ezimgfmt=ng:webp\/ngcb23\" width=\"596\" height=\"397\" \/><\/p>\r\n<p style=\"text-align: center;\"><em>Papie\u017c Pius XII pom\u00f3g\u0142 uratowa\u0107 950 tysi\u0119cy \u017byd\u00f3w.<\/em><\/p>\r\n<p>&#8211;<em> Czas na prawd\u0119!<\/em> &#8211; m\u00f3wi\u0142 cytowany przez agencj\u0119\u00a0 KAI Michael Hesemann, niemiecki historyk, wyk\u0142adowca Akademii Gustava Siewertha w Bierbronnen. &#8211; <em>Gdy w marcu watyka\u0144skie archiwa z czas\u00f3w pontyfikatu Piusa XII zostan\u0105 w ko\u0144cu otwarte, nie b\u0119dzie ju\u017c wym\u00f3wki. \u015awiat musi uzna\u0107, co ten wielki papie\u017c zrobi\u0142 dla uratowania tak wielu \u017byd\u00f3w, jak to by\u0142o mo\u017cliwe.<\/em><\/p>\r\n<p>Hesemann stwierdzi\u0142 , \u017ce Pius XII nie m\u00f3g\u0142 protestowa\u0142 otwarcie przeciwko zag\u0142adzie \u017byd\u00f3w, gdy\u017c \u201e<em>musia\u0142 zachowa\u0107 ostro\u017cno\u015b\u0107, aby unikn\u0105\u0107 tego, by nazi\u015bci dowiedzieli si\u0119, co zrobi\u0142 za kulisami\u201d.<\/em><\/p>\r\n<p>&#8211; Za spraw\u0105 ponad 40 interwencji dyplomatycznych, ukrywaj\u0105c tysi\u0105ce w samym Rzymie i uzyskuj\u0105c tyle wiz, ile rz\u0105dy pa\u0144stw \u015bwiata by\u0142y sk\u0142onne przyzna\u0107, uratowa\u0142 \u017cycie oko\u0142o 947 tys. \u017byd\u00f3w &#8211; o\u015bwiadczy\u0142.<\/p>\r\n<h4>Upowszechniano nieprawdziwe informacje<\/h4>\r\n<p>Hesermann jest autorem ksi\u0105\u017cki \u201ePius XII wobec Hitlera\u201d wydanej tak\u017ce w Polsce.<\/p>\r\n<p>Niemiecki uczony Skrytykowa\u0142 nieprawdziwe informacje upowszechniane na temat <em>\u201e\u015bwi\u0119tego papie\u017ca, kt\u00f3ry zas\u0142uguje jedynie na uznanie i wdzi\u0119czno\u015b\u0107\u201d i kt\u00f3ry \u201epowinien zosta\u0107 \u015bwi\u0119tym patronem uchod\u017ac\u00f3w i ludzi spiesz\u0105cych im z pomoc\u0105\u201d.<\/em><\/p>\r\n<p>Kieruj\u0105cy Fundacj\u0105 \u201ePave the Way\u201d Gary Krupp przypomnia\u0142 jej zaanga\u017cowanie w oczyszczanie wizerunku Piusa XII z czarnej legendy \u201epapie\u017ca Hitlera\u201d.<\/p>\r\n<p><em>&#8211; Jak wielu innych \u017byd\u00f3w mojego pokolenia wierzy\u0142em, \u017ce aby stawi\u0107 czo\u0142a komunizmowi Stolica Apostolska wsp\u00f3\u0142dzia\u0142a\u0142a z nazistami<\/em> &#8211; przyzna\u0142 Krupp. &#8211; Po 2006 r. fundacja po\u015bwi\u0119ci\u0142a setki godzin, wydobywaj\u0105c na \u015bwiat\u0142o dzienne dokumentacj\u0119, kt\u00f3ra dowodzi, \u017ce Stolica Apostolska i Pius XII uratowali wi\u0119cej \u017byd\u00f3w ni\u017c wszyscy religijni i polityczni przyw\u00f3dcy razem wzi\u0119ci.<\/p>\r\n<h4>76 tysi\u0119cy stron dokument\u00f3w<\/h4>\r\n<p>Fundacja udost\u0119pni\u0142a ponad 76 tys. stron dokument\u00f3w oraz filmy wideo z wywiadami z naocznymi \u015bwiadkami.<\/p>\r\n<p>Johan Ickx, kieruj\u0105cy archiwum Sekcji ds. Relacji z Pa\u0144stwami w Sekretariacie Stanu Stolicy Apostolskiej przedstawi\u0142 dane dotycz\u0105ce ratowania \u017byd\u00f3w w Rzymie po \u0142apance z 16 pa\u017adziernika 1943 r.<\/p>\r\n<p>&#8211; <em>Przed \u0142apank\u0105 1323 \u017byd\u00f3w opu\u015bci\u0142o swe domy i wielu z nich bez w\u0105tpienia pom\u00f3g\u0142 Pius XII. Spo\u015br\u00f3d 1290 zatrzymanych i przetrzymywanych w areszcie, 248 zosta\u0142o zwolnionych dzi\u0119ki interwencji Watykanu, podczas gdy 235 dom\u00f3w zakonnych i klasztor\u00f3w s\u0142u\u017cy\u0142o za miejsce ukrycia 4205 \u017byd\u00f3w. \u0141\u0105cznie Piusowi XII mo\u017cna przypisa\u0107, bezpo\u015brednio lub po\u015brednio, uratowanie oko\u0142o dw\u00f3ch trzecich \u017byd\u00f3w, kt\u00f3rzy przebywali w mie\u015bcie 4 czerwca 1944 r., gdy wojska alianckie wyzwala\u0142y Rzym<\/em> &#8211; wskaza\u0142 Ickx.<\/p>\r\n<p>Inny uczestnik konferencji,\u00a0 m\u00f3wi\u0142 o wystawianiu \u017bydom fa\u0142szywych dokument\u00f3w przez instytucje.<\/p>\r\n<p><em>&#8211; Wielu biskup\u00f3w i ksi\u0119\u017cy by\u0142o zaanga\u017cowanych w podobne operacje maj\u0105ce na celu ratowanie ludzi przed aresztowaniem lub deportacj\u0105<\/em> &#8211; m\u00f3wi\u0142 Matteo Luigi Napolitano, profesor historii stosunk\u00f3w mi\u0119dzynarodowych Uniwersytetu Molise w Campobasso we W\u0142oszech.Bez tej ochrony ludzie ci zgin\u0119liby w obozach koncentracyjnych.<\/p>\r\n<p>\u0179r\u00f3d\u0142o: KAI<\/p>\r\n<p class=\"zrodlo\">Za: <a href=\"https:\/\/nczas.com\/2020\/02\/02\/papiez-pius-xii-rehabilitowany-pomogl-uratowac-950-tysiecy-zydow-czas-na-prawde\/\">Najwy\u017cszy Czas! (02\/02\/2020)<\/a><\/p>\r\n<h4>\u00a0<\/h4>\r\n<hr style=\"background-color: #000000; border-width: 0; color: #000000; height: 2px; line-height: 0; text-align: center; width: 100%;\" \/>\r\n<h4>\u00a0<\/h4>\r\n<blockquote>\r\n<p><strong>KOMENTARZ <em>BIBU\u0141Y<\/em><\/strong>: W zwi\u0105zku z takim przedstawianiem tematu ci\u015bnie si\u0119 kilkana\u015bcie pyta\u0144, ale ograniczmy si\u0119 do najwa\u017cniejszych kwestii.<\/p>\r\n<p>1. Najwa\u017cniejsza sprawa: CO to jest ten &#8222;Holokaust&#8221;? W pierwszych s\u0142owach encyklopedycznej definicji padaj\u0105 liczby, kt\u00f3re wiadomo, \u017ce s\u0105 wyssane z palca i nie maj\u0105 nic wsp\u00f3lnego z prawd\u0105 historyczn\u0105. Czy mo\u017ce zatem chodzi o <em>sposoby<\/em> \u015bmierci wielu ofiar II wojny \u015bwiatowej? By\u0142y r\u00f3\u017cne, ale i tutaj mamy do czynienia z manipulacj\u0105 i p\u00f3\u0142prawdami. A mo\u017ce by\u0142 jaki\u015b <em>plan <\/em> tzw. Zag\u0142ady? Tutaj wskazuje si\u0119 na konferencj\u0119 w Wannsee, ale z dost\u0119pnych dokument\u00f3w jasno wynika, \u017ce nie przedsi\u0119wzi\u0119to tam \u017cadnych tego typu plan\u00f3w! Zatem, termin jest nieprecyzyjny (celowo!), a przecie\u017c aby dyskutowa\u0107 na jakikolwiek temat, trzeba operowa\u0107 jasnymi definicjami, a w przypadku tzw. Holokaustu wszystko jest rozmyte. Z wyj\u0105tkiem uzurpacji \u017byd\u00f3w zgarniaj\u0105cych ca\u0142\u0105 martyrologi\u0119 II wojny \u015bwiatowej i czyni\u0105cych z niej punkt zwrotny dziej\u00f3w ludzko\u015bci.<\/p>\r\n<p>2. Dlaczego katolicy musza si\u0119 t\u0142umaczy\u0107 \u017cydom\/\u017bydom wobec dzia\u0142a\u0144 czy zaniecha\u0144 przyw\u00f3dcy Ko\u015bcio\u0142a? A co im do tego? To nie jest ich Ko\u015bci\u00f3\u0142, ich religia, ich przyw\u00f3dca, wi\u0119c niech si\u0119 po prostu odczepi\u0105. I nawet <em>gdyby<\/em> papie\u017c Pius XII nic nie zrobi\u0142 &#8211; co jest absurdem historycznym &#8211; to nie maj\u0105 \u017cadnego, nawet najmniejszego, prawa domaga\u0107 si\u0119 czegokolwiek, nawet wyja\u015bnie\u0144.<\/p>\r\n<p>3. Jest oczywiste, \u017ce Wielki Papie\u017c Pius XII uczyni\u0142 wszystko co by\u0142o w Jego mocy aby ratowa\u0107 wszystkich wiernych, a nawet niewiernych &#8211; czyli \u017cyd\u00f3w. Ratowa\u0142 od wyw\u00f3zki w nieznane, od brutalnych miejsc odosobnienia, od wysy\u0142ania do oboz\u00f3w pracy, ratowa\u0142 od rozdzielania rodzin, od wysiedlania do tworzonych przez re\u017cimy skupisk etnicznych czy religijnych (getta). Pomaga\u0142 w przetrwaniu w najgorszych czasach wojny, gdy nikt nie mia\u0142 co je\u015b\u0107, pomaga\u0142 w przesiedlaniu do innych kraj\u00f3w aby najbardziej nara\u017ceni unikn\u0119li nieznanych los\u00f3w, kt\u00f3re ka\u017cda wojna stwarza. Pomaga\u0142 realnym ludziom, prowadzi\u0142 mediacje polityczne, itede, itepe. Nie znaczy to jednak, \u017ce &#8222;ratowa\u0142 przed Holokaustem&#8221;, bo termin ten nie istnia\u0142 w czasie wojny, a po wojnie sta\u0142 si\u0119 narz\u0119dziem ideologicznego bata na przeciwnik\u00f3w. Reszta &#8211; patrz punkt 1.<\/p>\r\n<p>4. Perfidia najbardziej wp\u0142ywowych \u015brodowisk \u017cydowskich na \u015bwiecie, czyli tych, kt\u00f3rzy <em>nic<\/em> nie zrobili aby w najmniejszym stopniu pom\u00f3c swoim braciom w najgorszych wojennych czasach starcia si\u0119 dw\u00f3ch re\u017cim\u00f3w socjalistycznych (nazistowskiego i bolszewickiego), a kt\u00f3rych spadkobiercy teraz domagaj\u0105 si\u0119 od Ko\u015bci\u00f3\u0142a katolickiego jakichkolwiek wyja\u015bnie\u0144, ot\u00f3\u017c perfidia ta w swym zenicie wo\u0142a o pomst\u0119 do <em>Jahwe<\/em>. To w\u0142a\u015bnie ich starotestamentowy B\u00f3g zrzuca\u0142 surowe kary za takie zachowanie i niech b\u0142agaj\u0105 o przebaczenie &#8211; Boga i tych, kt\u00f3rych obra\u017caj\u0105. Bo kara przyjdzie!<\/p>\r\n<\/blockquote>\r\n<h4>\u00a0<\/h4>\r\n<hr style=\"background-color: #000000; border-width: 0; color: #000000; height: 2px; line-height: 0; text-align: center; width: 100%;\" \/>\r\n<h4>\u00a0<\/h4>","protected":false},"excerpt":{"rendered":"W czasie II wojny \u015bwiatowej papie\u017c Pius XII doprowadzi\u0142 do uratowania ponad 947 tys. \u017byd\u00f3w. Tak\u0105 tez\u0119\u00a0 postawiono w ONZ \u00a0podczas konferencji \u201ePami\u0119ta\u0107 o Holokau\u015bcie: udokumentowane wysi\u0142ki Ko\u015bcio\u0142a katolickiego w ratowaniu istnie\u0144 ludzkich\u201d. Zorganizowa\u0142a j\u0105 Misja Sta\u0142ego Obserwatora Stolicy Apostolskiej. Odby\u0142a si\u0119 ona w 75. rocznic\u0119 wyzwolenia KL Auschwitz-Birkenau. Papie\u017c Pius XII pom\u00f3g\u0142 uratowa\u0107 950 [&hellip;]","protected":false},"author":2,"featured_media":0,"comment_status":"closed","ping_status":"closed","sticky":false,"template":"","format":"standard","meta":{"_acf_changed":false,"_monsterinsights_skip_tracking":false,"_monsterinsights_sitenote_active":false,"_monsterinsights_sitenote_note":"","_monsterinsights_sitenote_category":0,"ngg_post_thumbnail":0,"footnotes":"","_wp_rev_ctl_limit":""},"categories":[3],"tags":[132,22,53,20],"acf":[],"_links":{"self":[{"href":"https:\/\/www.bibula.com\/index.php?rest_route=\/wp\/v2\/posts\/111913"}],"collection":[{"href":"https:\/\/www.bibula.com\/index.php?rest_route=\/wp\/v2\/posts"}],"about":[{"href":"https:\/\/www.bibula.com\/index.php?rest_route=\/wp\/v2\/types\/post"}],"author":[{"embeddable":true,"href":"https:\/\/www.bibula.com\/index.php?rest_route=\/wp\/v2\/users\/2"}],"replies":[{"embeddable":true,"href":"https:\/\/www.bibula.com\/index.php?rest_route=%2Fwp%2Fv2%2Fcomments&post=111913"}],"version-history":[{"count":2,"href":"https:\/\/www.bibula.com\/index.php?rest_route=\/wp\/v2\/posts\/111913\/revisions"}],"predecessor-version":[{"id":117856,"href":"https:\/\/www.bibula.com\/index.php?rest_route=\/wp\/v2\/posts\/111913\/revisions\/117856"}],"wp:attachment":[{"href":"https:\/\/www.bibula.com\/index.php?rest_route=%2Fwp%2Fv2%2Fmedia&parent=111913"}],"wp:term":[{"taxonomy":"category","embeddable":true,"href":"https:\/\/www.bibula.com\/index.php?rest_route=%2Fwp%2Fv2%2Fcategories&post=111913"},{"taxonomy":"post_tag","embeddable":true,"href":"https:\/\/www.bibula.com\/index.php?rest_route=%2Fwp%2Fv2%2Ftags&post=111913"}],"curies":[{"name":"wp","href":"https:\/\/api.w.org\/{rel}","templated":true}]}}