{"id":111838,"date":"2020-01-27T12:44:10","date_gmt":"2020-01-27T17:44:10","guid":{"rendered":"http:\/\/www.bibula.com\/?p=111838"},"modified":"2020-01-27T13:09:43","modified_gmt":"2020-01-27T18:09:43","slug":"prezydent-w-kl-auschwitz-falszowanie-historii-ii-ws-to-bezczeszczenie-pamieci-ofiar","status":"publish","type":"post","link":"https:\/\/www.bibula.com\/?p=111838","title":{"rendered":"Prezydent w KL Auschwitz: fa\u0142szowanie historii II W\u015a to bezczeszczenie pami\u0119ci ofiar!"},"content":{"rendered":"<p><strong>&#8211; My, w Polsce dobrze znamy prawd\u0119 o tym, co tutaj si\u0119 dzia\u0142o, bo opowiadali nam o tym rodacy, kt\u00f3rym Niemcy wytatuowali obozowe numery &#8211; powiedzia\u0142 prezydent Andrzej Duda, przemawiaj\u0105c podczas obchod\u00f3w 75. rocznicy wyzwolenia obozu KL Auschwitz. <\/strong><strong>&nbsp;<\/strong><\/p>\r\n<p>&#8211; <em>Sk\u0142adam ho\u0142d wszystkim zamordowanym<\/em> &#8211; powiedzia\u0142 Andrzej Duda. Prezydent w zdecydowany spos\u00f3b odni\u00f3s\u0142 si\u0119 do pr\u00f3b fa\u0142szowania historii i przypisywania Polakom wsp\u00f3\u0142odpowiedzialno\u015bci za niemieckie zbrodnie w trakcie II wojny \u015bwiatowej.<\/p>\r\n<p>&#8211; <em>Rzeczpospolita pierwsza sta\u0142a si\u0119 celem agresji nazistowskich Niemiec; stworzy\u0142a najwi\u0119kszy w Europie konspiracyjny ruch oporu przeciwko III Rzeszy a nasi \u017co\u0142nierze walczyli z Niemcami na wszystkich frontach II wojny \u015bwiatowej<\/em> &#8211; powiedzia\u0142 Duda. Prezydent przypomnia\u0142 te\u017c liczb\u0119 ofiar, dodaj\u0105c, \u017ce nigdy dot\u0105d ani nigdzie indziej nie przeprowadzono \u201eeksterminacji ludzi w podobny spos\u00f3b\u201d.<\/p>\r\n<p>&#8211; <em>Sk\u0142adam ho\u0142d wszystkim zamordowanym<\/em> &#8211; m\u00f3wi\u0142 prezydent. &#8211; <em>Nie wolno nam o tym zapomnie\u0107. Kiedy zbli\u017ca\u0142 si\u0119 front, sprawcy pr\u00f3bowali zatrze\u0107 \u015blady. To si\u0119 jednak nie uda\u0142o. Uratowani zostali \u015bwiadkowie, kt\u00f3rych ostatnimi jeste\u015bcie Wy &#8211; Czcigodni Ocaleni<\/em> &#8211; doda\u0142.<\/p>\r\n<p>Prezydent Duda przypomnia\u0142 te\u017c cierpienia, jakich w trakcie II wojny \u015bwiatowej do\u015bwiadczyli Polacy. &#8211; <em>My, w Polsce dobrze znamy prawd\u0119 o tym, co tutaj si\u0119 dzia\u0142o, bo opowiadali nam o tym rodacy, kt\u00f3rym Niemcy wytatuowali obozowe numery<\/em> &#8211; powiedzia\u0142.<strong>&nbsp;<\/strong><\/p>\r\n<p>Tymi s\u0142owami, wyg\u0142oszonymi na terenie obozu Auschwitz prezydent Andrzej Duda odni\u00f3s\u0142 si\u0119 do k\u0142amstw, jakie kilka tygodni temu wyg\u0142osi\u0142 na temat Polski prezydent Rosji, W\u0142adimir Putin.<\/p>\r\n<p>Pod koniec grudnia prezydent Rosji, negatywnie oceniaj\u0105c wrze\u015bniow\u0105 rezolucj\u0119 Parlamentu Europejskiego w sprawie wybuchu II wojny \u015bwiatowej, stwierdzi\u0142, \u017ce przyczyn\u0105 wojny nie by\u0142 pakt Ribbentrop-Mo\u0142otow, lecz uk\u0142ad monachijski z 1938 r. Prezydent Rosji wskazywa\u0142 na wykorzystanie go przez Polsk\u0119 przy roszczeniach terytorialnych dotycz\u0105cych Zaolzia. Przekonywa\u0142 m.in., \u017ce we wrze\u015bniu 1939 r. Armia Czerwona w Brze\u015bciu nie walczy\u0142a z Polakami i Zwi\u0105zek Radziecki \u201eniczego Polsce w istocie nie odbiera\u0142\u201d.<\/p>\r\n<p>Putin obrazi\u0142 te\u017c polskiego ambasadora w Niemczech w okresie przedwojennym, J\u00f3zefa Lipskiego. Nazwa\u0142 go \u201e\u0142ajdakiem i antysemick\u0105 \u015bwini\u0105\u201d i przypisa\u0142 mu sprzyjanie Hitlerowi.<\/p>\r\n<p>W ge\u015bcie protestu przeciwko s\u0142owom Putina, prezydent Duda zrezygnowa\u0142 z wyjazdu na obchody wyzwolenia Auschwitz z niemieckich r\u0105k, kt\u00f3re odby\u0142y si\u0119 w Yad Vashem. Warunkiem pojawienia si\u0119 tam polskiego prezydenta by\u0142a mo\u017cliwo\u015b\u0107 zabrania g\u0142osu. Nie wyra\u017cono jednak na to zgody. G\u0142os m\u00f3g\u0142 tam za to zabra\u0107 rosyjski prezydent.<\/p>\r\n<p>\u0179r\u00f3d\u0142o: wp.pl<\/p>\r\n<p>ged<\/p>\r\n<p>Za: <a href=\"https:\/\/www.pch24.pl\/prezydent-w-kl-auschwitz--falszowanie-historii-ii-ws-to-bezczeszczenie-pamieci-ofiar-,73622,i.html\">PoloniaChristiana &#8211; pch24.pl (2020-01-27)<\/a><\/p>\r\n<h4>&nbsp;<\/h4>\r\n<hr style=\"background-color: #000000; border-width: 0; color: #000000; height: 2px; line-height: 0; text-align: center; width: 100%;\">\r\n<h4>&nbsp;<\/h4>\r\n<blockquote>\r\n<p><strong>KOMENTARZ <em>BIBU\u0141Y<\/em><\/strong>: W pe\u0142ni zgadzamy si\u0119 z panem Prezydentem Dud\u0105, \u017ce &#8222;<em>fa\u0142szowanie historii II W\u015a to bezczeszczenie pami\u0119ci ofiar!<\/em>&#8222;, tylko \u017ce nie tylko strona rosyjska zak\u0142amuje histori\u0119, lecz r\u00f3wnie\u017c tzw. demokratyczny \u015bwiat, kt\u00f3ry po\u0142kn\u0105\u0142 syjonistyczn\u0105 narracj\u0119 z tzw. holokaustem jako nowym centralnym i najwa\u017cniejszym wydarzeniem w historii ludzko\u015bci. Pan prezydent Duda jest niestety (raczej dobrowolnym i nie\u015bwiadomym) zak\u0142adnikiem tego syjonistycznego rewizjonizmu.<\/p>\r\n<\/blockquote>\r\n<h4>&nbsp;<\/h4>\r\n<hr style=\"background-color: #000000; border-width: 0; color: #000000; height: 2px; line-height: 0; text-align: center; width: 100%;\">\r\n<h4>&nbsp;<\/h4>","protected":false},"excerpt":{"rendered":"&#8211; My, w Polsce dobrze znamy prawd\u0119 o tym, co tutaj si\u0119 dzia\u0142o, bo opowiadali nam o tym rodacy, kt\u00f3rym Niemcy wytatuowali obozowe numery &#8211; powiedzia\u0142 prezydent Andrzej Duda, przemawiaj\u0105c podczas obchod\u00f3w 75. rocznicy wyzwolenia obozu KL Auschwitz. &nbsp; &#8211; Sk\u0142adam ho\u0142d wszystkim zamordowanym &#8211; powiedzia\u0142 Andrzej Duda. Prezydent w zdecydowany spos\u00f3b odni\u00f3s\u0142 si\u0119 do [&hellip;]","protected":false},"author":1,"featured_media":0,"comment_status":"closed","ping_status":"closed","sticky":false,"template":"","format":"standard","meta":{"_acf_changed":false,"_monsterinsights_skip_tracking":false,"_monsterinsights_sitenote_active":false,"_monsterinsights_sitenote_note":"","_monsterinsights_sitenote_category":0,"ngg_post_thumbnail":0,"footnotes":"","_wp_rev_ctl_limit":""},"categories":[8],"tags":[349,22,98,53,20],"acf":[],"_links":{"self":[{"href":"https:\/\/www.bibula.com\/index.php?rest_route=\/wp\/v2\/posts\/111838"}],"collection":[{"href":"https:\/\/www.bibula.com\/index.php?rest_route=\/wp\/v2\/posts"}],"about":[{"href":"https:\/\/www.bibula.com\/index.php?rest_route=\/wp\/v2\/types\/post"}],"author":[{"embeddable":true,"href":"https:\/\/www.bibula.com\/index.php?rest_route=\/wp\/v2\/users\/1"}],"replies":[{"embeddable":true,"href":"https:\/\/www.bibula.com\/index.php?rest_route=%2Fwp%2Fv2%2Fcomments&post=111838"}],"version-history":[{"count":0,"href":"https:\/\/www.bibula.com\/index.php?rest_route=\/wp\/v2\/posts\/111838\/revisions"}],"wp:attachment":[{"href":"https:\/\/www.bibula.com\/index.php?rest_route=%2Fwp%2Fv2%2Fmedia&parent=111838"}],"wp:term":[{"taxonomy":"category","embeddable":true,"href":"https:\/\/www.bibula.com\/index.php?rest_route=%2Fwp%2Fv2%2Fcategories&post=111838"},{"taxonomy":"post_tag","embeddable":true,"href":"https:\/\/www.bibula.com\/index.php?rest_route=%2Fwp%2Fv2%2Ftags&post=111838"}],"curies":[{"name":"wp","href":"https:\/\/api.w.org\/{rel}","templated":true}]}}