{"id":111819,"date":"2020-01-26T13:52:46","date_gmt":"2020-01-26T18:52:46","guid":{"rendered":"http:\/\/www.bibula.com\/?p=111819"},"modified":"2020-01-26T13:54:11","modified_gmt":"2020-01-26T18:54:11","slug":"dzien-islamu-w-kosciele-droga-do-synkretyzmu-2","status":"publish","type":"post","link":"https:\/\/www.bibula.com\/?p=111819","title":{"rendered":"Dzie\u0144 islamu w Ko\u015bciele \u2013 droga do synkretyzmu?"},"content":{"rendered":"<p><strong>\u201eChrze\u015bcijanie i muzu\u0142manie: od wsp\u00f3\u0142zawodnictwa do wsp\u00f3\u0142pracy\u201d &#8211; to eufemistyczne has\u0142o wybra\u0142a Rada Wsp\u00f3lna Katolik\u00f3w i Muzu\u0142man\u00f3w na tegoroczny Dzie\u0144 Islamu w Ko\u015bciele katolickim w Polsce. Cytowane s\u0142owa pochodz\u0105 z or\u0119dzia na zako\u0144czenie ubieg\u0142orocznego ramadanu, skierowanego do muzu\u0142man\u00f3w przez Papiesk\u0105 Rad\u0119 do spraw Dialogu Mi\u0119dzyreligijnego.<\/strong><\/p>\r\n<p>W ramach obchod\u00f3w, w sobot\u0119 26 stycznia uczestnicy mi\u0119dzy innymi odczytaj\u0105 swoje przes\u0142ania, b\u0119d\u0105 s\u0142ucha\u0107 \u201emuzyki Orientu\u201d, czyta\u0107 fragmenty Pisma \u015awi\u0119tego i Koranu, wsp\u00f3lnie si\u0119 modli\u0107, przygotuj\u0105 jedzenie dla ubogich.<\/p>\r\n<p>Wydarzenie wspiera swym autorytetem Konferencja Episkopatu Polski. Uczestnicy z obu stron podkre\u015blaj\u0105 potrzeb\u0119 poszukiwania wsp\u00f3lnych warto\u015bci, na przyk\u0142ad pokoju i pracy na rzecz og\u00f3lnego dobra. Cz\u0119sto odwo\u0142uj\u0105 si\u0119 do stwierdzenia, i\u017c zar\u00f3wno katolicy, jak i muzu\u0142manie wierz\u0105 w jednego Boga, pomijaj\u0105c raczej fakt, \u017ce nie do tego samego.<\/p>\r\n<p>Przedsi\u0119wzi\u0119cie, organizowane jest ju\u017c po raz dziewi\u0119tnasty. Od niemal dw\u00f3ch dekad Ko\u015bci\u00f3\u0142 w Polsce w pewnym sensie afirmuje wi\u0119c wyznanie nie tylko heretyckie, ale i z zasady wrogo nastawione do katolik\u00f3w, podobnie zreszt\u0105, jak i do innych \u201eniewiernych\u201d.<\/p>\r\n<p>Oczywi\u015bcie, w\u015br\u00f3d polskich muzu\u0142man\u00f3w nie brak \u017cyczliwych nam os\u00f3b, w pewnej mierze zasymilowanych. Mamy obchodzi\u0107 jednak dzie\u0144 ca\u0142ego islamu: tego, kt\u00f3rego najwa\u017cniejsza ksi\u0119ga nawo\u0142uje do zabijania \u201eniewiernych\u201d, wybitni wyznawcy nie kryj\u0105 zamiar\u00f3w podbicia Europy i wprowadzenia powszechnego szariatu, za\u015b zwyczajow\u0105 strategi\u0105 jest <em>takija<\/em>, czyli k\u0142amstwo dla cel\u00f3w religijnego kamufla\u017cu.<\/p>\r\n<p>Przez wieki chrze\u015bcija\u0144skie kraje Europy toczy\u0142y krwawe boje przeciwko islamskim najazdom. Ostatnie dziesi\u0119ciolecia przynios\u0142y jednak nam zdumiewaj\u0105ce widowisko. Wraz z coraz bardziej post\u0119puj\u0105c\u0105 apostazj\u0105, Stary Kontynent wyzby\u0142 si\u0119 odruch\u00f3w samozachowawczych i szerokim gestem otwiera bramy przed milionami muzu\u0142man\u00f3w, funduj\u0105c przybyszom dostatni pobyt.<\/p>\r\n<p>Ewolucji ulega r\u00f3wnie\u017c postawa hierarch\u00f3w Ko\u015bcio\u0142a wobec islamu. Proces ten przywo\u0142uje na my\u015bl modyfikacj\u0119 wizerunku jednego z najbardziej znanych \u015bwi\u0119tych. Przeszed\u0142 on d\u0142ug\u0105 drog\u0119 od rzeczywistej, historycznej postaci, a\u017c do na po\u0142y fikcyjnej kreacji cz\u0142owieka, \u201eprzemawiaj\u0105cego do ptaszk\u00f3w, rozmawiaj\u0105cego z wilkami i rado\u015bnie obejmuj\u0105cego wszystkich, kt\u00f3rych spotyka, \u0142\u0105cznie z su\u0142tanem, do kt\u00f3rego Franciszek (prawdziwy, a nie z opowiada\u0144 mitycznych) poszed\u0142 nie po to, by prowadzi\u0107 z nim dialog, lecz aby go nawr\u00f3ci\u0107, wyzywaj\u0105c go na ordalia w celu przekonania si\u0119, czy pot\u0119\u017cniejszy jest B\u00f3g Jezusa, czy B\u00f3g Mahometa\u201d (cyt. Vittorio Messori).<\/p>\r\n<p>Jednak herezja nie zniknie sama z siebie tylko dlatego, \u017ce wyrzucimy j\u0105 z ko\u015bcielnego s\u0142ownika (podobnie zreszt\u0105 jak i zabijanie nienarodzonych nie przestanie by\u0107 haniebnym procederem z powodu nazwania go \u201eterminacj\u0105 p\u0142odu\u201d albo \u201eprawem reprodukcyjnym\u201d). Dlatego wieloma katolikami wstrz\u0105sn\u0105\u0142 wr\u0119cz widok muzu\u0142manina wyg\u0142aszaj\u0105cego swoj\u0105 modlitw\u0119 podczas niedawnej Mszy pogrzebowej prezydenta Gda\u0144ska. Czy to prawdziwy efekt i cel \u201edialogu mi\u0119dzyreligijnego\u201d? Czy z Naj\u015bwi\u0119tszej Ofiary mo\u017cna uczyni\u0107 synkretyczn\u0105 \u201eakademi\u0119 ku czci\u201d z wyeksponowanym udzia\u0142em innowierc\u00f3w oraz jawnych wrog\u00f3w Ko\u015bcio\u0142a?<\/p>\r\n<p>Z tego samego powodu trzeba zn\u00f3w postawi\u0107 pytanie o sens i skutki obchodzenia przez katolik\u00f3w dnia fa\u0142szywej religii. Wielka musi by\u0107 ufno\u015b\u0107 czcigodnych pasterzy co do mocnej, ugruntowanej wiary syn\u00f3w i c\u00f3rek Ko\u015bcio\u0142a, czy jednak to nie zbyt karko\u0142omna pr\u00f3ba? Dzie\u0144 islamu w Ko\u015bciele katolickim jest jak Dzie\u0144 przechodzenia na czerwonym \u015bwietle &#8211; lepiej go nie organizowa\u0107.<\/p>\r\n<p><em><strong>Roman Moto\u0142a<\/strong><\/em><\/p>\r\n<blockquote>\r\n<p>[<strong>Wybrane wypowiedzi internaut\u00f3w pod w\/w tekstem na stronie \u017ar\u00f3d\u0142owej:<\/strong>]<\/p>\r\n<p>Dialog z innymi reigiami, to dlialog z samym szatanem. To najwi\u0119kszy grzech naruszaj\u0105cy I przykazanie Bo\u017ce. Mo\u017cna oczywi\u015bcie rozmawia\u0107 ale wy\u0142\u0105cznie w celu nawr\u00f3cenia zwiedzonych muzu\u0142man\u00f3w, buddyst\u00f3w, protestant\u00f3w i \u017cyd\u00f3w na wiar\u0119 katolick\u0105 &#8211; jedyn\u0105 Prawdziw\u0105! Fa\u0142szywa ekumenia to droga do unicestwienia katolicyzmu za kt\u00f3\u0105 odpowiadaj\u0105 dzisiejsi hierarchowie.<br>\r\n<em>antoni<\/em><br>\r\n<br>\r\nOdbywaj\u0105ce si\u0119 Dni Judaizmu, kt\u00f3re mo\u017cna ogl\u0105da\u0107 na przyk\u0142adzie &#8222;Debaty Dw\u00f3ch Ambon&#8221; ,yutu,zako\u0144czy\u0142y si\u0119 kompromitacja strony ko\u015bcielnej. Zapytany przez uczestnika spotkania, Rabin Boaz Pasza,dlaczego \u017bydzi nie uznaj\u0105 przyj\u015bcia Mesjasza na ziemie, w osobie Jezusa, odpowiedzia\u0142,iz wierzy ze (gdzie\u015b) istnieje stworzony Mesjasz,co spotka\u0142o si\u0119 z uznaniem abp G.Rysia,oraz katolickich uczestnik\u00f3w imprezy ekumaniackiej, kt\u00f3rzy w tym momencie,jakby zaskoczeni rewelacjami Rabina,wsp\u00f3lnie z biskupem,zapomnieli o Credo Ko\u015bcio\u0142a, nie zdobywaj\u0105c si\u0119 na protest.<br>\r\n<em>stan<\/em><br>\r\n<br>\r\nW Ko\u015bciele Katolickim nie ma \u017cadnego dnia islamu, s\u0105 tylko jacy\u015b ludzie, kt\u00f3rzy siej\u0105 zam\u0119t, pr\u00f3buj\u0105c pogodzi\u0107 prawd\u0119 z fa\u0142szem.<br>\r\n<em>ancan<\/em><br>\r\n<br>\r\nA kiedy w Ko\u015bciele &#8222;dzie\u0144 ofiar islamu&#8221;?<br>\r\n<em>Petrus<\/em><br>\r\n<br>\r\ndzie\u0144 przechodzenia na czerwonym \u015bwietle &#8211; dobre , nawet bardzo dobre :)))<br>\r\n<em>robert<\/em><br>\r\n<br>\r\nJak napisane wy\u017cej Islam jak szara\u0144cza, wyka\u0144cza wszystkich to nie religia to totalitaryzm.<br>\r\n<em>wiem<\/em><br>\r\n<br>\r\nW dniu islamu powinno si\u0119 na wszystkich mszach \u015bw. odmawia\u0107 modlitw\u0119 o nawr\u00f3cenie mahometan i modlitw\u0119 za chrze\u015bcijan prze\u015bladowanych w krajach islamskich. Wtedy m\u00f3g\u0142by to by\u0107 nawet tydzie\u0144 islamu.<br>\r\n<em>TZ.<\/em><br>\r\n<br>\r\nMam wra\u017cenie, \u017ce w obecnym okresie dziej\u00f3w historii Ko\u015bcio\u0142a to \u015bwieccy broni\u0105cy Tradycji, czytaj\u0105cy S\u0142owo Bo\u017ce i rozwa\u017caj\u0105cy Je w sercu oraz godnie przyst\u0119puj\u0105cy do Sakrament\u00f3w s\u0105 przewodnikami i drog\u0105 dla wielu kap\u0142an\u00f3w.<br>\r\n<em>Artur<\/em><br>\r\n<br>\r\nCo ma wsp\u00f3lnego Jezus Chrystus z fa\u0142szywym prorokiem Mahometem. Sam Mahomet g\u0142osi\u0142 przekle\u0144stwo dla cz\u0142owieka, kt\u00f3rego aorta zostanie przeszyta. Sam zosta\u0142 otruty i by\u0142 \u015bwiadomy, \u017ce trucizna wypala mu aorte. Opis Mahometa znajdziemy w Objawieniu. Jest on je\u017ad\u017acem na bia\u0142ym koniu z \u0142ukiem. Abu Bakar to drugi, Umar trzeci, Utman czwarty je\u017adziec Apokalipsy.<br>\r\n<em>Sec<\/em><\/p>\r\n<\/blockquote>\r\n<p class=\"zrodlo\">Za: <a href=\"https:\/\/www.pch24.pl\/dzis-obchody-dnia-islamu-w-kosciele-katolickim-w-polsce,73597,i.html\">PoloniaChristiana &#8211; pch24.pl (2019-01-26)<\/a><\/p>\r\n<h4>&nbsp;<\/h4>\r\n<hr style=\"background-color: #000000; border-width: 0; color: #000000; height: 2px; line-height: 0; text-align: center; width: 100%;\">\r\n<h4>&nbsp;<\/h4>\r\n<h2>Dzi\u015b obchody Dnia Islamu w Ko\u015bciele katolickim w Polsce<\/h2>\r\n<p><strong>Pod has\u0142em \u201eChrze\u015bcijanie i muzu\u0142manie: w s\u0142u\u017cbie powszechnego braterstwa\u201d obchodzony jest dzi\u015b XX Dzie\u0144 Islamu w Ko\u015bciele katolickim w Polsce. Podczas centralnych obchod\u00f3w, kt\u00f3re odb\u0119d\u0105 si\u0119 w Warszawie, przedstawiciele obydwu religii czyta\u0107 b\u0119d\u0105 Bibli\u0119 i Koran, modli\u0107 si\u0119 i dyskutowa\u0107.&nbsp;<\/strong><\/p>\r\n<p>Miejscem centralnych obchod\u00f3w b\u0119dzie jezuickie Collegium Bobolanum przy ul. Rakowieckiej w Warszawie.<\/p>\r\n<p>\u201eIdziemy za nauk\u0105 soborow\u0105, tak\u017ce nauczaniem kolejnych papie\u017cy i wskazaniami Papieskiej Rady ds. Dialogu Mi\u0119dzyreligijnego &#8211; powiedzia\u0142&nbsp;KAI&nbsp;bp Ciereszko, przewodnicz\u0105cy Komitetu KEP ds. Dialogu z Religiami Niechrze\u015bcija\u0144skimi.&nbsp; &#8222;Deklaracja Soboru \u201eNostra aetate\u201d o stosunku Ko\u015bcio\u0142a katolickiego do religii niechrze\u015bcija\u0144skich podkre\u015bla, \u017ce nale\u017cy z otwarto\u015bci\u0105 spojrze\u0107 na to wszystko, co w innych religiach jest prawdziwe i \u015bwi\u0119te. To nas motywuje ku temu, aby spotyka\u0107 si\u0119 z bra\u0107mi muzu\u0142manami\u201d &#8211; doda\u0142 duchowny.<\/p>\r\n<p>Z kolei wsp\u00f3\u0142przewodnicz\u0105cy Rady Wsp\u00f3lnej Katolik\u00f3w i Muzu\u0142man\u00f3w, imam szyicki Rafa\u0142 Berger wyrazi\u0142 nadziej\u0119, \u017ce miejsc dialogu mi\u0119dzyreligijnego, nie tylko z islamem, b\u0119dzie w Polsce przybywa\u0107 \u201eMa\u0142o tego: wierz\u0119 w to, \u017ce jest to co\u015b, czego nie da si\u0119 unikn\u0105\u0107, bo rozmowa z drugim cz\u0142owiekiem jest najlepszym sposobem poznania jego intencji i uczu\u0107\u201d &#8211; powiedzia\u0142 KAI imam.<\/p>\r\n<p>Tematyk\u0119 obchod\u00f3w Dnia Islamu wyznacza coroczne przes\u0142anie kierowane do muzu\u0142man\u00f3w przez Papiesk\u0105 Rad\u0119 ds. Dialogu Mi\u0119dzyreligijnego na zako\u0144czenie miesi\u0105ca postu, ramadanu. \u201eJeste\u015bmy wezwani, zar\u00f3wno chrze\u015bcijanie jak i muzu\u0142manie, do otwarto\u015bci na innych, do rozpoznania i uznania w nich braci i si\u00f3str\u201d &#8211; napisa\u0142 w tegorocznym przes\u0142aniu przewodnicz\u0105cy Rady, kard. Miguel Angel Ayuso Guixot MCCI. Wskaza\u0142, \u017ce w ten spos\u00f3b mo\u017cna burzy\u0107 mury, kt\u00f3re zbudowa\u0142y ignorancja i strach oraz wsp\u00f3lnie stara\u0107 si\u0119 budowa\u0107 mosty przyja\u017ani. \u201eTak w\u0142a\u015bnie piel\u0119gnujemy w naszych rodzinach i w naszych instytucjach politycznych, obywatelskich czy religijnych nowy spos\u00f3b \u017cycia, oparty na odrzuceniu przemocy i na szacunku dla osoby ludzkiej\u201d &#8211; wskaza\u0142 kard. Guixot.<\/p>\r\n<p>Dzie\u0144 Islamu w Ko\u015bciele katolickim w Polsce obchodzony jest od 2001 r. z inicjatywy Rady Wsp\u00f3lnej Katolik\u00f3w i Muzu\u0142man\u00f3w zaaprobowanej przez Konferencj\u0119 Episkopatu Polski. Organizacj\u0119 tego wydarzenia Episkopat powierzy\u0142 Komitetowi ds. Dialogu z Religiami Niechrze\u015bcija\u0144skimi Konferencji Episkopatu Polski. Obecnie na jego czele stoi&nbsp;bp Henryk Ciereszko.<\/p>\r\n<p>Regularne obchody Dnia Islamu odbywaj\u0105 si\u0119 tak\u017ce w Lublinie i Krakowie (od 2004 r.), a okazyjne w Olsztynie (2001), Opolu (2002) i Poznaniu (2008).<\/p>\r\n<p>KAI<\/p>\r\n<blockquote>\r\n<p>[<strong>Wybrane wypowiedzi internaut\u00f3w pod w\/w tekstem na stronie \u017ar\u00f3d\u0142owej:<\/strong>]<\/p>\r\n<p>Ja rozumiem, \u017ce mo\u017cna obchodzi\u0107 dni jakie\u015b kuchni np. hiszpa\u0144skiej w supermarkiecie, bo ma to na celu wypromowanie jakiegos towaru. Powstaje pytanie, czy my jako chrze\u015bcijanie te\u017c mamy sobie teraz wybra\u0107 co\u015b atrakcyjnego z judaizmu lub islamu? Mamy zatem ju\u017c przecie\u017c nasz\u0105 wiar\u0119 katolick\u0105 jedyn\u0105 i prawdziw\u0105, objawion\u0105 w Jezusie Chrystusie? No chyba, \u017ce dla niekt\u00f3rych przedstawicieli naszego duchowie\u0144stwa to ju\u017a nie jest takie oczywiste?<br>\r\n<em>Andrzej<\/em><br>\r\n<br>\r\nProblem jest to, \u017ce my Katolicy nie reagujemy. Wczoraj by\u0142em z bratem na rynku wroc\u0142awskim, na Publicznym R\u00f3\u017ca\u0144cu. Niby kraj katolicki, a niespe\u0142na 20 os\u00f3b si\u0119 modli\u0142a. Lwia cz\u0119\u015b\u0107 ludzi przechodzi\u0142a i reagowa\u0142a \u015bmiechem. Wierz\u0105cy pewnie te\u017c. Wi\u0119c dali\u015bmy sobie wm\u00f3wi\u0107, \u017ce Pan B\u00f3g pod strzechy. Zacznijmy od siebie! Nie b\u00f3jmy si\u0119 innych. Musimy by\u0107 ewangelistami naszych czas\u00f3w!<br>\r\n<em>Jakub<\/em><br>\r\n<br>\r\na odm\u00f3wili\u017awa &#8222;modlitw\u0119&#8221; do pachamamy?<br>\r\n<em>tak pytam<\/em><br>\r\n<br>\r\nPosoborowie w sosie w\u0142asnym.<br>\r\n<em>Pmp<\/em><br>\r\n<br>\r\nHa\u0144ba!!!<br>\r\n<em>end<\/em><br>\r\n<br>\r\nCzyli w KK obchodz\u0105 dzie\u0144 fa\u0142szywej religii &#8211; islamu&#8230;<br>\r\n<em>Chrze\u015bcijanin<\/em><br>\r\n<br>\r\nA w tym samym czasie, Chrze\u015bcijanie s\u0105 prze\u015bladowani i mordowani przez islamist\u00f3w w r\u00f3\u017cnych cz\u0119\u015bciach \u015bwiata. Ludzie oddaj\u0105 \u017cycie za Chrystusa, a tu si\u0119 robi kpiny z Chrystusa, z Jego Ko\u015bcio\u0142a i M\u0119czennik\u00f3w.<br>\r\n<em>Paulus<\/em><\/p>\r\n<\/blockquote>\r\n<p class=\"zrodlo\">Za: <a href=\"https:\/\/www.pch24.pl\/dzis-obchody-dnia-islamu-w-kosciele-katolickim-w-polsce,73597,i.html\">PoloniaChristiana &#8211; pch24.pl (2019-01-26)<\/a><\/p>\r\n<h4>&nbsp;<\/h4>\r\n<hr style=\"background-color: #000000; border-width: 0; color: #000000; height: 2px; line-height: 0; text-align: center; width: 100%;\">\r\n<h4>&nbsp;<\/h4>","protected":false},"excerpt":{"rendered":"\u201eChrze\u015bcijanie i muzu\u0142manie: od wsp\u00f3\u0142zawodnictwa do wsp\u00f3\u0142pracy\u201d &#8211; to eufemistyczne has\u0142o wybra\u0142a Rada Wsp\u00f3lna Katolik\u00f3w i Muzu\u0142man\u00f3w na tegoroczny Dzie\u0144 Islamu w Ko\u015bciele katolickim w Polsce. Cytowane s\u0142owa pochodz\u0105 z or\u0119dzia na zako\u0144czenie ubieg\u0142orocznego ramadanu, skierowanego do muzu\u0142man\u00f3w przez Papiesk\u0105 Rad\u0119 do spraw Dialogu Mi\u0119dzyreligijnego. W ramach obchod\u00f3w, w sobot\u0119 26 stycznia uczestnicy mi\u0119dzy innymi [&hellip;]","protected":false},"author":1,"featured_media":0,"comment_status":"closed","ping_status":"closed","sticky":false,"template":"","format":"standard","meta":{"_acf_changed":false,"_monsterinsights_skip_tracking":false,"_monsterinsights_sitenote_active":false,"_monsterinsights_sitenote_note":"","_monsterinsights_sitenote_category":0,"ngg_post_thumbnail":0,"footnotes":"","_wp_rev_ctl_limit":""},"categories":[5],"tags":[70,98,33],"acf":[],"_links":{"self":[{"href":"https:\/\/www.bibula.com\/index.php?rest_route=\/wp\/v2\/posts\/111819"}],"collection":[{"href":"https:\/\/www.bibula.com\/index.php?rest_route=\/wp\/v2\/posts"}],"about":[{"href":"https:\/\/www.bibula.com\/index.php?rest_route=\/wp\/v2\/types\/post"}],"author":[{"embeddable":true,"href":"https:\/\/www.bibula.com\/index.php?rest_route=\/wp\/v2\/users\/1"}],"replies":[{"embeddable":true,"href":"https:\/\/www.bibula.com\/index.php?rest_route=%2Fwp%2Fv2%2Fcomments&post=111819"}],"version-history":[{"count":0,"href":"https:\/\/www.bibula.com\/index.php?rest_route=\/wp\/v2\/posts\/111819\/revisions"}],"wp:attachment":[{"href":"https:\/\/www.bibula.com\/index.php?rest_route=%2Fwp%2Fv2%2Fmedia&parent=111819"}],"wp:term":[{"taxonomy":"category","embeddable":true,"href":"https:\/\/www.bibula.com\/index.php?rest_route=%2Fwp%2Fv2%2Fcategories&post=111819"},{"taxonomy":"post_tag","embeddable":true,"href":"https:\/\/www.bibula.com\/index.php?rest_route=%2Fwp%2Fv2%2Ftags&post=111819"}],"curies":[{"name":"wp","href":"https:\/\/api.w.org\/{rel}","templated":true}]}}