{"id":111804,"date":"2020-01-25T10:08:42","date_gmt":"2020-01-25T15:08:42","guid":{"rendered":"http:\/\/www.bibula.com\/?p=111804"},"modified":"2020-01-25T10:08:42","modified_gmt":"2020-01-25T15:08:42","slug":"francja-pisarz-stwierdzil-ze-masowa-imigracja-stala-sie-inwazja-grozi-mu-wiezienie","status":"publish","type":"post","link":"https:\/\/www.bibula.com\/?p=111804","title":{"rendered":"Francja: pisarz stwierdzi\u0142, \u017ce \u201emasowa imigracja sta\u0142a si\u0119 inwazj\u0105&#8221;. Grozi mu wi\u0119zienie"},"content":{"rendered":"<p><strong>Francuski pisarz Renaud Camus zosta\u0142 skazany na dwa miesi\u0105ce wi\u0119zienia w zawieszeniu i grzywn\u0119 w wysoko\u015bci 3600 euro. Autor jest przeciwnikiem masowej migracji, kt\u00f3r\u0105 nazywa \u201einwazj\u0105\u201d. Zdaniem s\u0105du Camus krytykuj\u0105c to zjawisko, dopu\u015bci\u0142 si\u0119 przest\u0119pstwa polegaj\u0105ce na pod\u017ceganiu do nienawi\u015bci ze wzgl\u0119du na pochodzenie etniczne.<\/strong><\/p>\r\n<p><img fetchpriority=\"high\" decoding=\"async\" class=\"aligncenter\" src=\"https:\/\/www.pch24.pl\/images\/min_mid_big\/big\/73587.jpg?r=1579962194\" alt=\"Francja: pisarz stwierdzi\u0142, \u017ce \u201emasowa imigracja sta\u0142a si\u0119 inwazj\u0105\u201d. Grozi mu wi\u0119zienie\" width=\"598\" height=\"344\"><\/p>\r\n<p style=\"text-align: center;\"><em>Renaud Camus, fot. printscreen YT<\/em><\/p>\r\n<p>Renaud Camus od wielu lat krytycznie wypowiada si\u0119 na temat wielkiej, masowej migracji, kt\u00f3ra w jego opinii zagra\u017ca Europie. Pisarz pot\u0119pia w szczeg\u00f3lno\u015bci nap\u0142yw na Stary Kontynent ludno\u015bci z kraj\u00f3w muzu\u0142ma\u0144skich. W przesz\u0142o\u015bci proponowa\u0142 politykom, aby dopu\u015bcili mo\u017cliwo\u015b\u0107 \u201eremigracji\u201d tj. wydalenia imigrant\u00f3w do kraj\u00f3w pochodzenia. W jednej ze swoich ksi\u0105\u017cek pt. \u201eWielka Wymiana\u201d stwierdzi\u0142, \u017ce bia\u0142a, katolicka ludno\u015b\u0107 europejska jest systematycznie zast\u0119powana ludno\u015bci\u0105 pozaeuropejsk\u0105, w szczeg\u00f3lno\u015bci pochodz\u0105c\u0105 z Afryki i Bliskiego Wschodu.<\/p>\r\n<p>Wypowiedzi Camusa dotycz\u0105ce imigracji sprawi\u0142y, \u017ce trafi\u0142 przed s\u0105d. Jego pogl\u0105dy nie spotka\u0142y si\u0119 z aprobat\u0105 s\u0119dzi\u00f3w, kt\u00f3rzy w komentarzach sprzeciwiaj\u0105cych si\u0119 masowej imigracji do Europy dopatrzyli si\u0119 przest\u0119pstwa, polegaj\u0105cego na pod\u017ceganiu do nienawi\u015bci ze wzgl\u0119du na pochodzenie. Pisarz w jednym ze swoich tekst\u00f3w stwierdzi\u0142, \u017ce Francja i Europa s\u0105 skolonizowane. Doda\u0142, \u017ce \u201enieodwracalna kolonizacja to kolonizacja demograficzna\u201d, dokonuj\u0105ca si\u0119 poprzez przep\u0142yw ludno\u015bci. \u201eWiara w to, \u017ce we Francji s\u0105 tylko Francuzi, jest ca\u0142kowit\u0105 iluzj\u0105. S\u0105 naje\u017ad\u017acy i naje\u017cd\u017cani, kolonizatorzy i skolonizowani, okupanci i okupowani\u201d &#8211; m\u00f3wi\u0142.<\/p>\r\n<p>\u201eImigracja sta\u0142a si\u0119 inwazj\u0105 (\u2026) Francja i Europa s\u0105 sto razy bardziej i powa\u017cniej skolonizowane ni\u017c kiedykolwiek same kolonizowa\u0142y. Nieodwracalna kolonizacja to kolonizacja demograficzna poprzez przeniesienie populacji. Niekt\u00f3rzy twierdz\u0105, \u017ce nie ma kolonizacji, poniewa\u017c nie ma podboju wojskowego. Myl\u0105 si\u0119. Armia podboju to przest\u0119pcy duzi i mali, wszyscy ci, kt\u00f3rzy uniemo\u017cliwiaj\u0105 \u017cycie Francuzom, szkodz\u0105c im w ka\u017cdy mo\u017cliwy spos\u00f3b, od s\u0142ynnych zbrodni po terroryzm, kt\u00f3ry jest ich rozszerzeniem (\u2026) Wymiana ludzi, zast\u0105pienie etniczne, Wielka Wymiana s\u0105 najwa\u017cniejszym wydarzeniem w historii naszego kraju, poniewa\u017c (\u2026) je\u015bli b\u0119dzie kontynuowana, nie b\u0119dzie d\u0142u\u017cej histori\u0105 Francji\u201d &#8211; stwierdzi\u0142 Renaud Camus.<\/p>\r\n<p>S\u0105d w miejscowo\u015bci Auch we Francji zdecydowa\u0142, \u017ce pisarz jest winny zarzucanego mu czynu i skaza\u0142 go na dwa miesi\u0105ce pozbawienia wolno\u015bci w zawieszeniu, a tak\u017ce wp\u0142at\u0119 \u0142\u0105cznie 3600 euro na konta organizacji \u201eantyrasistowskich\u201d. Beneficjentami wp\u0142at maj\u0105 by\u0107 SOS Racisme oraz Mi\u0119dzynarodowa Liga przeciwko Rasizmowi i Antysemityzmowi LICRA.<\/p>\r\n<p>\u0179r\u00f3d\u0142o: nczas.com, magnapolonia.org, dzienniknarodowy.pl<\/p>\r\n<p>WMa<\/p>","protected":false},"excerpt":{"rendered":"Francuski pisarz Renaud Camus zosta\u0142 skazany na dwa miesi\u0105ce wi\u0119zienia w zawieszeniu i grzywn\u0119 w wysoko\u015bci 3600 euro. Autor jest przeciwnikiem masowej migracji, kt\u00f3r\u0105 nazywa \u201einwazj\u0105\u201d. Zdaniem s\u0105du Camus krytykuj\u0105c to zjawisko, dopu\u015bci\u0142 si\u0119 przest\u0119pstwa polegaj\u0105ce na pod\u017ceganiu do nienawi\u015bci ze wzgl\u0119du na pochodzenie etniczne. Renaud Camus, fot. printscreen YT Renaud Camus od wielu lat [&hellip;]","protected":false},"author":1,"featured_media":0,"comment_status":"closed","ping_status":"closed","sticky":false,"template":"","format":"standard","meta":{"_acf_changed":false,"_monsterinsights_skip_tracking":false,"_monsterinsights_sitenote_active":false,"_monsterinsights_sitenote_note":"","_monsterinsights_sitenote_category":0,"ngg_post_thumbnail":0,"footnotes":"","_wp_rev_ctl_limit":""},"categories":[6],"tags":[16,191,76,169],"acf":[],"_links":{"self":[{"href":"https:\/\/www.bibula.com\/index.php?rest_route=\/wp\/v2\/posts\/111804"}],"collection":[{"href":"https:\/\/www.bibula.com\/index.php?rest_route=\/wp\/v2\/posts"}],"about":[{"href":"https:\/\/www.bibula.com\/index.php?rest_route=\/wp\/v2\/types\/post"}],"author":[{"embeddable":true,"href":"https:\/\/www.bibula.com\/index.php?rest_route=\/wp\/v2\/users\/1"}],"replies":[{"embeddable":true,"href":"https:\/\/www.bibula.com\/index.php?rest_route=%2Fwp%2Fv2%2Fcomments&post=111804"}],"version-history":[{"count":0,"href":"https:\/\/www.bibula.com\/index.php?rest_route=\/wp\/v2\/posts\/111804\/revisions"}],"wp:attachment":[{"href":"https:\/\/www.bibula.com\/index.php?rest_route=%2Fwp%2Fv2%2Fmedia&parent=111804"}],"wp:term":[{"taxonomy":"category","embeddable":true,"href":"https:\/\/www.bibula.com\/index.php?rest_route=%2Fwp%2Fv2%2Fcategories&post=111804"},{"taxonomy":"post_tag","embeddable":true,"href":"https:\/\/www.bibula.com\/index.php?rest_route=%2Fwp%2Fv2%2Ftags&post=111804"}],"curies":[{"name":"wp","href":"https:\/\/api.w.org\/{rel}","templated":true}]}}