{"id":111745,"date":"2020-01-21T15:32:12","date_gmt":"2020-01-21T20:32:12","guid":{"rendered":"http:\/\/www.bibula.com\/?p=111745"},"modified":"2020-01-23T12:43:15","modified_gmt":"2020-01-23T17:43:15","slug":"panorama-krakowa-za-20-lat","status":"publish","type":"post","link":"https:\/\/www.bibula.com\/?p=111745","title":{"rendered":"Panorama Krakowa za 20 lat"},"content":{"rendered":"<p><strong>Dzi\u0119ki <a href=\"https:\/\/radadialogu.diecezja.pl\/aktualnosci-typ\/dzien-islamu-w-kk\/\"><span style=\"text-decoration: underline;\">Archidiecezji Krakowskiej<\/span><\/a> wiemy ju\u017c, jak b\u0119dzie wygl\u0105da\u0107 panorama Krakowa za 20 lat.<\/strong><\/p>\r\n<p>Zamiast sm\u0119tnych, szaroburych wie\u017c ko\u015bcio\u0142\u00f3w (zauwa\u017cmy, \u017ce nie zwie\u0144czonych krzy\u017cami &#8211; kuria si\u0119 pewnie wyt\u0142umaczy, \u017ce wszystkie krzy\u017ce akurat by\u0142y obr\u00f3cone r\u00f3wnolegle do linii wzroku), b\u0119d\u0105 wyrasta\u0107 nam jak grzyby po deszczu barwne i weso\u0142e kopu\u0142y meczet\u00f3w i wie\u017ce minaret\u00f3w zwie\u0144czone p\u00f3\u0142ksi\u0119\u017cycami.<\/p>\r\n<p>Zauwa\u017cmy, \u017ce w tym roku dzie\u0144 islamu w Ko\u015bciele katolickim przeniesiono na poniedzia\u0142ek, zapewne, aby nie dra\u017cni\u0107 naszych braci islamist\u00f3w S\u0142owem Bo\u017cym.. A kiedy Dzie\u0144 Satanizmu w Ko\u015bciele katolickim?<\/p>\r\n<p><a href=\"https:\/\/1.bp.blogspot.com\/-hMoBT3PWaic\/XicL1eFI8sI\/AAAAAAAAK4s\/ivR4M0tADsUCDDNYLGucdOnOgNdkOo-AwCLcBGAsYHQ\/s1600\/XX-Dzie%25C5%2584-Islamu-w-KK-612x347px.png\"><img fetchpriority=\"high\" decoding=\"async\" class=\"aligncenter\" src=\"https:\/\/1.bp.blogspot.com\/-hMoBT3PWaic\/XicL1eFI8sI\/AAAAAAAAK4s\/ivR4M0tADsUCDDNYLGucdOnOgNdkOo-AwCLcBGAsYHQ\/s1600\/XX-Dzie%25C5%2584-Islamu-w-KK-612x347px.png\" data-original-height=\"350\" data-original-width=\"612\" width=\"600\" height=\"343\" border=\"0\"><\/a><\/p>\r\n<p>Napisa\u0142 <strong><em>Dextimus<\/em><\/strong> dnia 21.1.20<\/p>\r\n<p class=\"zrodlo\">Za: <a href=\"http:\/\/breviarium.blogspot.com\/2020\/01\/panorama-krakowa-za-20-lat.html\">Breviarium &#8211; dawniej: Kronika Novus Ordo (21 stycznia 2020)<\/a><\/p>\r\n<h4>&nbsp;<\/h4>\r\n<hr style=\"background-color: #000000; border-width: 0; color: #000000; height: 2px; line-height: 0; text-align: center; width: 100%;\">\r\n<h4>&nbsp;<\/h4>\r\n<h2>\u201eWyra\u017camy g\u0142\u0119bokie ubolewanie\u201d. Archidiecezja Krakowska t\u0142umaczy kontrowersyjny plakat<\/h2>\r\n<p><strong>Biuro prasowe Archidiecezji Krakowskiej opublikowa\u0142o o\u015bwiadczenie, w kt\u00f3rym t\u0142umaczy spraw\u0119 kontrowersyjnego plakatu, stworzonego w zwi\u0105zku z 20. krakowskim Dniem Islamu w Ko\u015bciele katolickim. Grafika zawiera krajobraz muzu\u0142ma\u0144skiego miasta, zdominowanego przez muzu\u0142ma\u0144skie p\u00f3\u0142ksi\u0119\u017cyce.<\/strong><\/p>\r\n<p>Kontrowersyjny plakat przygotowany przez Rad\u0119 ds. Dialogu Ekumenicznego i Mi\u0119dzyreligijnego Archidiecezji Krakowskiej wywo\u0142a\u0142 poruszenie w\u015br\u00f3d internaut\u00f3w. Krytyka na tw\u00f3rc\u00f3w plakatu spad\u0142a za to, \u017ce przedstawiono na nim krajobraz muzu\u0142ma\u0144skiego miasta, pe\u0142nego islamskich p\u00f3\u0142ksi\u0119\u017cyc\u00f3w. W tle zamieszczono grafik\u0119 Ko\u015bcio\u0142a Mariackiego w Krakowie, ale z jego wie\u017cy usuni\u0119to krzy\u017c. \u201eWyra\u017camy g\u0142\u0119bokie ubolewanie\u201d &#8211; napisano w o\u015bwiadczeniu.<\/p>\r\n<p>\u201ePragniemy podkre\u015bli\u0107, \u017ce Arcybiskup Marek J\u0119draszewski w li\u015bcie skierowanym dnia 6 stycznia br. do spo\u0142eczno\u015bci muzu\u0142ma\u0144skiej w Krakowie napisa\u0142, i\u017c \u201epokojowe wsp\u00f3\u0142istnienie pomimo r\u00f3\u017cnic\u201d to&nbsp;wielowiekowe do\u015bwiadczenie krakowian\u201d &#8211; czytamy w komunikacie.<\/p>\r\n<p>\u201eTen pok\u00f3j nale\u017cy budowa\u0107 na prawdzie i poszanowaniu symboli religijnych, czemu da\u0142 wyraz Metropolita Krakowski podczas swojej podr\u00f3\u017cy solidarno\u015bci do Syrii&nbsp;w grudniu ubieg\u0142ego roku. Temu te\u017c dzie\u0142u budowania pokoju winny s\u0142u\u017cy\u0107 Dni Islamu w Ko\u015bciele katolickim\u201d &#8211; precyzuje Biuro Prasowe Archidiecezji Krakowskiej.<\/p>\r\n<p>Wraz z komunikatem, Biuro Prasowe przypomina o li\u015bcie abp. Marka J\u0119draszewskiego do spo\u0142eczno\u015bci muzu\u0142ma\u0144skiej, mieszkaj\u0105cej w Krakowie. \u201eWierz\u0119, \u017ce nasze krakowskie spotkanie katolik\u00f3w i muzu\u0142man\u00f3w z okazji XX Dnia Islamu w Ko\u015bciele katolickim jest dobr\u0105 okazj\u0105, by podj\u0105\u0107 wsp\u00f3lne dzia\u0142ania na rzecz pokoju i bezpiecze\u0144stwa oraz przeciwdzia\u0142a\u0107 przemocy. By budowa\u0107 nasz wsp\u00f3lny dom tu, na terenie Krakowa &#8211; miasta, kt\u00f3rego mieszka\u0144cy nie tylko do\u015bwiadczyli bole\u015bnie owoc\u00f3w nienawi\u015bci w czasie II wojny \u015bwiatowej, ale przez stulecia do\u015bwiadczali pokojowego wsp\u00f3\u0142istnienia pomimo r\u00f3\u017cnic\u201d &#8211; napisa\u0142 abp Marek J\u0119draszewski, Metropolita Krakowski.<\/p>\r\n<p>\u0179r\u00f3d\u0142o: diecezja.pl, Biur Prasowe Archidiecezji Krakowskiej<\/p>\r\n<p>WMa<\/p>\r\n<p class=\"zrodlo\">Za: <a href=\"https:\/\/www.pch24.pl\/wyrazamy-glebokie-ubolewanie--archidiecezja-krakowska-tlumaczy-kontrowersyjny-plakat,73560,i.html\">PoloniaChristiana &#8211; pch24.pl (2020-01-23)<\/a><\/p>\r\n<h4>&nbsp;<\/h4>\r\n<hr style=\"background-color: #000000; border-width: 0; color: #000000; height: 2px; line-height: 0; text-align: center; width: 100%;\">\r\n<h4>&nbsp;<\/h4>","protected":false},"excerpt":{"rendered":"Dzi\u0119ki Archidiecezji Krakowskiej wiemy ju\u017c, jak b\u0119dzie wygl\u0105da\u0107 panorama Krakowa za 20 lat. Zamiast sm\u0119tnych, szaroburych wie\u017c ko\u015bcio\u0142\u00f3w (zauwa\u017cmy, \u017ce nie zwie\u0144czonych krzy\u017cami &#8211; kuria si\u0119 pewnie wyt\u0142umaczy, \u017ce wszystkie krzy\u017ce akurat by\u0142y obr\u00f3cone r\u00f3wnolegle do linii wzroku), b\u0119d\u0105 wyrasta\u0107 nam jak grzyby po deszczu barwne i weso\u0142e kopu\u0142y meczet\u00f3w i wie\u017ce minaret\u00f3w zwie\u0144czone p\u00f3\u0142ksi\u0119\u017cycami. [&hellip;]","protected":false},"author":1,"featured_media":0,"comment_status":"closed","ping_status":"closed","sticky":false,"template":"","format":"standard","meta":{"_acf_changed":false,"_monsterinsights_skip_tracking":false,"_monsterinsights_sitenote_active":false,"_monsterinsights_sitenote_note":"","_monsterinsights_sitenote_category":0,"ngg_post_thumbnail":0,"footnotes":"","_wp_rev_ctl_limit":""},"categories":[5],"tags":[70,98,33],"acf":[],"_links":{"self":[{"href":"https:\/\/www.bibula.com\/index.php?rest_route=\/wp\/v2\/posts\/111745"}],"collection":[{"href":"https:\/\/www.bibula.com\/index.php?rest_route=\/wp\/v2\/posts"}],"about":[{"href":"https:\/\/www.bibula.com\/index.php?rest_route=\/wp\/v2\/types\/post"}],"author":[{"embeddable":true,"href":"https:\/\/www.bibula.com\/index.php?rest_route=\/wp\/v2\/users\/1"}],"replies":[{"embeddable":true,"href":"https:\/\/www.bibula.com\/index.php?rest_route=%2Fwp%2Fv2%2Fcomments&post=111745"}],"version-history":[{"count":0,"href":"https:\/\/www.bibula.com\/index.php?rest_route=\/wp\/v2\/posts\/111745\/revisions"}],"wp:attachment":[{"href":"https:\/\/www.bibula.com\/index.php?rest_route=%2Fwp%2Fv2%2Fmedia&parent=111745"}],"wp:term":[{"taxonomy":"category","embeddable":true,"href":"https:\/\/www.bibula.com\/index.php?rest_route=%2Fwp%2Fv2%2Fcategories&post=111745"},{"taxonomy":"post_tag","embeddable":true,"href":"https:\/\/www.bibula.com\/index.php?rest_route=%2Fwp%2Fv2%2Ftags&post=111745"}],"curies":[{"name":"wp","href":"https:\/\/api.w.org\/{rel}","templated":true}]}}