{"id":111717,"date":"2020-01-21T13:57:10","date_gmt":"2020-01-21T18:57:10","guid":{"rendered":"http:\/\/www.bibula.com\/?p=111717"},"modified":"2020-01-21T13:57:10","modified_gmt":"2020-01-21T18:57:10","slug":"koniec-dyktatury-mezczyzn-na-znakach-drogowych-tym-razem-idiotyzm-made-in-suisse","status":"publish","type":"post","link":"https:\/\/www.bibula.com\/?p=111717","title":{"rendered":"Koniec dyktatury m\u0119\u017cczyzn na\u2026 znakach drogowych. Tym razem idiotyzm made in Suisse"},"content":{"rendered":"<p><strong>W Genewie \u201esfeminizuj\u0105\u201d znaki informuj\u0105ce o przej\u015bciach dla pieszych. Z 500 tego typu znak\u00f3w miejskich, na kt\u00f3rych tradycyjnie widnieje piktogram przechodz\u0105cego po pasach cz\u0142owieka, po\u0142owa zostanie urozmaiconych o sylwetki kobiet, a nawet par lesbijek.<\/strong><\/p>\r\n<p><img fetchpriority=\"high\" decoding=\"async\" class=\"aligncenter\" src=\"https:\/\/nczas.com\/wp-content\/uploads\/2020\/01\/Nowe-znaki-w-Genewie-Fot.-Twitter-696x464.jpg?ezimgfmt=ng:webp\/ngcb23\" width=\"599\" height=\"399\"><\/p>\r\n<p style=\"text-align: center;\"><em>Nowe znaki w Genewie Fot. Twitter<\/em><\/p>\r\n<p>Szwajcarska Genewa chce by\u0107 pionierem promocji r\u00f3wno\u015bci kobiet i m\u0119\u017cczyzn w kraju. Post\u0119py \u00ab&nbsp;Post\u0119pu&nbsp;\u00bb dotar\u0142y wi\u0119c i na oznaczenia drogowe. Skutkuje to zaskakuj\u0105cymi inicjatywami.<\/p>\r\n<p>Zwykle bardzo praktyczni i oszcz\u0119dni Szwajcarzy, s\u0105 tym razem gotowi na kosztowne fanaberie. Mo\u017ce to \u015bwiadczy\u0107, \u017ce sprawa jest powa\u017cna, a \u00ab&nbsp;post\u0119p&nbsp;\u00bb triumfuje.<\/p>\r\n<p>Na nowych znakach informuj\u0105cych o przej\u015bciach dla pieszych, poza sylwetk\u0119 m\u0119\u017cczyzn i kobiet, pojawi\u0105 si\u0119 te\u017c seniorzy, kobiety w ci\u0105\u017cy, czy pary lesbijek. W sumie b\u0119dzie to 6 wersji. Oby tylko mieszka\u0144cy nie zrozumieli tego, \u017ce ka\u017cde przej\u015bcie dedykowane jest innej grupie ?<\/p>\r\n<blockquote class=\"twitter-tweet\" data-lang=\"en\">\r\n<p dir=\"ltr\" lang=\"fr\">Gen\u00c3\u00a8ve &#x1f1e8;&#x1f1ed; f\u00c3\u00a9minise ses panneaux annon\u00c3\u00a7ant les passages pi\u00c3\u00a9tons &#x25b6;&#xfe0f; <a href=\"https:\/\/t.co\/PRBWOhY6ay\">https:\/\/t.co\/PRBWOhY6ay<\/a> <a href=\"https:\/\/t.co\/sOJWysBMoo\">pic.twitter.com\/sOJWysBMoo<\/a><\/p>\r\n\r\n\u201d\u201d France Bleu Pays de Savoie (@bleusavoie) <a href=\"https:\/\/twitter.com\/bleusavoie\/status\/1217830124806115329?ref_src=twsrc%5Etfw\">January 16, 2020<\/a><\/blockquote>\r\n<p><script async=\"\" src=\"https:\/\/platform.twitter.com\/widgets.js\" charset=\"utf-8\"><\/script><\/p>\r\n<p>Genewa chce w ten spos\u00f3b \u00ab promowa\u0107 r\u00f3\u017cnorodno\u015b\u0107 \u00bb. Ratusz twierdzi, \u017ce \u00ab nie chodzi tu o gad\u017cet, ale spos\u00f3b na pokazanie ewolucji spo\u0142ecze\u0144stwa \u00bb i wywo\u0142anie \u00ab refleksji nad miejscem kobiet w przestrzeni publicznej \u00bb. Tak przynajmniej twierdzi radna Sandrine Salerno. Radni Genewy ch\u0119tnie by te\u017c \u00ab sfeminizowali \u00bb \u015bwiat\u0142a, ale tutaj obowi\u0105zuj\u0105 ich przepisy federalne.<\/p>\r\n<blockquote class=\"twitter-tweet\" data-lang=\"en\">\r\n<p dir=\"ltr\" lang=\"fr\">\u00c3\u20ac GEN\u00c3\u02c6VE ils ont install\u00c3\u00a9s 200 panneaux incluant des femmes et couples lesbiens en supprimant 50% des panneaux masculins. Ma ville est g\u00c3\u00a9niale. <br>\r\n50% masculin, 50% f\u00c3\u00a9minin. <a href=\"https:\/\/twitter.com\/hashtag\/%C3%89galit%C3%A9CestMonGenre?src=hash&amp;ref_src=twsrc%5Etfw\">#\u00c3\u2030galit\u00c3\u00a9CestMonGenre<\/a> <a href=\"https:\/\/twitter.com\/hashtag\/Gen%C3%A8ve?src=hash&amp;ref_src=twsrc%5Etfw\">#Gen\u00c3\u00a8ve<\/a> <a href=\"https:\/\/t.co\/tOQm2oBgIq\">pic.twitter.com\/tOQm2oBgIq<\/a><\/p>\r\n\r\n\u201d\u201d french stay | STARSET VIP IN Z\u00c3\u0153RICH J-43 (@voiceskngr) <a href=\"https:\/\/twitter.com\/voiceskngr\/status\/1218058555917578240?ref_src=twsrc%5Etfw\">January 17, 2020<\/a><\/blockquote>\r\n<p><script async=\"\" src=\"https:\/\/platform.twitter.com\/widgets.js\" charset=\"utf-8\"><\/script><\/p>\r\n<p>Oby tylko wyborcy, po \u00ab wywo\u0142aniu refleksji \u00bb, nie doszli do wniosku, \u017ce nie chc\u0105 bynajmniej marnotrawienie swoich pieni\u0119dzy\u2026 Tym bardziej, \u017ce pewne \u015brodowiska ju\u017c pytaj\u0105 o znaki z piktogramami np. \u015brodowiska LGTB i zmianom takim ko\u0144ca nie wida\u0107.<\/p>\r\n<blockquote class=\"twitter-tweet\" data-lang=\"en\">\r\n<p dir=\"ltr\" lang=\"fr\">Pour accro\u00c3\u00aetre la visibilit\u00c3\u00a9 des femmes dans l\u2019espace public, la Ville de <a href=\"https:\/\/twitter.com\/hashtag\/Gen%C3%A8ve?src=hash&amp;ref_src=twsrc%5Etfw\">#Gen\u00c3\u00a8ve<\/a> remplace 250 panneaux signalant des passages pour pi\u00c3\u00a9tons par une d\u00c3\u00a9clinaison de six pictogrammes f\u00c3\u00a9minis\u00c3\u00a9s. <a href=\"https:\/\/twitter.com\/hashtag\/%C3%89galit%C3%A9CestMonGenre?src=hash&amp;ref_src=twsrc%5Etfw\">#\u00c3\u2030galit\u00c3\u00a9CestMonGenre<\/a><br>\r\n<br>\r\nPlus d&#8217;infos &#x1f449;<a href=\"https:\/\/t.co\/tur4vpYs0i\">https:\/\/t.co\/tur4vpYs0i<\/a> <a href=\"https:\/\/t.co\/lENaY52LS1\">pic.twitter.com\/lENaY52LS1<\/a><\/p>\r\n\r\n\u201d\u201d Ville de Gen\u00c3\u00a8ve (@VilleDeGeneve) <a href=\"https:\/\/twitter.com\/VilleDeGeneve\/status\/1218093012871499777?ref_src=twsrc%5Etfw\">January 17, 2020<\/a><\/blockquote>\r\n<p><script async=\"\" src=\"https:\/\/platform.twitter.com\/widgets.js\" charset=\"utf-8\"><\/script><\/p>\r\n<p>\u0179r\u00f3d\u0142o : VA\/ Tribune<\/p>","protected":false},"excerpt":{"rendered":"W Genewie \u201esfeminizuj\u0105\u201d znaki informuj\u0105ce o przej\u015bciach dla pieszych. Z 500 tego typu znak\u00f3w miejskich, na kt\u00f3rych tradycyjnie widnieje piktogram przechodz\u0105cego po pasach cz\u0142owieka, po\u0142owa zostanie urozmaiconych o sylwetki kobiet, a nawet par lesbijek. Nowe znaki w Genewie Fot. Twitter Szwajcarska Genewa chce by\u0107 pionierem promocji r\u00f3wno\u015bci kobiet i m\u0119\u017cczyzn w kraju. Post\u0119py \u00ab&nbsp;Post\u0119pu&nbsp;\u00bb dotar\u0142y [&hellip;]","protected":false},"author":1,"featured_media":0,"comment_status":"closed","ping_status":"closed","sticky":false,"template":"","format":"standard","meta":{"_acf_changed":false,"_monsterinsights_skip_tracking":false,"_monsterinsights_sitenote_active":false,"_monsterinsights_sitenote_note":"","_monsterinsights_sitenote_category":0,"ngg_post_thumbnail":0,"footnotes":"","_wp_rev_ctl_limit":""},"categories":[12],"tags":[369,25,20,239,104],"acf":[],"_links":{"self":[{"href":"https:\/\/www.bibula.com\/index.php?rest_route=\/wp\/v2\/posts\/111717"}],"collection":[{"href":"https:\/\/www.bibula.com\/index.php?rest_route=\/wp\/v2\/posts"}],"about":[{"href":"https:\/\/www.bibula.com\/index.php?rest_route=\/wp\/v2\/types\/post"}],"author":[{"embeddable":true,"href":"https:\/\/www.bibula.com\/index.php?rest_route=\/wp\/v2\/users\/1"}],"replies":[{"embeddable":true,"href":"https:\/\/www.bibula.com\/index.php?rest_route=%2Fwp%2Fv2%2Fcomments&post=111717"}],"version-history":[{"count":0,"href":"https:\/\/www.bibula.com\/index.php?rest_route=\/wp\/v2\/posts\/111717\/revisions"}],"wp:attachment":[{"href":"https:\/\/www.bibula.com\/index.php?rest_route=%2Fwp%2Fv2%2Fmedia&parent=111717"}],"wp:term":[{"taxonomy":"category","embeddable":true,"href":"https:\/\/www.bibula.com\/index.php?rest_route=%2Fwp%2Fv2%2Fcategories&post=111717"},{"taxonomy":"post_tag","embeddable":true,"href":"https:\/\/www.bibula.com\/index.php?rest_route=%2Fwp%2Fv2%2Ftags&post=111717"}],"curies":[{"name":"wp","href":"https:\/\/api.w.org\/{rel}","templated":true}]}}