{"id":111556,"date":"2020-01-07T10:36:28","date_gmt":"2020-01-07T15:36:28","guid":{"rendered":"http:\/\/www.bibula.com\/?p=111556"},"modified":"2020-01-07T19:22:50","modified_gmt":"2020-01-08T00:22:50","slug":"dlaczego-andrzej-duda-traktuje-polakow-jak-debilne-dzieci","status":"publish","type":"post","link":"https:\/\/www.bibula.com\/?p=111556","title":{"rendered":"Dlaczego Andrzej Duda traktuje Polak\u00f3w jak debilne dzieci?"},"content":{"rendered":"<p><strong>W minion\u0105 niedziel\u0119, 5 stycznia 2020 r, wyst\u0105pi\u0142 w telewizji prezydent wszystkich Polak\u00f3w Andrzej Duda w sprawie aktualnej czyli sytuacji politycznej w Iraku, gdzie, jak wiadomo, od czasu terrorystycznego ataku Amerykan\u00f3w wrze.<\/strong><\/p>\r\n<p>Pan prezydent stwierdzi\u0142, co nast\u0119puje:<\/p>\r\n<p><i>My\u015bmy w&nbsp;\u017caden spos\u00f3b w&nbsp;tym nie wzi\u0119li udzia\u0142u i&nbsp;nie ma&nbsp;\u017cadnych sygna\u0142\u00f3w, aby by\u0142o jakiekolwiek niebezpiecze\u0144stwo dla Polski czy Polak\u00f3w wynikaj\u0105ce z&nbsp;tego&nbsp;zdarzenia&nbsp;&nbsp;<\/i><\/p>\r\n<p><i><\/i>I jakby tego k\u0142amstwa by\u0142o za ma\u0142o, to nie omieszka\u0142 doda\u0107 z rozbrajaj\u0105cym u\u015bmiechem, \u017ce \u201e&nbsp;polscy \u017co\u0142nierze w&nbsp;Iraku \u201enie pe\u0142ni\u0105 dzi\u015b \u017cadnej misji&nbsp;wojennej\u201d.&nbsp;<\/p>\r\n<p><i>To&nbsp;nie jest misja bojowa, to&nbsp;jest misja szkoleniowa, o&nbsp;charakterze stabilizacyjnym, wi\u0119c mo\u017cna \u015bmia\u0142o m\u00f3wi\u0107, \u017ce&nbsp;jest to&nbsp;misja realizowana z&nbsp;celach pokojowych.&nbsp;&nbsp;<\/i><\/p>\r\n<p>A jak\u017ce, Panie Prezydencie, nasi \u017co\u0142nierze nie pe\u0142ni\u0105 w Iraku \u017cadnej misji bojowej, bo w Iraku, mimo dw\u00f3ch wojen przeciw narodowi irackiemu nigdy nie by\u0142o \u017cadnej misji bojowej. W og\u00f3le s\u0142owo &#8222;misja&#8221; oznacza \u015bwi\u0119te pos\u0142annictwo, ale o &#8222;misji bojowej&#8221; us\u0142yszeli\u015bmy z ust prezydenta Busha po raz pierwszy.&nbsp; Ta zbitka s\u0142owna jest szczeg\u00f3lnie ohydna. Wiadomo przecie\u017c, \u017ce to Irak, nie wiedzie\u0107 czemu znienacka zaatakowa\u0142 2 sierpnia 1990 roku Kuwejt i by\u0142a z tego tzw. I wojna w Zatoce Perskiej. Amerykanie zaprowadzali tam&nbsp; pok\u00f3j i \u015bwi\u0119ty spok\u00f3j. Oraz demokracj\u0119. Ale Polska nie mia\u0142a z tym nic wsp\u00f3lnego, cho\u0107 nie wiadomo dlaczego pojawili si\u0119 tam nasi \u017co\u0142nierze. Najemnicy? Co robili? Nosili nocniki za ameryka\u0144skimi genera\u0142ami?&nbsp;&nbsp;<\/p>\r\n<p>Podobnie II wojna w Zatoce Perskiej, kt\u00f3ra rozpocz\u0119\u0142a si\u0119 20 marca 2003 roku od ataku \u201ekoalicji si\u0142 mi\u0119dzynarodowych\u201d (g\u0142\u00f3wnie USA oraz Wielkiej Brytanii) nie by\u0142a niczm innym, jak misj\u0105 pokojow\u0105, w trakcie kt\u00f3rej intensywnie lecz nadaremnie szukano irackiej broni chemicznej. I znaleziono Saddama, do tej pory ameryka\u0144sk\u0105 dusze\u0144k\u0119,&nbsp; schowanego w dziurze w ziemi.&nbsp; &nbsp;<\/p>\r\n<p>I w tej MISJI POKOJOWEJ \u201ekoalicji si\u0142 mi\u0119dzynarodowych\u201d znale\u017ali si\u0119 polscy \u017co\u0142nierze, cho\u0107 nie przypominam sobie, aby polski parlament dyskutowa\u0142 i zatwierdzi\u0142 ich udzia\u0142 w tej\u017ce \u201emisji\u201d.<\/p>\r\n<p>Nie przypominam sobie tak\u017ce \u017cadnego zaproszenia polskiej armii w charakterze misjonarzy w mundurach przez iracki rz\u0105d. Podobnie \u017cadne polskie medium&nbsp; nie poda\u0142o informacji, czy prezydent RP podpisa\u0142 zgod\u0119 na udzia\u0142 naszej armii w tej &#8211; a jednak wojnie. Przyst\u0105pili\u015bmy do niej zatem INCOGNITO. Cicho, sza! Nie wolno o tym g\u0142o\u015bno m\u00f3wi\u0107, bo si\u0119 jeszcze wyda! Od tamtej pory ca\u0142y czas przebywa w Iraku polska armia (nie wiadomo, w jakiej sile &#8211; pos\u0142owie o to nie pytaj\u0105, a prezydenci i premierzy nie \u015bpiesz\u0105 si\u0119 z informacj\u0105, pono\u0107 na dzi\u015b to zaledwie 350 \u017co\u0142nierzy i oficer\u00f3w) i. Czym si\u0119 zajmuj\u0105 polscy \u017co\u0142nierze w Iraku? Bojowymi \u0107wiczeniami na \u017cywych irackich celach? Co robi\u0105 w Iraku nasze \u201eJastrz\u0119bie\u201d czyli kilkadziesi\u0105t samolot\u00f3w bojowych F-16? Czy w ramach misji pokojowej przewo\u017c\u0105 bedui\u0144skie kozy na targ do Bagdadu? Czy zainteresowa\u0142 si\u0119 \u201epokojow\u0105\u201d dzia\u0142alno\u015bci\u0105 polskiej armii w Iraku jakikolwiek pose\u0142 cho\u0107by z komisi obrony narodowej? Nie s\u0142yszeli\u015bmy i nie czytali\u015bmy \u017cadnego sprawozdania&nbsp;<\/p>\r\n<p>Pan prezydent wychodzi z za\u0142o\u017cenia, \u017ce je\u015bli na czarne powie bia\u0142e, to ca\u0142y nar\u00f3d uwierzy mu bez zastrze\u017ce\u0144. Niekt\u00f3rzy przy tym padn\u0105 na kl\u0119czki. Tym bardziej, \u017ce zaraz po wywiadzie (albo przed?) prowadza\u0142 si\u0119 w procesji z okazji \u015bwi\u0119ta Trzech Kr\u00f3li. Swi\u0119ty cz\u0142owiek, jak takiemu nie wierzy\u0107?<\/p>\r\n<p>A jednak na koniec swojego wywiadu prezydent stwierdzi\u0142:<\/p>\r\n<p><i>Oczywi\u015bcie, natychmiast skontaktowali\u015bmy si\u0119 z&nbsp;naszym kontyngentem. Rozmawiali\u015bmy z&nbsp;nimi, jak wygl\u0105da sytuacja, czy jest zagro\u017cenie. Podj\u0119to decyzj\u0119, aby zawiesi\u0107 na&nbsp;razie dzia\u0142ania naszego&nbsp;kontyngentu&nbsp;<\/i><\/p>\r\n<p>Czyli, niezale\u017cnie od \u201eszczeg\u00f3\u0142owego monitorowania\u201d, trzeba by\u0142o pogada\u0107 przez telefon z g\u0142\u00f3wnodowdz\u0105cymi &#8222;misjonarzami&#8221; , by dowiedzie\u0107 si\u0119, jaka jest sytuacja. I- niestety, niestety &#8211; okaza\u0142o si\u0119, \u017ce trzeba NA RAZIE zawiesi\u0107 wszelkie \u201edzia\u0142ania pokojowe\u201d polskiego kontyngentu. Oj, biedne kozy! I kto je teraz b\u0119dzie wozi\u0142 na bazar do Bagdadu?&nbsp;&nbsp;<\/p>\r\n<p><b>PS: Jak podaj\u0105 niemieckie media, Bundeswehra wycofuje sw\u00f3j kontyngent z Iraku (415 \u017co\u0142nierzy) i przerzuca go do Kuwejtu i Jordanii, gdzie ma od lat swoje punkty operacyjne.&nbsp; I to bez czekania na pozwolenie wierchuszki NATO.&nbsp; Co pan na to, panie Prezydencie? Jak d\u0142ugo chce Pan nara\u017ca\u0107 \u017cycie polskich \u017co\u0142nierzy?<\/b><\/p>\r\n<p><b>I co w og\u00f3le robi\u0105 Polacy w Iraku? Dlaczego od lat uczestnicz\u0105 w okupacji tego kraju?&nbsp;<\/b><\/p>\r\n<p><strong><em>Joanna Mieszko-Wi\u00f3rkiewicz<\/em><\/strong><\/p>\r\n<p>https:\/\/wpolityce.pl\/polityka\/480751-duda-uspokaja-nie-ma-sygnalow-o-niebezpieczenstwie-dla-rp<\/p>","protected":false},"excerpt":{"rendered":"W minion\u0105 niedziel\u0119, 5 stycznia 2020 r, wyst\u0105pi\u0142 w telewizji prezydent wszystkich Polak\u00f3w Andrzej Duda w sprawie aktualnej czyli sytuacji politycznej w Iraku, gdzie, jak wiadomo, od czasu terrorystycznego ataku Amerykan\u00f3w wrze. Pan prezydent stwierdzi\u0142, co nast\u0119puje: My\u015bmy w&nbsp;\u017caden spos\u00f3b w&nbsp;tym nie wzi\u0119li udzia\u0142u i&nbsp;nie ma&nbsp;\u017cadnych sygna\u0142\u00f3w, aby by\u0142o jakiekolwiek niebezpiecze\u0144stwo dla Polski czy Polak\u00f3w [&hellip;]","protected":false},"author":1,"featured_media":0,"comment_status":"closed","ping_status":"closed","sticky":false,"template":"","format":"standard","meta":{"_acf_changed":false,"_monsterinsights_skip_tracking":false,"_monsterinsights_sitenote_active":false,"_monsterinsights_sitenote_note":"","_monsterinsights_sitenote_category":0,"ngg_post_thumbnail":0,"footnotes":"","_wp_rev_ctl_limit":""},"categories":[8],"tags":[349,84,326,20,221],"acf":[],"_links":{"self":[{"href":"https:\/\/www.bibula.com\/index.php?rest_route=\/wp\/v2\/posts\/111556"}],"collection":[{"href":"https:\/\/www.bibula.com\/index.php?rest_route=\/wp\/v2\/posts"}],"about":[{"href":"https:\/\/www.bibula.com\/index.php?rest_route=\/wp\/v2\/types\/post"}],"author":[{"embeddable":true,"href":"https:\/\/www.bibula.com\/index.php?rest_route=\/wp\/v2\/users\/1"}],"replies":[{"embeddable":true,"href":"https:\/\/www.bibula.com\/index.php?rest_route=%2Fwp%2Fv2%2Fcomments&post=111556"}],"version-history":[{"count":0,"href":"https:\/\/www.bibula.com\/index.php?rest_route=\/wp\/v2\/posts\/111556\/revisions"}],"wp:attachment":[{"href":"https:\/\/www.bibula.com\/index.php?rest_route=%2Fwp%2Fv2%2Fmedia&parent=111556"}],"wp:term":[{"taxonomy":"category","embeddable":true,"href":"https:\/\/www.bibula.com\/index.php?rest_route=%2Fwp%2Fv2%2Fcategories&post=111556"},{"taxonomy":"post_tag","embeddable":true,"href":"https:\/\/www.bibula.com\/index.php?rest_route=%2Fwp%2Fv2%2Ftags&post=111556"}],"curies":[{"name":"wp","href":"https:\/\/api.w.org\/{rel}","templated":true}]}}