{"id":111438,"date":"2020-01-02T09:59:20","date_gmt":"2020-01-02T14:59:20","guid":{"rendered":"http:\/\/www.bibula.com\/?p=111438"},"modified":"2020-01-02T10:01:21","modified_gmt":"2020-01-02T15:01:21","slug":"to-trzeba-zobaczyc-francuski-dziennikarz-zaskoczony-ze-w-polsce-nie-splonely-zadne-auta-podczas-sylwestra","status":"publish","type":"post","link":"https:\/\/www.bibula.com\/?p=111438","title":{"rendered":"To trzeba zobaczy\u0107! Francuski dziennikarz zaskoczony, \u017ce w Polsce\u2026 nie sp\u0142on\u0119\u0142y \u017cadne auta podczas Sylwestra"},"content":{"rendered":"<p><strong>Paryski korespondent radia RMF Marek G\u0142adysz by\u0142 go\u015bciem francuskiej stacji LCI, gdzie komentowa\u0142 wydarzenia, jakie mia\u0142y miejsce podczas Sylwestra w kraju nad Sekwan\u0105. W pewnym momencie jeden z francuskich prowadz\u0105cych nie kry\u0142 zdziwienia faktem, i\u017c w Polsce podczas sylwestrowej nocy nie sp\u0142on\u0119\u0142o \u017cadne auto.<\/strong><\/p>\r\n<p><span class=\"pullquote\"><!-- ...Gdyby w Polsce 'sp\u0142on\u0119\u0142o 20 aut, to wywo\u0142a\u0142oby to spor\u0105 sensacj\u0119 w\u015br\u00f3d spo\u0142eczno\u015bci oraz zainteresowanie medi\u00f3w, podczas gdy we Francji, gdzie sp\u0142on\u0119\u0142o ponad tysi\u0105c pojazd\u00f3w, wychodzi minister spraw wewn\u0119trznych i m\u00f3wi, \u017ce NOC BY\u0141A SPOKOJNA'... --><\/span><\/p>\r\n<p>Zamieszki, setki podpale\u0144, zniszczone tysi\u0105ce aut, strzelanie fajerwerkami w policjant\u00f3w i stra\u017cak\u00f3w &#8211; tak mo\u017cna opisa\u0107 zaj\u015bcia, jakie mia\u0142y miejsce podczas \u015bwi\u0119towania Sylwestra we Francji. Lokalne media podaj\u0105 nawet, \u017ce w Strasburgu sp\u0142on\u0119\u0142o wi\u0119cej samochod\u00f3w, ni\u017c w zesz\u0142y roku. Zwi\u0119kszy\u0142a si\u0119 tak\u017ce liczba rannych oraz aresztowanych.<\/p>\r\n<p>W tym temacie wypowiedzia\u0142 si\u0119 korespondent RMF Marek G\u0142adysz, kt\u00f3ry w rozmowie na antenie LCI powiedzia\u0142, \u017ce gdyby w Polsce &#8222;sp\u0142on\u0119\u0142o 20 aut, to wywo\u0142a\u0142oby to spor\u0105 sensacj\u0119 w\u015br\u00f3d spo\u0142eczno\u015bci oraz zainteresowanie medi\u00f3w, podczas gdy we Francji, gdzie sp\u0142on\u0119\u0142o ponad tysi\u0105c pojazd\u00f3w, wychodzi minister spraw wewn\u0119trznych i m\u00f3wi, \u017ce noc by\u0142a spokojna\u201d. S\u0142owa polskiego dziennikarza wywo\u0142a\u0142y spore zaskoczenie w\u015br\u00f3d francuskich rozm\u00f3wc\u00f3w. Jeden z nich, David Pujadas, z nieukrywanym zaskoczeniem spyta\u0142 si\u0119:<\/p>\r\n<p><em>&#8211; To&nbsp;pierwszego stycznia w&nbsp;Polsce nie&nbsp;ma&nbsp;spalonych samochod\u00f3w?<\/em><\/p>\r\n<p>S\u0142owa paryskiego korespondenta i reakcja francuskiego dziennikarza s\u0105 szeroko komentowane tak\u017ce nad Sekwan\u0105, gdzie coraz cz\u0119\u015bciej us\u0142ysze\u0107 mo\u017cna g\u0142osy, i\u017c sytuacja we Francji nie jest najlepsza, a Francuzi zazdroszcz\u0105 Polakom spokoju i bezpiecze\u0144stwa.<\/p>\r\n<blockquote class=\"twitter-tweet\" data-lang=\"en\">\r\n<p dir=\"ltr\" lang=\"fr\">&#x1f525;&#x1f697;Pujadas est tellement habitu\u00c3\u00a9 \u00c3\u00a0 l&#8217;ins\u00c3\u00a9curit\u00c3\u00a9&#x1f1eb;&#x1f1f7; qu&#8217;il ne peut croire qu&#8217;il n&#8217;y ait pas de voitures br\u00c3\u00bbl\u00c3\u00a9es en Pologne!<br>\r\n&#8222;En <a href=\"https:\/\/twitter.com\/hashtag\/Pologne?src=hash&amp;ref_src=twsrc%5Etfw\">#Pologne<\/a> il y aurait 20 voitures br\u00c3\u00bbl\u00c3\u00a9es, il y aurait des \u00c3\u00a9missions sp\u00c3\u00a9ciales (.) En France 1000 voitures br\u00c3\u00bbl\u00c3\u00a9es on dit que la nuit a \u00c3\u00a9t\u00c3\u00a9 sereine&#8221; <a href=\"https:\/\/t.co\/qd2y6xLgCE\">pic.twitter.com\/qd2y6xLgCE<\/a><\/p>\r\n\r\n\r\n\u201d\u201d Patrick Edery (@patrick_edery) <a href=\"https:\/\/twitter.com\/patrick_edery\/status\/1212308855566295041?ref_src=twsrc%5Etfw\">January 1, 2020<\/a><\/blockquote>\r\n<p><script async=\"\" src=\"https:\/\/platform.twitter.com\/widgets.js\" charset=\"utf-8\"><\/script><\/p>\r\n<p>&#8211;&nbsp;<em>Jestem w Warszawie i potwierdzam, \u017ce nie ma tu \u017cadnych zamieszek, \u017cadnych alarm\u00f3w w mie\u015bcie, w kt\u00f3rym ludzie po katastrofach komunizmu s\u0105 zadowoleni ze swojego \u017cycia oraz prawicowego rz\u0105du. Powinni\u015bmy bra\u0107 przyk\u0142ad<\/em> &#8211; napisa\u0142 jeden z francuskich internaut\u00f3w.<\/p>\r\n<p>&#8211;&nbsp;<span tabindex=\"0\" lang=\"pl\"><em>Tutaj zdajemy sobie spraw\u0119 z absurdalnej sytuacji we Francji. Pujadas dziwi si\u0119, \u017ce w Polsce nie pali si\u0119 samochod\u00f3w dla zabawy. Trywializujemy najgorsze<\/em> &#8211; pisze z kolei inny.<\/span><\/p>\r\n<p>\u0179r\u00f3d\u0142o: Twitter\/ Do RzeczyAutor: JD<\/p>","protected":false},"excerpt":{"rendered":"Paryski korespondent radia RMF Marek G\u0142adysz by\u0142 go\u015bciem francuskiej stacji LCI, gdzie komentowa\u0142 wydarzenia, jakie mia\u0142y miejsce podczas Sylwestra w kraju nad Sekwan\u0105. W pewnym momencie jeden z francuskich prowadz\u0105cych nie kry\u0142 zdziwienia faktem, i\u017c w Polsce podczas sylwestrowej nocy nie sp\u0142on\u0119\u0142o \u017cadne auto. Zamieszki, setki podpale\u0144, zniszczone tysi\u0105ce aut, strzelanie fajerwerkami w policjant\u00f3w i [&hellip;]","protected":false},"author":1,"featured_media":0,"comment_status":"closed","ping_status":"closed","sticky":false,"template":"","format":"standard","meta":{"_acf_changed":false,"_monsterinsights_skip_tracking":false,"_monsterinsights_sitenote_active":false,"_monsterinsights_sitenote_note":"","_monsterinsights_sitenote_category":0,"ngg_post_thumbnail":0,"footnotes":"","_wp_rev_ctl_limit":""},"categories":[6],"tags":[191,98],"acf":[],"_links":{"self":[{"href":"https:\/\/www.bibula.com\/index.php?rest_route=\/wp\/v2\/posts\/111438"}],"collection":[{"href":"https:\/\/www.bibula.com\/index.php?rest_route=\/wp\/v2\/posts"}],"about":[{"href":"https:\/\/www.bibula.com\/index.php?rest_route=\/wp\/v2\/types\/post"}],"author":[{"embeddable":true,"href":"https:\/\/www.bibula.com\/index.php?rest_route=\/wp\/v2\/users\/1"}],"replies":[{"embeddable":true,"href":"https:\/\/www.bibula.com\/index.php?rest_route=%2Fwp%2Fv2%2Fcomments&post=111438"}],"version-history":[{"count":0,"href":"https:\/\/www.bibula.com\/index.php?rest_route=\/wp\/v2\/posts\/111438\/revisions"}],"wp:attachment":[{"href":"https:\/\/www.bibula.com\/index.php?rest_route=%2Fwp%2Fv2%2Fmedia&parent=111438"}],"wp:term":[{"taxonomy":"category","embeddable":true,"href":"https:\/\/www.bibula.com\/index.php?rest_route=%2Fwp%2Fv2%2Fcategories&post=111438"},{"taxonomy":"post_tag","embeddable":true,"href":"https:\/\/www.bibula.com\/index.php?rest_route=%2Fwp%2Fv2%2Ftags&post=111438"}],"curies":[{"name":"wp","href":"https:\/\/api.w.org\/{rel}","templated":true}]}}