{"id":1113,"date":"2007-07-14T00:00:00","date_gmt":"2007-07-14T00:00:00","guid":{"rendered":""},"modified":"2020-09-03T20:04:21","modified_gmt":"2020-09-04T00:04:21","slug":"ukazal-sie-numer-8-pisma-katolik-tradycji","status":"publish","type":"post","link":"https:\/\/www.bibula.com\/?p=1113","title":{"rendered":"Ukaza\u0142 si\u0119 Numer 8 pisma &#8222;Katolik Tradycji&#8221;"},"content":{"rendered":"<p>Ukaza\u0142 si\u0119 numer 8 pisma &#8222;Katolik Tradycji&#8221; zawieraj\u0105cy m.in.tekst Listu Apostolskiego <em>Motu Proprio<\/em> Benedykta XVI <em>Summorum ponficum<\/em>, artyku\u0142 &#8222;Czym jest Msza \u015bwi\u0119ta&#8221; oraz Psalm LV &#8211; u \u017byd\u00f3w 56 (55), z komentarzem Grzegorza Mularczyka.<\/p>\r\n<p>Laudetur Iesus Christus,<\/p>\r\n<p>Szanowni Czytelnicy,<\/p>\r\n<p>7 lipca w Motu Proprio &#8222;Summorum Pontificum&#8221; Ojciec \u015awi\u0119ty zwr\u00f3ci\u0142 wolno\u015b\u0107 Tradycyjnemu Msza\u0142owi Rzymskiemu, promulgowanemu przez \u015bwietego Piusa V. Z tej w\u0142a\u015bnie przyczyny pojawia si\u0119 ten specjalny numer \u201eKatolika Tradycji\u201d, po\u015bwi\u0119cony temu wydarzeniu, a zawieraj\u0105cy na razie nieoficjalne, aczkolwiek poprawne t\u0142umaczenia Motu Proprio.<\/p>\r\n<p>Do\u0142\u0105czmy si\u0119 do rado\u015bci i podzi\u0119kowa\u0144 Ojcu \u015awi\u0119temu, sk\u0142adanych tak w imieniu wiernych, jak i kap\u0142an\u00f3w, oraz do podzi\u0119kowan Bractwa \u015awietego Piusa X. Przede wszystkim Bogu dzi\u0119kujmy za ten dar mi\u0142osierdzia, i Niepokalanej &#8211; jest znakiem czas\u00f3w, \u017ce dokument ten ujrza\u0142 \u015bwiat\u0142o dzienne w\u0142a\u015bnie w pierwsz\u0105 sobot\u0119, szczeg\u00f3lnie po\u015bwi\u0119con\u0105 Jej Niepokalanemu Sercu. M\u00f3dlmy sie jednak o ca\u0142kowity powr\u00f3t Tradycji w Ko\u015bciele.<\/p>\r\n<p>Jak zauwa\u017cy\u0142 Prze\u0142o\u017cony Bractwa Ksi\u015bdz Biskup Fellay w swoim o\u015bwiadczeniu, musimy by\u0107 wierni nie tylko tradycyjnej liturgii, ale i doktrynie, kt\u00f3ra jest jak ziemia, na kt\u00f3rej ta liturgia mo\u017ce w pe\u0142ni rozkwita\u0107. <em>Lex orandi, lex credendi!<\/em> Prawo liturgii, modlitwy, musi by\u0107 prawem wiary. Oby odkrycie Mszy \u015bwi\u0119tej stanowi\u0142o r\u00f3wnie\u017c pocz\u0119tek teologicznych poszukiwa\u0144, aby kap\u0142ani, kt\u00f3rzy j\u0105 odprawiaj\u0105, oraz wierni, kt\u00f3rzy przychodz\u0105 na ni\u0105,<br \/>\r\nzachwycali si\u0119 nie tylko zewn\u0119trznym pi\u0119knem, ale poznawali te\u017c ca\u0142e jej duchowe bogactwo. A ten skarb, jak m\u00f3wi\u0105 \u015bwi\u0119ci, nale\u017cy rozwa\u017ca\u0107 na kolanach, \u201etak wielka jest ta tajemnica\u201d (katolicki ryt maronicki).<\/p>\r\n<p>Tym kap\u0142anom, kt\u00f3rzy Mszy \u015bwi\u0119tej pragn\u0105 si\u0119 nauczy\u0107, polecajmy DVD: <a class=\"content_sz\" href=\"http:\/\/www.piusx.org.pl\/dvd_dla_kaplanow\" target=\"_blank\" rel=\"noopener noreferrer\">http:\/\/www.piusx.org.pl\/dvd_dla_kaplanow<\/a> wydane przez francuskie wydawnictwo, kt\u00f3re w warszawskim Przeoracie wysy\u0142ane jest do duchownych za darmo. Pomagajmy im w powrocie do tej \u201enajpiekniejszej po tej stronie Nieba\u201d Mszy i jednocze\u015bnie do \u201ePrawdy katolickiej, Prawdy jedynej\u201d, aby mogli \u017cy\u0107 w pe\u0142ni swoim kap\u0142a\u0144stwem. Wierni Tradycji winni zaanga\u017cowa\u0107 si\u0119 w pomoc w odnalezieniu przez kap\u0142an\u00f3w ich SKARBU. Powinni r\u00f3wnie\u017c zaanga\u017cowa\u0107 si\u0119 w apostolstwie dla POWROTU TRADYCJI by i inni katolicy na terenie parafii poznali MSZ\u0118 WSZECHCZAS\u00d3W.<\/p>\r\n<p>To ju\u017c 8 nr \u201eKatolika Tradycji\u201d, ostatni w wakacje, nast\u0119pny dopiero we wrze\u015bniu. Dla podr\u00f3\u017cuj\u0105cych po \u015bwiecie podajemy adres internetowy, gdzie mo\u017cecie szuka\u0107 Mszy Wszechczas\u00f3w: <a class=\"content_sz\" href=\"www.dici.org\" target=\"_blank\" rel=\"noopener noreferrer\">www.dici.org<\/a> lub wbijajcie w wyszukiwarke \u201eTrident Mass Center\u201d . Wykaz miejsc we Francji, gdzie Msze si\u0119 odprawia znale\u017a\u0107 te\u017c mo\u017cna na stronie \u201eUNA VOCE\u201d: <a class=\"content_sz\" href=\"http:\/\/www.unavoce.fr\/content\/section\/12\/44\/\" target=\"_blank\" rel=\"noopener noreferrer\">http:\/\/www.unavoce.fr\/content\/section\/12\/44\/<\/a> (LIEUX DU CULTE: miejsca kultu, dalej s\u0105 wymienione Zgromadzenia obs\u0142uguj\u0105ce dane kaplice).<\/p>\r\n<p>Pojawiaj\u0105 si\u0119 nam nowi korespondenci, nowe punkty dystrybucji i mimo naszych u\u0142omno\u015bci, s\u0142abo\u015bci, idziemy do przodu. Im wiecej \u015bwiat pogr\u0105\u017ca si\u0119 w grzechu, tym bardziej wypatrujmy Kr\u00f3lestwa Bo\u017cego.<\/p>\r\n<p>W tym numerze polecamy tekst \u201eCo to jest Msza \u015bwi\u0119ta\u201d, nades\u0142any od naszego korespondenta i analiz\u0119 Psalmu 55 (56). Psalmy Dawidowe odmawiali sprawiedliwi Starego Testamentu i wierni Nowego Testamentu. Ko\u015bci\u00f3\u0142 w swej m\u015bdrosci, pod wp\u0142ywem Ducha \u015bwi\u0119tego, umie\u015bci\u0142 Psalmy w regu\u0142ach zakonnych mnich\u00f3w jako godzinny kanoniczne.<\/p>\r\n<p>Kap\u0142ani diecezjalni odmawiali Psalmy w brewiarzu. Zajmowa\u0142y dodatkowo (poza odprawianiem Mszy \u015bw., nabo\u017censtwami, i innymi czynno\u015bciami kap\u0142a\u0144skimi) przynajmniej 1,5 godziny modlitwy. Mo\u017cna powiedziec, \u017ce dobry B\u00f3g by dodatkowo\u201ezniewolony\u201d modlitw\u0105 i nie m\u00f3g\u0142 nie udzieli\u0107 \u0142ask swym wiernym. Odmawianie brewiarza wzmacnia\u0142o duchowo kap\u0142ana, u\u015bwi\u0119ca\u0142o go jako pasterza prowadz\u0105cego powierzone mu owieczki ku zabawieniu.<\/p>\r\n<p>Modlitwa brewiarzowa kap\u0142ana stanowi cz\u0119\u015b\u0107 jego oficjalnej liturgicznej pos\u0142ugi i Ko\u015bci\u00f3\u0142 nada\u0142 jej t\u0119 sam\u0105 wag\u0119, co innym aktom liturgicznym. Tylko godziny kanoniczne odmawiane przez kap\u0142an\u00f3w lub w ch\u00f3rze zakonnik\u00f3w po\u015bwi\u0119conych Boskiej Liturgii (jak \u201ewielkie\u201d Zakony: dominika\u0144ski, benedykty\u0144ski, karmelitanski, \u0142acznie z \u017ce\u0144skimi ga\u0142\u0119ziami) albo w zgromadzeniu zakonnym pod przewodnictwem kap\u0142ana maj\u0119 wag\u0119 oficjalnej modlitwy Ko\u015bcio\u0142a. Dlatego nie odmawianie brewiarza przez ksi\u0119\u017cy czy osoby konsekrowane zobowi\u0105zane do tego (diakoni, kap\u0142ani, mnisi i mniszki) jest grzechem \u015bmiertelnym. Nie miejmy z\u0142udze\u0144, zaniechanie tego obowiazku przez kap\u0142an\u00f3w po II<br \/>\r\nSoborze Watyka\u0144skim uczyni\u0142o ich podatnymi na pokusy materializmu i zdradliwego\u201eaktywizmu\u201d. M\u00f3dlmy sie za kap\u0142an\u00f3w, oby stali sie kap\u0142anami Tradycji Katolickiej, a nie modernistycznych m\u00f3d!<\/p>\r\n<p><em>Redakcja<\/em><\/p>\r\n<p><strong>Strona internetowa &#8222;Katolika Tradycji&#8221; [<a class=\"content_sz\" href=\"http:\/\/katoliktradycji.googlepages.com\/\" target=\"_blank\" rel=\"noopener noreferrer\">tutaj<\/a>]<\/strong><\/p>\r\n<p><strong>Numer 8. \u201eKatolika Tradycji\u201d, zawieraj\u0105cy m.in.<\/strong><\/p>\r\n<ul class=\"style2\">\r\n\t<li>tekst LISTU APOSTOLSKIEGO MOTU PROPRIO BENEDYKTA XVI SUMMORUM PONTIFICUM<\/li>\r\n\t<li>Czym jest Msza \u015bwi\u0119ta<\/li>\r\n\t<li>PSALM LV &#8211; u \u017byd\u00f3w 56 (55), z komentarzem Grzegorza Mularczyka<br \/>\r\n<em>Modlitwa o wybawienie z niebezpieczenstwa, a jest g\u0142os Ko\u015bcio\u0142a, kt\u00f3ry si\u0119 modli, aby wierni nie byli uci\u015bnieni od nieprzyjaci\u00f3\u0142.<\/em><\/li>\r\n<\/ul>\r\n<p><strong>do pobrania <a class=\"content_sz\" href=\"http:\/\/www.bibula.com\/news\/KT82007.pdf\" target=\"_blank\" rel=\"noopener noreferrer\">r\u00f3wnie\u017c tutaj [format Adobe pfd &#8211; 258 kB]<\/a> <\/strong><\/p>","protected":false},"excerpt":{"rendered":"Ukaza\u0142 si\u0119 numer 8 pisma &#8222;Katolik Tradycji&#8221; zawieraj\u0105cy m.in.tekst Listu Apostolskiego Motu Proprio Benedykta XVI Summorum ponficum, artyku\u0142 &#8222;Czym jest Msza \u015bwi\u0119ta&#8221; oraz Psalm LV &#8211; u \u017byd\u00f3w 56 (55), z komentarzem Grzegorza Mularczyka. Laudetur Iesus Christus, Szanowni Czytelnicy, 7 lipca w Motu Proprio &#8222;Summorum Pontificum&#8221; Ojciec \u015awi\u0119ty zwr\u00f3ci\u0142 wolno\u015b\u0107 Tradycyjnemu Msza\u0142owi Rzymskiemu, promulgowanemu przez [&hellip;]","protected":false},"author":1,"featured_media":0,"comment_status":"closed","ping_status":"open","sticky":false,"template":"","format":"standard","meta":{"_acf_changed":false,"_monsterinsights_skip_tracking":false,"_monsterinsights_sitenote_active":false,"_monsterinsights_sitenote_note":"","_monsterinsights_sitenote_category":0,"ngg_post_thumbnail":0,"footnotes":"","_wp_rev_ctl_limit":""},"categories":[3],"tags":[32],"acf":[],"_links":{"self":[{"href":"https:\/\/www.bibula.com\/index.php?rest_route=\/wp\/v2\/posts\/1113"}],"collection":[{"href":"https:\/\/www.bibula.com\/index.php?rest_route=\/wp\/v2\/posts"}],"about":[{"href":"https:\/\/www.bibula.com\/index.php?rest_route=\/wp\/v2\/types\/post"}],"author":[{"embeddable":true,"href":"https:\/\/www.bibula.com\/index.php?rest_route=\/wp\/v2\/users\/1"}],"replies":[{"embeddable":true,"href":"https:\/\/www.bibula.com\/index.php?rest_route=%2Fwp%2Fv2%2Fcomments&post=1113"}],"version-history":[{"count":0,"href":"https:\/\/www.bibula.com\/index.php?rest_route=\/wp\/v2\/posts\/1113\/revisions"}],"wp:attachment":[{"href":"https:\/\/www.bibula.com\/index.php?rest_route=%2Fwp%2Fv2%2Fmedia&parent=1113"}],"wp:term":[{"taxonomy":"category","embeddable":true,"href":"https:\/\/www.bibula.com\/index.php?rest_route=%2Fwp%2Fv2%2Fcategories&post=1113"},{"taxonomy":"post_tag","embeddable":true,"href":"https:\/\/www.bibula.com\/index.php?rest_route=%2Fwp%2Fv2%2Ftags&post=1113"}],"curies":[{"name":"wp","href":"https:\/\/api.w.org\/{rel}","templated":true}]}}