{"id":111192,"date":"2019-12-18T09:50:52","date_gmt":"2019-12-18T14:50:52","guid":{"rendered":"http:\/\/www.bibula.com\/?p=111192"},"modified":"2019-12-18T09:50:52","modified_gmt":"2019-12-18T14:50:52","slug":"doradca-prezydenta-dudy-o-relacjach-z-amerykanami-wyszlismy-na-idiotow","status":"publish","type":"post","link":"https:\/\/www.bibula.com\/?p=111192","title":{"rendered":"Doradca prezydenta Dudy o relacjach z Amerykanami: &#8222;wyszli\u015bmy na idiot\u00f3w&#8221;"},"content":{"rendered":"<p>\u201eNasze protesty przeciwko \u00abaneksji Krymu\u00bb, kt\u00f3rej rz\u0105dy polskie \u00abnigdy nie uznaj\u0105\u00bb, s\u0105 \u017ca\u0142osne i przypominaj\u0105 skarg\u0119 oszukanego dziecka &#8211; dali\u015bmy wyprowadzi\u0107 si\u0119 w pole i jest nam z tym bardzo \u017ale\u201d &#8211; pisze prof. Witold Modzelewski. Fragmenty ksi\u0105\u017cki prezydenckiego doradcy publikuje \u201eDziennik Gazeta Prawna\u201d.<\/p>\r\n<p>S\u0142owa, kt\u00f3re przytacza \u201eDGP\u201d, zosta\u0142y napisane w najnowszej ksi\u0105\u017cce prof. Modzelewskiego \u201ePolska &#8211; Rosja. Rok 1919 &#8211; refleksje na minione stulecie\u201d. Prezydencki doradca w mocnych s\u0142owach krytykuje w niej polityk\u0119 zagraniczn\u0105 obecnego rz\u0105du.<\/p>\r\n<p>\u201eUpokorzeni i sponiewierani chamstwem \u00abpartner\u00f3w strategicznych\u00bb, kt\u00f3rzy skwapliwie wykorzystuj\u0105 nasze polityczne osamotnienie i programow\u0105 wrogo\u015b\u0107 wobec Rosji, na d\u0142ugo wycofujemy si\u0119 z udzia\u0142u w \u00ab\u015bwiatowej\u00bb polityce\u201d &#8211; napisa\u0142 w kontek\u015bcie <a href=\"https:\/\/kresy.pl\/wydarzenia\/netanjahu-konferencja-w-warszawie-bedzie-koncentrowac-sie-na-iranie\/\" target=\"_blank\" rel=\"noopener noreferrer\">zorganizowanej na pocz\u0105tku tego roku konferencji bliskowschodniej w Warszawie<\/a>.&nbsp; Zdaniem prof. Modzelewskiego Amerykanie roztrwonili wtedy zgromadzon\u0105 przez ostatnie sto lat sympati\u0119 Polak\u00f3w. \u201eWiemy przecie\u017c, \u017ce s\u0105 prostakami\u201d &#8211; ocenia.<\/p>\r\n<p>Prezydencki doradca r\u00f3wnie krytycznie odni\u00f3s\u0142 si\u0119 do kupowania ameryka\u0144skiego sprz\u0119tu wojskowego przez Polsk\u0119. Tutaj, jak zaznacza, \u201ejak zawsze wyszli\u015bmy na idiot\u00f3w\u201d i dodaje, \u017ce \u201ep\u0142acimy miliardowe kwoty za jaki\u015b ameryka\u0144ski demobil, a oni [Amerykanie &#8211; red.] z regu\u0142y poni\u017caj\u0105 swoich petent\u00f3w\u201d.<\/p>\r\n<p>Prof. Modzelewski nie szcz\u0119dzi\u0142 s\u0142\u00f3w krytyki wobec polityk\u00f3w Izraela, kt\u00f3rzy \u201epo to lej\u0105 nas po pysku, aby\u015bmy odp\u0142acili im tym samym, a oni natychmiast b\u0119d\u0105 wrzeszcze\u0107 o \u00abpolskim antysemityzmie\u00bb, kt\u00f3ry &#8211; jak powszechnie wiadomo &#8211; \u00abwyssali\u015bmy z mlekiem matki\u00bb\u201d. <a href=\"https:\/\/kresy.pl\/wydarzenia\/regiony\/bliski-wschod\/szef-izraelskiego-msz-polacy-wyssali-antysemityzm-z-mlekiem-matki-video\/\" target=\"_blank\" rel=\"noopener noreferrer\">Chodzi o s\u0142owa szefa izraelskiego MSZ Israela Katza, kt\u00f3re pad\u0142y w pierwszym dniu piastowania przez niego funkcji p.o. ministra spraw zagranicznych<\/a>.<\/p>\r\n<p>\u201eNasz premier wyrazi\u0142 si\u0119 jasno. Sam jestem synem ocalonych z Holokaustu. Jak ka\u017cdy Izraelczyk i \u017byd mog\u0119 powiedzie\u0107: nie zapomnimy i nie przebaczymy. Byli Polacy, kt\u00f3rzy kolaborowali z nazistami. O tym m\u00f3wi\u0142 te\u017c by\u0142y premier Icchak Szamir, wspominaj\u0105c histori\u0119 swojego zamordowanego ojca. Icchak Szamir, kt\u00f3remu Polacy zamordowali ojca, powiedzia\u0142: \u201ePolacy wyssali antysemityzm z mlekiem matki\u201d. I nikt nie b\u0119dzie nam m\u00f3wi\u0142, jak mamy si\u0119 wyra\u017ca\u0107 i jak pami\u0119ta\u0107 naszych poleg\u0142ych\u201d &#8211; cytowa\u0142 s\u0142owa Katza portal Onet. Polityk nawi\u0105za\u0142 do s\u0142\u00f3w premiera Netanjahu, kt\u00f3ry wcze\u015bniej na szczycie bliskowschodnim <a href=\"https:\/\/kresy.pl\/wydarzenia\/polska\/izraelska-dziennikarka-potwierdza-netanjahu-powiedzial-ze-polacy-wspolpracowali-z-nazistami\/\" target=\"_blank\" rel=\"noopener noreferrer\">m\u00f3wi\u0142 o \u201ewsp\u00f3\u0142pracy Polak\u00f3w z nazistami\u201d podczas drugiej wojny \u015bwiatowej<\/a>.&nbsp; Z powodu s\u0142\u00f3w Netanjahu i Katza premier <a href=\"https:\/\/kresy.pl\/wydarzenia\/polska\/morawiecki-odwolal-wyjazd-do-izraela-na-szczyt-v4\/\" target=\"_blank\" rel=\"noopener noreferrer\">Mateusz Morawiecki odwo\u0142a\u0142 sw\u00f3j wyjazd na szczyt V4 do Izraela<\/a>.<\/p>\r\n<p>W swojej ksi\u0105\u017cce prof. Modzelewski ostro odni\u00f3s\u0142 si\u0119 tak\u017ce do polityki wschodniej polskich w\u0142adz. \u201eSkoro jednak nie protestowali\u015bmy w\u00f3wczas przeciwko zmianie granic w Europie, bo \u00abzjednoczenie Niemiec\u00bb da\u0142o w\u0142a\u015bnie pocz\u0105tek nowej, postzimnowojennej historii tego regionu \u015bwiata, to nie miejmy z\u0142udze\u0144: zmian tych b\u0119dzie wi\u0119cej\u201d &#8211; pisze. Zdaniem prezydenckiego doradcy, nasz sprzeciw wobec aneksji Krymu jest \u201e\u017ca\u0142osny\u201d i przypomina \u201eskarg\u0119 oszukanego dziecka\u201d.<\/p>\r\n<p><a href=\"https:\/\/kresy.pl\/wydarzenia\/prezydent-duda-rosja-nie-jest-wrogiem-jest-sasiadem-i-partnerem\/\" target=\"_blank\" rel=\"noopener noreferrer\">O relacjach z Rosj\u0105 w bardziej \u0142agodnym tonie wypowiedzia\u0142 si\u0119 ostatnio prezydent Andrzej Duda<\/a>. \u201eNie mo\u017cemy m\u00f3wi\u0107 o wrogu na poziomie mi\u0119dzypa\u0144stwowym. Rosja to nasz s\u0105siad, z kt\u00f3rym nie we wszystkich sprawach si\u0119 zgadzamy, ale nie ma mowy o jakiejkolwiek wrogo\u015bci. Trzeba o r\u00f3\u017cnych kwestiach dyskutowa\u0107, nie wolno si\u0119 zamyka\u0107, ani te\u017c \u017cadnego kraju bezwzgl\u0119dnie izolowa\u0107 &#8211; powiedzia\u0142 Prezydent RP Andrzej Duda przy okazji szczytu NATO w Londynie na pocz\u0105tku grudnia.<\/p>\r\n<p><a href=\"https:\/\/kresy.pl\/wydarzenia\/polska\/szczerski-polska-nigdy-nie-bedzie-dazyc-do-antagonizmu-miedzy-zachodem-a-rosja\/\" target=\"_blank\" rel=\"noopener noreferrer\">Na zmian\u0119 w polskiej polityce wschodniej mog\u0105 wskazywa\u0107 tak\u017ce s\u0142owa szefa gabinetu prezydenta RP, Krzysztofa Szczerskiego<\/a>. \u201eJako kraj s\u0105siaduj\u0105cy z Rosj\u0105 nigdy nie b\u0119dziemy naciska\u0107 na antagonizm w stosunkach Zachodu z Rosj\u0105, poniewa\u017c wtedy mo\u017cemy sta\u0107 si\u0119 ofiar\u0105 tego antagonizmu\u201d &#8211; powiedzia\u0142 Szczerski w rozmowie z agencj\u0105 Reutera.<\/p>\r\n<p>Witold Modzelewski jest profesorem nauk prawnym specjalizuj\u0105cym si\u0119 w prawie podatkowym i nauczycielem akademickim Uniwersytetu Warszawskiego. W 2010 Lech Kaczy\u0144ski powo\u0142a\u0142 go w sk\u0142ad Narodowej Rady Rozwoju, natomiast w lutym 2014 zosta\u0142 cz\u0142onkiem rady programowej Prawa i Sprawiedliwo\u015bci. Rok p\u00f3\u017aniej prezydent Andrzej Duda ponownie mianowa\u0142 go cz\u0142onkiem Narodowej Rady Rozwoju, w kt\u00f3rej pracuje w sekcji \u201eGospodarka, praca, przedsi\u0119biorczo\u015b\u0107\u201d.<\/p>\r\n<ul>\r\n\t<li><strong>Czytaj tak\u017ce:<\/strong> <a href=\"https:\/\/kresy.pl\/publicystyka\/wasalizm-zawsze-kosztuje-drogo\/\" target=\"_blank\" rel=\"noopener noreferrer\">Wasalizm zawsze kosztuje drogo<\/a><\/li>\r\n<\/ul>\r\n<p>Kresy.pl \/ <a href=\"https:\/\/www.gazetaprawna.pl\/artykuly\/1444930,modzelewski-witold-polska-rosja-rok-1919-refleksje-na-minione-stulecie-poglady.html\" target=\"_blank\" rel=\"noopener noreferrer\">DGP<\/a><\/p>\r\n<p class=\"zrodlo\">Za: <a href=\"https:\/\/kresy.pl\/wydarzenia\/spoleczenstwo\/doradca-prezydenta-dudy-o-relacjach-z-amerykanami-wyszlismy-na-idiotow\/\">Kresy.pl (17 grudnia 2019)<\/a><\/p>\r\n<h4>&nbsp;<\/h4>\r\n<hr style=\"background-color: #000000; border-width: 0; color: #000000; height: 2px; line-height: 0; text-align: center; width: 100%;\">\r\n<h4>&nbsp;<\/h4>\r\n<h2>Prof. Witold Modzelewski &#8222;zdemaskowany&#8221;<\/h2>\r\n<p><strong>Przeuroczy kociokwik w liberalnych mediach nt. pi\u015bmiennictwa politycznego prof. Witolda Modzelewskiego, znanego bardziej z obszaru prawa podatkowego. Okazuje si\u0119, \u017ce by\u0142y wiceminister finans\u00f3w, ma bardzo trze\u017awe pogl\u0105dy na nasz\u0105 polityk\u0119 wschodni\u0105 (pisa\u0142a o nich m.in. My\u015bl Polska), jak i relacje ze Stanami Zjednoczonymi.<\/strong><\/p>\r\n<p>To jest oczywi\u015bcie w obecnej Polsce aberracja, bo kto to widzia\u0142, \u017ceby w Rosji dostrzega\u0107 normalne pa\u0144stwo, z kt\u00f3rym nale\u017cy utrzymywa\u0107 normalne stosunki. Ba, kto widzia\u0142, \u017ceby dzisiaj nie robi\u0107 Amerykanom s\u0142ynnej &#8222;\u0142aski&#8221;, czego pan profesor z w\u0142a\u015bciwym sobie wdzi\u0119kiem i obrzydzeniem nie czyni, s\u0142usznie uwa\u017caj\u0105c jankesk\u0105 polityk\u0119 za prostack\u0105. By dok\u0142adnie pozna\u0107 jego punkt widzenia, nale\u017ca\u0142oby uwa\u017cnie przeczyta\u0107 kilka tom\u00f3w jego publicystyki, ale rozedrgane media tego oczywi\u015bcie nie czyni\u0105, ograniczaj\u0105c si\u0119 do wyrwanych z kontekstu my\u015bli, co uzna\u0107 mo\u017cna w sumie za symptomatyczne.<\/p>\r\n<p>Nie by\u0142oby oczywi\u015bcie tego ca\u0142ego wariactwa, gdyby nie fakt, \u017ce pan profesor jest cz\u0142onkiem Narodowej Rady Rozwoju przy prezydencie RP <strong>Andrzeju Dudzie<\/strong>. Chryja zrobi\u0142a si\u0119 wi\u0119c zrozumia\u0142a, bo pogl\u0105dy pana profesora stoj\u0105 w jawnej sprzeczno\u015bci z polityk\u0105 smarowania wazelin\u0105 wszystkiego co si\u0119 da w relacjach z Ameryk\u0105, kt\u00f3r\u0105 pa\u0142ac prezydencki z jego g\u0142\u00f3wnym lokatorem na czele opanowa\u0142y do perfekcji.<\/p>\r\n<p>To oczywiste przeoczenie rych\u0142o zapewne zostanie naprawione przez ministra Szczerskiego, ambasad\u0119 naszego nowego umi\u0142owanego sojusznika oraz samego Naczelnika, bo nie da si\u0119 przecie\u017c w \u017caden racjonalny spos\u00f3b uzasadni\u0107 tak ra\u017c\u0105cego godzenia w jedynie s\u0142uszny sojusz z naszym nowym Wielkim Bratem, dzi\u0119ki kt\u00f3remu rych\u0142o mamy przecie\u017c sta\u0107 si\u0119 regionaln\u0105 pot\u0119g\u0105 gazow\u0105, militarn\u0105 oraz Mi\u0119dzymorzem.<\/p>\r\n<p>T\u0142oki w relacjach transatlantyckich musz\u0105 by\u0107 zatem sprawnie smarowane, a nie suszone przez kontrrewolucj\u0119, kt\u00f3ra &#8211; jak si\u0119 okazuje &#8211; podnios\u0142a \u0142eb w samym j\u0105drze, a w\u0142a\u015bciwie kadzi z najprzedniejsz\u0105 polsk\u0105 wazelin\u0105. Cieszy\u0107 si\u0119 wi\u0119c nale\u017cy, \u017ce nasze czujne media w por\u0119 si\u0119 ogarn\u0119\u0142y i podnios\u0142y s\u0142uszny klangor w obronie niezachwianej kontynuacji ci\u0105g\u0142o\u015bci owego smarowania, bez kt\u00f3rego nasza dyplomacja kroku przecie\u017c zrobi\u0107 nie mo\u017ce. Bo tak ju\u017c ma.<\/p>\r\n<p>Wi\u0119c kiedy ju\u017c profesora Modzelewskiego wydostan\u0105 z tej ca\u0142ej Narodowej Rady Rozwoju, kiedy ambasada naszego nowego Wielkiego Brata si\u0119 udobrucha i kiedy powr\u00f3ci do pe\u0142nego mi\u0142o\u015bci, niczym ju\u017c nie zak\u0142\u00f3conego smarowania t\u0142ok\u00f3w nasz pan prezydent, to w jak\u017ce uspokajaj\u0105cym, antycypacyjnym tonie, rzec b\u0119dzie mo\u017cna za klasykiem <strong>Adamem Wa\u017cykiem:<br>\r\n<\/strong><br>\r\n&#8222;A jej tylko drga\u0142a warga,<br>\r\ngdy rann\u0105 racj\u0105 oliwy,<br>\r\nma\u015bci\u0142a, czu\u0142a kolejarka,<br>\r\nt\u0142oki lokomotywy &#8221; *<\/p>\r\n<p><strong><em>Maciej Eckardt<\/em> <\/strong><\/p>\r\n<p class=\"zrodlo\">Za: <a href=\"http:\/\/mysl-polska.pl\/2125\">My\u015bl Polska<\/a><\/p>\r\n<h4>&nbsp;<\/h4>\r\n<hr style=\"background-color: #000000; border-width: 0; color: #000000; height: 2px; line-height: 0; text-align: center; width: 100%;\">\r\n<h4>&nbsp;<\/h4>","protected":false},"excerpt":{"rendered":"\u201eNasze protesty przeciwko \u00abaneksji Krymu\u00bb, kt\u00f3rej rz\u0105dy polskie \u00abnigdy nie uznaj\u0105\u00bb, s\u0105 \u017ca\u0142osne i przypominaj\u0105 skarg\u0119 oszukanego dziecka &#8211; dali\u015bmy wyprowadzi\u0107 si\u0119 w pole i jest nam z tym bardzo \u017ale\u201d &#8211; pisze prof. Witold Modzelewski. Fragmenty ksi\u0105\u017cki prezydenckiego doradcy publikuje \u201eDziennik Gazeta Prawna\u201d. S\u0142owa, kt\u00f3re przytacza \u201eDGP\u201d, zosta\u0142y napisane w najnowszej ksi\u0105\u017cce prof. Modzelewskiego [&hellip;]","protected":false},"author":1,"featured_media":0,"comment_status":"closed","ping_status":"closed","sticky":false,"template":"","format":"standard","meta":{"_acf_changed":false,"_monsterinsights_skip_tracking":false,"_monsterinsights_sitenote_active":false,"_monsterinsights_sitenote_note":"","_monsterinsights_sitenote_category":0,"ngg_post_thumbnail":0,"footnotes":"","_wp_rev_ctl_limit":""},"categories":[8],"tags":[84,61,98,53,221],"acf":[],"_links":{"self":[{"href":"https:\/\/www.bibula.com\/index.php?rest_route=\/wp\/v2\/posts\/111192"}],"collection":[{"href":"https:\/\/www.bibula.com\/index.php?rest_route=\/wp\/v2\/posts"}],"about":[{"href":"https:\/\/www.bibula.com\/index.php?rest_route=\/wp\/v2\/types\/post"}],"author":[{"embeddable":true,"href":"https:\/\/www.bibula.com\/index.php?rest_route=\/wp\/v2\/users\/1"}],"replies":[{"embeddable":true,"href":"https:\/\/www.bibula.com\/index.php?rest_route=%2Fwp%2Fv2%2Fcomments&post=111192"}],"version-history":[{"count":0,"href":"https:\/\/www.bibula.com\/index.php?rest_route=\/wp\/v2\/posts\/111192\/revisions"}],"wp:attachment":[{"href":"https:\/\/www.bibula.com\/index.php?rest_route=%2Fwp%2Fv2%2Fmedia&parent=111192"}],"wp:term":[{"taxonomy":"category","embeddable":true,"href":"https:\/\/www.bibula.com\/index.php?rest_route=%2Fwp%2Fv2%2Fcategories&post=111192"},{"taxonomy":"post_tag","embeddable":true,"href":"https:\/\/www.bibula.com\/index.php?rest_route=%2Fwp%2Fv2%2Ftags&post=111192"}],"curies":[{"name":"wp","href":"https:\/\/api.w.org\/{rel}","templated":true}]}}