{"id":111176,"date":"2019-12-16T13:53:34","date_gmt":"2019-12-16T18:53:34","guid":{"rendered":"http:\/\/www.bibula.com\/?p=111176"},"modified":"2019-12-16T13:53:34","modified_gmt":"2019-12-16T18:53:34","slug":"greta-thunberg-pokazuje-zdjecie-na-ktorym-siedzi-na-podlodze-w-niemieckim-pociagu-firma-kolejowa-odpowiada-greta-przeciez-podrozowalas-pierwsza-klasa","status":"publish","type":"post","link":"https:\/\/www.bibula.com\/?p=111176","title":{"rendered":"Greta Thunberg pokazuje zdj\u0119cie, na kt\u00f3rym siedzi na pod\u0142odze w niemieckim poci\u0105gu. Firma kolejowa odpowiada: &#8222;Greta, przecie\u017c podr\u00f3\u017cowa\u0142a\u015b pierwsza klas\u0105!&#8221;"},"content":{"rendered":"<p><strong>Greta Thunberg opublikowa\u0142a na Twitterze zdj\u0119cie, na kt\u00f3rym siedzi, otoczona walizkami, na pod\u0142odze w niemieckim poci\u0105gu. Przedstawiciele Deutsche Bahn odpisali, \u017ce m\u0142oda aktywistka mia\u0142a miejsce w pierwszej klasie.<\/strong><\/p>\r\n<p>W tweecie Thunberg mo\u017cemy przeczyta\u0107: \u201ePodr\u00f3\u017cuj\u0119 zat\u0142oczonymi poci\u0105gami przez Niemcy.&nbsp;I wreszcie jestem w drodze do domu!\u201d<\/p>\r\n<blockquote class=\"twitter-tweet\">\r\n<p dir=\"ltr\" lang=\"en\">Traveling on overcrowded trains through Germany. And I\u2019m finally on my way home! <a href=\"https:\/\/t.co\/ssfLCPsR8o\">pic.twitter.com\/ssfLCPsR8o<\/a><\/p>\r\n\r\n\u201d\u201d Greta Thunberg (@GretaThunberg) <a href=\"https:\/\/twitter.com\/GretaThunberg\/status\/1205969006982815751?ref_src=twsrc%5Etfw\">December 14, 2019<\/a><\/blockquote>\r\n<p><script async=\"\" src=\"https:\/\/platform.twitter.com\/widgets.js\" charset=\"utf-8\"><\/script><\/p>\r\n<p><em>&#8211; Kochana Greto, dzi\u0119kujemy za wsparcie w walce ze zmianami klimatu. Cieszymy si\u0119, \u017ce podr\u00f3\u017cowa\u0142a\u015b razem z nami w sobot\u0119, korzystaj\u0105c w 100% z energii elektrycznej. By\u0142oby nam jeszcze przyjemniej, gdyby\u015b poinformowa\u0142a r\u00f3wnie\u017c o tym, jak przyjazny i kompetentny by\u0142 nasz zesp\u00f3\u0142 podczas twojej podr\u00f3\u017cy pierwsz\u0105 klas\u0105 &#8211;<\/em> odpisali Thunberg przedstawiciele Deutsche Bahn AG.<\/p>\r\n<blockquote class=\"twitter-tweet\">\r\n<p dir=\"ltr\" lang=\"de\">Liebe <a href=\"https:\/\/twitter.com\/hashtag\/Greta?src=hash&amp;ref_src=twsrc%5Etfw\">#Greta<\/a>, danke, dass Du uns Eisenbahner im Kampf gegen den Klimawandel unterst\u00fctzt! Wir haben uns gefreut, dass Du am Samstag mit uns im ICE 74 unterwegs warst. Und das mit 100 Prozent \u00c3\u2013kostrom. 1\/2<\/p>\r\n\r\n\u201d\u201d Deutsche Bahn AG (@DB_Presse) <a href=\"https:\/\/twitter.com\/DB_Presse\/status\/1206182673888219136?ref_src=twsrc%5Etfw\">December 15, 2019<\/a><\/blockquote>\r\n<p><script async=\"\" src=\"https:\/\/platform.twitter.com\/widgets.js\" charset=\"utf-8\"><\/script><\/p>\r\n<p>Czy Thunberg sk\u0142ama\u0142a o swojej podr\u00f3\u017cy?<\/p>\r\n<p>Nie, ale jak wyja\u015bni\u0142o w swoim o\u015bwiadczeniu prasowym Deutsche Bahn, aktywistka nie by\u0142a precyzyjna. Thunberg mia\u0142a bilety na podr\u00f3\u017c pierwsza klas\u0105 mi\u0119dzy Kassel a Hamburgiem. Jednak jeden z poci\u0105g\u00f3w na tej trasie wy\u0142\u0105czono z ruchu, a w innym nie by\u0142o miejsca dla wszystkich pasa\u017cer\u00f3w w przedzia\u0142ach. Po zarzutach, \u017ce Greta Thunberg napisa\u0142a nieprawd\u0119, aktywistka opublikowa\u0142a na Twitterze kolejny wpis.<\/p>\r\n<p><em>&#8211; Nasz poci\u0105g z Bazylei by\u0142 wy\u0142\u0105czony z ruchu. Usiedli\u015bmy na pod\u0142odze, a po Getyndze dosta\u0142am miejsce. To oczywi\u015bcie nie jest problem i nigdy nie powiedzia\u0142em, \u017ce jest. Przepe\u0142nione poci\u0105gi to \u015bwietny znak, poniewa\u017c oznacza, \u017ce zapotrzebowanie na poci\u0105gi jest wysokie! &#8211;<\/em> napisa\u0142a.<\/p>\r\n<p>\u0179r\u00f3d\u0142o: Stefczyk.infoAutor: ac<\/p>\r\n<p class=\"zrodlo\">Za: <a href=\"https:\/\/www.stefczyk.info\/2019\/12\/15\/greta-thunberg-pokazuje-zdjecie-na-ktorym-siedzi-na-podlodze-w-niemieckim-pociagu-firma-kolejowa-odpowiada-greta-przeciez-podrozowalas-pierwsza-klasa\/\">stefczyk.info (<span class=\"thumbnail-gradient position-absolute pl-4 pr-4 pt-4 pb-3\"><span class=\"mr-2\">2019.12.15<\/span><\/span>)<\/a><\/p>\r\n<h4>&nbsp;<\/h4>\r\n<hr style=\"background-color: #000000; border-width: 0; color: #000000; height: 2px; line-height: 0; text-align: center; width: 100%;\">\r\n<h4>&nbsp;<\/h4>\r\n<h2>Greta Thunberg m\u00f3wi, \u017ce plastik jest wielkim z\u0142em. YouTuberzy j\u0105 przetrzepali. To koniec kariery szwedzkiej wagarowiczki? [VIDEO]<\/h2>\r\n<p>Greta Thunberg ju\u017c nieraz wykaza\u0142a si\u0119 hipokryzj\u0105 <a href=\"https:\/\/nczas.com\/2019\/12\/15\/greta-thunberg-w-ekologicznych-tarapatach-deutsche-bahn-wytyka-jej-manipulacje\/\">oraz zwyk\u0142ym k\u0142amstwem w sprawie ideologizacji swoich wagar\u00f3w<\/a>. Tym razem jednak wysz\u0142a na jaw afera zwi\u0105zana z jej \u201eekologicznym\u201d przyjazdem na COP25 w Madrycie. W Tesli, kt\u00f3r\u0105 jecha\u0142a, znaleziono ca\u0142e mrowie plastikowych produkt\u00f3w.<\/p>\r\n<p>Greta Thunberg jecha\u0142a na COP25 w Madrycie Tesl\u0105. Kana\u0142 \u201eRebel News\u201d na YouTube nagra\u0142 \u201ezawstydzaj\u0105ce uj\u0119cia\u201d z wn\u0119trza auta. Jak powiedzia\u0142 Keean Bexte, to istna \u201eklimatyczna kontrabanda\u201d.&gt;<\/p>\r\n<p>Wewn\u0105trz auta widzimy ca\u0142e mrowie plastikowych produkt\u00f3w. Foliowe torebki, paczki od czips\u00f3w, plastikowa butelka z wod\u0105, torby na zakupy i wiele innych podobnych produkt\u00f3w.<\/p>\r\n<p>Reporter przeprowadzi\u0142 prowokacj\u0119. Zapyta\u0142 uczestnik\u00f3w spotkania COP25 o zawarto\u015b\u0107 auta, by wyrazili opini\u0119 o tym, jak ludzie nie szanuj\u0105 przyrody. Dopiero potem poinformowa\u0142, \u017ce to wn\u0119trze auta, kt\u00f3rym je\u017adzi Greta Thunberg.<\/p>\r\n<p>Opinie by\u0142y jednoznaczne. M\u0142odzi ludzie uwa\u017caj\u0105, \u017ce to niszczenie \u015brodowiska, lenistwo i wszystko, co najgorsze. Jednak gdy dowiedzieli si\u0119, \u017ce to auto Grety Thunberg, ton zupe\u0142nie si\u0119 zmieni\u0142.<\/p>\r\n<p>[youtube =r8SyoRwV_To width=&#8221;600&#8243;]<\/p>\r\n<p class=\"zrodlo\">Za: <a href=\"https:\/\/nczas.com\/2019\/12\/16\/greta-thunberg-mowi-ze-plastik-jest-wielkim-zlem-youtuberzy-ja-przetrzepali-to-koniec-kariery-szwedzkiej-wagarowiczki-video\/\">Najwy\u017cszy Czas! (<span class=\"td-post-date td-post-date-no-dot\">16\/12\/2019<\/span>)<\/a><\/p>\r\n<h4>&nbsp;<\/h4>\r\n<hr style=\"background-color: #000000; border-width: 0; color: #000000; height: 2px; line-height: 0; text-align: center; width: 100%;\">\r\n<h4>&nbsp;<\/h4>","protected":false},"excerpt":{"rendered":"Greta Thunberg opublikowa\u0142a na Twitterze zdj\u0119cie, na kt\u00f3rym siedzi, otoczona walizkami, na pod\u0142odze w niemieckim poci\u0105gu. Przedstawiciele Deutsche Bahn odpisali, \u017ce m\u0142oda aktywistka mia\u0142a miejsce w pierwszej klasie. W tweecie Thunberg mo\u017cemy przeczyta\u0107: \u201ePodr\u00f3\u017cuj\u0119 zat\u0142oczonymi poci\u0105gami przez Niemcy.&nbsp;I wreszcie jestem w drodze do domu!\u201d Traveling on overcrowded trains through Germany. And I\u2019m finally on my [&hellip;]","protected":false},"author":1,"featured_media":0,"comment_status":"closed","ping_status":"closed","sticky":false,"template":"","format":"standard","meta":{"_acf_changed":false,"_monsterinsights_skip_tracking":false,"_monsterinsights_sitenote_active":false,"_monsterinsights_sitenote_note":"","_monsterinsights_sitenote_category":0,"ngg_post_thumbnail":0,"footnotes":"","_wp_rev_ctl_limit":""},"categories":[6],"tags":[414,20],"acf":[],"_links":{"self":[{"href":"https:\/\/www.bibula.com\/index.php?rest_route=\/wp\/v2\/posts\/111176"}],"collection":[{"href":"https:\/\/www.bibula.com\/index.php?rest_route=\/wp\/v2\/posts"}],"about":[{"href":"https:\/\/www.bibula.com\/index.php?rest_route=\/wp\/v2\/types\/post"}],"author":[{"embeddable":true,"href":"https:\/\/www.bibula.com\/index.php?rest_route=\/wp\/v2\/users\/1"}],"replies":[{"embeddable":true,"href":"https:\/\/www.bibula.com\/index.php?rest_route=%2Fwp%2Fv2%2Fcomments&post=111176"}],"version-history":[{"count":0,"href":"https:\/\/www.bibula.com\/index.php?rest_route=\/wp\/v2\/posts\/111176\/revisions"}],"wp:attachment":[{"href":"https:\/\/www.bibula.com\/index.php?rest_route=%2Fwp%2Fv2%2Fmedia&parent=111176"}],"wp:term":[{"taxonomy":"category","embeddable":true,"href":"https:\/\/www.bibula.com\/index.php?rest_route=%2Fwp%2Fv2%2Fcategories&post=111176"},{"taxonomy":"post_tag","embeddable":true,"href":"https:\/\/www.bibula.com\/index.php?rest_route=%2Fwp%2Fv2%2Ftags&post=111176"}],"curies":[{"name":"wp","href":"https:\/\/api.w.org\/{rel}","templated":true}]}}