{"id":111174,"date":"2019-12-16T13:46:42","date_gmt":"2019-12-16T18:46:42","guid":{"rendered":"http:\/\/www.bibula.com\/?p=111174"},"modified":"2019-12-16T13:46:42","modified_gmt":"2019-12-16T18:46:42","slug":"chamski-komentarz-grodzkiego-na-temat-stanu-zdrowia-kaczynskiego-jak-sie-bierze-silne-leki","status":"publish","type":"post","link":"https:\/\/www.bibula.com\/?p=111174","title":{"rendered":"Chamski komentarz Grodzkiego na temat stanu zdrowia Kaczy\u0144skiego. &#8222;Jak si\u0119 bierze silne leki\u2026&#8221;"},"content":{"rendered":"<p><strong>Tomasz Grodzki by\u0142 go\u015bciem Radia Zet, gdzie komentowa\u0142 ostatni sp\u00f3r dotycz\u0105cy polskiego s\u0105downictwa. W pewnym momencie marsza\u0142ek Senatu pokusi\u0142 si\u0119 o zaskakuj\u0105c\u0105 uwag\u0119 pod adresem Jaros\u0142awa Kaczy\u0144skiego.<\/strong><\/p>\r\n<p>Od samego pocz\u0105tku ustawa dyscyplinuj\u0105c\u0105 s\u0119dzi\u00f3w budzi spore kontrowersje, zw\u0142aszcza po stronie opozycji, kt\u00f3ra uwa\u017ca to za zamach na niezale\u017cno\u015b\u0107 wymiaru sprawiedliwo\u015bci. Tymczasem ob\u00f3z rz\u0105dz\u0105cy widzi w niej spos\u00f3b na odpowiednie zreformowanie s\u0105downictwa w Polsce oraz przywr\u00f3cenia mu w\u0142a\u015bciwego porz\u0105dku. Jaros\u0142aw Kaczy\u0144ski w rozmowie z Polsk\u0105 Agencj\u0105 Prasow\u0105 stwierdzi\u0142 nawet, i\u017c obecnie &#8222;panuje tam anarchia\u201d dlatego ustawa jest potrzebna, aby powstrzyma\u0107 wymiar sprawiedliwo\u015bci przed &#8222;wysadzeniem w powietrze\u201d.<\/p>\r\n<p>&#8211;<em>&nbsp;Jak si\u0119 bierze silne leki przeciwb\u00f3lowe, (to) naprawd\u0119 umys\u0142 cz\u0142owieka reaguje troch\u0119 inaczej, wi\u0119c na&nbsp;miejscu pana prezesa zaj\u0105\u0142bym si\u0119 szybkim powrotem do&nbsp;zdrowia, do&nbsp;dzia\u0142alno\u015bci i&nbsp;do pracy<\/em> &#8211; powiedzia\u0142 o liderze PiS Tomasz Grodzki &#8211;&nbsp;<em>&nbsp;Jak cz\u0142owiek jest na&nbsp;zwolnieniu, nie&nbsp;powinien zajmowa\u0107 si\u0119 prac\u0105, a&nbsp;prac\u0105 prezesa Kaczy\u0144skiego jest polityka. I&nbsp;powinien jak najszybciej wraca\u0107 do&nbsp;zdrowia &#8211;&nbsp;czego mu szczerze \u017cycz\u0119. Natomiast takie dora\u017ane komentowanie, i&nbsp;to w&nbsp;spos\u00f3b do\u015b\u0107 ostry w&nbsp;mojej ocenie, jest nieuzasadnione.<\/em><\/p>\r\n<p>Marsza\u0142ek Senatu w rozmowie z Radiem Zet uzna\u0142, i\u017c s\u0142owa o &#8222;anarchii w s\u0105downictwie\u201d s\u0105 zbyt daleko id\u0105ce. W jego opinii to w\u0142a\u015bnie ugrupowanie rz\u0105dowe pr\u00f3buje doprowadzi\u0107 do takiego stanu rzeczy, czego dowodem ma by\u0107 w\u0142a\u015bnie ustawa dyscyplinuj\u0105ca, kt\u00f3r\u0105 polityk nazwa\u0142 &#8222;fataln\u0105\u201d.<\/p>\r\n<p>\u0179r\u00f3d\u0142o: Do Rzeczy\/ Radio ZetAutor: JD<\/p>","protected":false},"excerpt":{"rendered":"Tomasz Grodzki by\u0142 go\u015bciem Radia Zet, gdzie komentowa\u0142 ostatni sp\u00f3r dotycz\u0105cy polskiego s\u0105downictwa. W pewnym momencie marsza\u0142ek Senatu pokusi\u0142 si\u0119 o zaskakuj\u0105c\u0105 uwag\u0119 pod adresem Jaros\u0142awa Kaczy\u0144skiego. Od samego pocz\u0105tku ustawa dyscyplinuj\u0105c\u0105 s\u0119dzi\u00f3w budzi spore kontrowersje, zw\u0142aszcza po stronie opozycji, kt\u00f3ra uwa\u017ca to za zamach na niezale\u017cno\u015b\u0107 wymiaru sprawiedliwo\u015bci. Tymczasem ob\u00f3z rz\u0105dz\u0105cy widzi w niej [&hellip;]","protected":false},"author":1,"featured_media":0,"comment_status":"closed","ping_status":"closed","sticky":false,"template":"","format":"standard","meta":{"_acf_changed":false,"_monsterinsights_skip_tracking":false,"_monsterinsights_sitenote_active":false,"_monsterinsights_sitenote_note":"","_monsterinsights_sitenote_category":0,"ngg_post_thumbnail":0,"footnotes":"","_wp_rev_ctl_limit":""},"categories":[8],"tags":[98,169,37],"acf":[],"_links":{"self":[{"href":"https:\/\/www.bibula.com\/index.php?rest_route=\/wp\/v2\/posts\/111174"}],"collection":[{"href":"https:\/\/www.bibula.com\/index.php?rest_route=\/wp\/v2\/posts"}],"about":[{"href":"https:\/\/www.bibula.com\/index.php?rest_route=\/wp\/v2\/types\/post"}],"author":[{"embeddable":true,"href":"https:\/\/www.bibula.com\/index.php?rest_route=\/wp\/v2\/users\/1"}],"replies":[{"embeddable":true,"href":"https:\/\/www.bibula.com\/index.php?rest_route=%2Fwp%2Fv2%2Fcomments&post=111174"}],"version-history":[{"count":0,"href":"https:\/\/www.bibula.com\/index.php?rest_route=\/wp\/v2\/posts\/111174\/revisions"}],"wp:attachment":[{"href":"https:\/\/www.bibula.com\/index.php?rest_route=%2Fwp%2Fv2%2Fmedia&parent=111174"}],"wp:term":[{"taxonomy":"category","embeddable":true,"href":"https:\/\/www.bibula.com\/index.php?rest_route=%2Fwp%2Fv2%2Fcategories&post=111174"},{"taxonomy":"post_tag","embeddable":true,"href":"https:\/\/www.bibula.com\/index.php?rest_route=%2Fwp%2Fv2%2Ftags&post=111174"}],"curies":[{"name":"wp","href":"https:\/\/api.w.org\/{rel}","templated":true}]}}