{"id":11117,"date":"2009-07-06T15:56:53","date_gmt":"2009-07-06T20:56:53","guid":{"rendered":"http:\/\/www.bibula.com\/?p=11117"},"modified":"2009-07-06T16:02:54","modified_gmt":"2009-07-06T21:02:54","slug":"warszawa-rozmowy-szefa-europejskiego-kongresu-zydow-z-prezydentem-kaczynskim-oraz-r-sikorskim-na-temat-restytycji-mienia-zydowskiego","status":"publish","type":"post","link":"https:\/\/www.bibula.com\/?p=11117","title":{"rendered":"Warszawa: Rozmowy szefa Europejskiego Kongresu \u017byd\u00f3w z prezydentem Kaczy\u0144skim oraz R. Sikorskim na temat &#8222;restytucji mienia \u017cydowskiego i antysemityzmu&#8221;"},"content":{"rendered":"<p>&#8222;Restytucja \u017cydowskiego mienia publicznego i prywatnego skonfiskowanego w okresie nazistowskim i komunistycznym, b\u0119dzie jednym z temat\u00f3w dyskutowanych przez delegacj\u0119 Europejskiego Kongresu \u017byd\u00f3w na rozmowach na najwy\u017cszym szczycie z przyw\u00f3dcami Polski&#8221; &#8211; informuje portal internetowy Europejskiego Kongresy \u017byd\u00f3w (EJC).<\/p>\r\n\r\n<p>Rozmowy przewodnicz\u0105cego EJC Moshe Kantora z prezydentem RP Lechem Kaczy\u0144skim i Ministrem Spraw Zagranicznych Rados\u0142awem Sikorskim, maj\u0105 odby\u0107 si\u0119 jutro, 7 lipca br. w Warszawie i obok tematyki &#8222;restytucji mienia&#8221; maj\u0105 r\u00f3wnie\u017c obj\u0105\u0107 &#8222;relacje polsko-izraelskie, relacje Unii Europejskiej i Izraela, wsp\u00f3lnej walki z plag\u0105 antysemityzmu panosz\u0105cego si\u0119 w ca\u0142ej Europie, promowania tolerancji, jak r\u00f3wnie\u017c przoduj\u0105cej roli Polski w upami\u0119tniania Holokaustu.&#8221;<\/p>\r\n\r\n<p>Podczas rozm\u00f3w przyw\u00f3dcy \u017cydowscy &#8222;zaproponuj\u0105 konkretne programy i dzia\u0142ania dotycz\u0105ce edukacji na temat Holokastu, walki z antysemityzmem i promowania tolerancji&#8221;.<\/p>\r\n\r\n<p>Moshe Kantor podkre\u015bli\u0142, \u017ce &#8222;rz\u0105d Polski od d\u0142u\u017cszego czasu jest wa\u017cnym sojusznikiem i partnerem pa\u0144stwa Izrael oraz \u017cydowskich spo\u0142eczno\u015bci w Europie&#8221;.<\/p>\r\n\r\n<p>&#8222;Tak wiele spraw dotycz\u0105cych spo\u0142eczno\u015bci \u017cydowskich jest r\u00f3wnie wa\u017cnych i dla szerokich spo\u0142eczno\u015bci, tak w Polsce jak i w ca\u0142ej Europie&#8221; &#8211; powiedzia\u0142 Kantor, wskazuj\u0105c na &#8222;ksenofobi\u0119, rasizm, antysemityzm, edukacj\u0119 o Holokau\u015bcie przysz\u0142ych pokole\u0144, uniemo\u017cliwienie Iranowi pozyskania broni j\u0105drowej oraz promowanie tolerancji w ca\u0142ej Europie.&#8221;<\/p>\r\n\r\n<p><span id=\"_ctl0_lblBody\"> <\/span><\/p>","protected":false},"excerpt":{"rendered":"&#8222;Restytucja \u017cydowskiego mienia publicznego i prywatnego skonfiskowanego w okresie nazistowskim i komunistycznym, b\u0119dzie jednym z temat\u00f3w dyskutowanych przez delegacj\u0119 Europejskiego Kongresu \u017byd\u00f3w na rozmowach na najwy\u017cszym szczycie z przyw\u00f3dcami Polski&#8221; &#8211; informuje portal internetowy Europejskiego Kongresy \u017byd\u00f3w (EJC). Rozmowy przewodnicz\u0105cego EJC Moshe Kantora z prezydentem RP Lechem Kaczy\u0144skim i Ministrem Spraw Zagranicznych Rados\u0142awem Sikorskim, maj\u0105 [&hellip;]","protected":false},"author":1,"featured_media":0,"comment_status":"closed","ping_status":"closed","sticky":false,"template":"","format":"standard","meta":{"_acf_changed":false,"_monsterinsights_skip_tracking":false,"_monsterinsights_sitenote_active":false,"_monsterinsights_sitenote_note":"","_monsterinsights_sitenote_category":0,"ngg_post_thumbnail":0,"footnotes":"","_wp_rev_ctl_limit":""},"categories":[8],"tags":[22,53],"acf":[],"_links":{"self":[{"href":"https:\/\/www.bibula.com\/index.php?rest_route=\/wp\/v2\/posts\/11117"}],"collection":[{"href":"https:\/\/www.bibula.com\/index.php?rest_route=\/wp\/v2\/posts"}],"about":[{"href":"https:\/\/www.bibula.com\/index.php?rest_route=\/wp\/v2\/types\/post"}],"author":[{"embeddable":true,"href":"https:\/\/www.bibula.com\/index.php?rest_route=\/wp\/v2\/users\/1"}],"replies":[{"embeddable":true,"href":"https:\/\/www.bibula.com\/index.php?rest_route=%2Fwp%2Fv2%2Fcomments&post=11117"}],"version-history":[{"count":0,"href":"https:\/\/www.bibula.com\/index.php?rest_route=\/wp\/v2\/posts\/11117\/revisions"}],"wp:attachment":[{"href":"https:\/\/www.bibula.com\/index.php?rest_route=%2Fwp%2Fv2%2Fmedia&parent=11117"}],"wp:term":[{"taxonomy":"category","embeddable":true,"href":"https:\/\/www.bibula.com\/index.php?rest_route=%2Fwp%2Fv2%2Fcategories&post=11117"},{"taxonomy":"post_tag","embeddable":true,"href":"https:\/\/www.bibula.com\/index.php?rest_route=%2Fwp%2Fv2%2Ftags&post=11117"}],"curies":[{"name":"wp","href":"https:\/\/api.w.org\/{rel}","templated":true}]}}