{"id":111168,"date":"2019-12-16T13:45:04","date_gmt":"2019-12-16T18:45:04","guid":{"rendered":"http:\/\/www.bibula.com\/?p=111168"},"modified":"2019-12-16T13:45:04","modified_gmt":"2019-12-16T18:45:04","slug":"tuluza-lewicowi-bojowkarze-rozbili-zywa-szopke","status":"publish","type":"post","link":"https:\/\/www.bibula.com\/?p=111168","title":{"rendered":"Tuluza: lewicowi boj\u00f3wkarze rozbili \u017cyw\u0105 szopk\u0119"},"content":{"rendered":"<p><strong>Pod has\u0142em \u201ewalki z faszyzmem\u201d w Tuluzie na po\u0142udniu Francji ekstremi\u015bci nazywaj\u0105cy samych siebie \u201eantyfaszystami\u201d robili tradycyjn\u0105 \u017cyw\u0105 szopk\u0119. Arcybiskup miasta apeluje o uszanowanie francuskiej historii i tradycji.<\/strong><\/p>\r\n<p>Jak co roku mieszka\u0144cy miasta zgromadzili si\u0119 w sobot\u0119 po po\u0142udniu na przed\u015bwi\u0105tecznym festynie w centrum. Jak podaje dziennik \u201eLa D\u00c3\u00a9p\u00c3\u00aache du Midi\u201d, dzieci zainscenizowa\u0142y szopk\u0119 z \u017cywymi zwierz\u0119tami. W programie przewidziany by\u0142 bogaty koncert kol\u0119d. Plac \u015bwi\u0119tego Jerzego wype\u0142ni\u0142y rodziny z dzie\u0107mi. O godzinie 16:00 na plac wtargn\u0119\u0142a 50-osobowa grupa ekstremist\u00f3w, kt\u00f3rzy krzycz\u0105c \u201eStop dla faszyzmu!\u201d, wystraszyli dzieci i rozgonili zwierz\u0119ta. Uczestnik\u00f3w wydarzenia obrzucali wulgarnymi wyzwiskami. Festyn zako\u0144czy\u0142 si\u0119 przed czasem.<\/p>\r\n<p>Incydent spotka\u0142 si\u0119 ze stanowcz\u0105 reakcj\u0105 zar\u00f3wno ze strony arcybiskupa, jak i mera Tuluzy. Hierarcha, abp Robert Le Gall wyrazi\u0142 ubolewanie, \u017ce proste przypomnienie narodzin Jezusa i warto\u015bci, kt\u00f3re to wydarzenie ze sob\u0105 niesie, nie mo\u017ce ju\u017c liczy\u0107 we Francji na uszanowanie, co wi\u0119cej wzbudza wrogo\u015b\u0107 i przemoc, zar\u00f3wno s\u0142own\u0105, jak i fizyczn\u0105. \u201eApeluj\u0119 do wszystkich, aby w spos\u00f3b pokojowy bronili wolno\u015bci s\u0142owa, szanuj\u0105c przy tym histori\u0119 i tradycje naszego kraju\u201d &#8211; napisa\u0142 ksi\u0105dz arcybiskup.<\/p>\r\n<p>\u0179r\u00f3d\u0142o: KAI\/vaticannews.va<\/p>\r\n<p>RoM<\/p>","protected":false},"excerpt":{"rendered":"Pod has\u0142em \u201ewalki z faszyzmem\u201d w Tuluzie na po\u0142udniu Francji ekstremi\u015bci nazywaj\u0105cy samych siebie \u201eantyfaszystami\u201d robili tradycyjn\u0105 \u017cyw\u0105 szopk\u0119. Arcybiskup miasta apeluje o uszanowanie francuskiej historii i tradycji. Jak co roku mieszka\u0144cy miasta zgromadzili si\u0119 w sobot\u0119 po po\u0142udniu na przed\u015bwi\u0105tecznym festynie w centrum. Jak podaje dziennik \u201eLa D\u00c3\u00a9p\u00c3\u00aache du Midi\u201d, dzieci zainscenizowa\u0142y szopk\u0119 z [&hellip;]","protected":false},"author":1,"featured_media":0,"comment_status":"closed","ping_status":"closed","sticky":false,"template":"","format":"standard","meta":{"_acf_changed":false,"_monsterinsights_skip_tracking":false,"_monsterinsights_sitenote_active":false,"_monsterinsights_sitenote_note":"","_monsterinsights_sitenote_category":0,"ngg_post_thumbnail":0,"footnotes":"","_wp_rev_ctl_limit":""},"categories":[6],"tags":[410,132,114,191],"acf":[],"_links":{"self":[{"href":"https:\/\/www.bibula.com\/index.php?rest_route=\/wp\/v2\/posts\/111168"}],"collection":[{"href":"https:\/\/www.bibula.com\/index.php?rest_route=\/wp\/v2\/posts"}],"about":[{"href":"https:\/\/www.bibula.com\/index.php?rest_route=\/wp\/v2\/types\/post"}],"author":[{"embeddable":true,"href":"https:\/\/www.bibula.com\/index.php?rest_route=\/wp\/v2\/users\/1"}],"replies":[{"embeddable":true,"href":"https:\/\/www.bibula.com\/index.php?rest_route=%2Fwp%2Fv2%2Fcomments&post=111168"}],"version-history":[{"count":0,"href":"https:\/\/www.bibula.com\/index.php?rest_route=\/wp\/v2\/posts\/111168\/revisions"}],"wp:attachment":[{"href":"https:\/\/www.bibula.com\/index.php?rest_route=%2Fwp%2Fv2%2Fmedia&parent=111168"}],"wp:term":[{"taxonomy":"category","embeddable":true,"href":"https:\/\/www.bibula.com\/index.php?rest_route=%2Fwp%2Fv2%2Fcategories&post=111168"},{"taxonomy":"post_tag","embeddable":true,"href":"https:\/\/www.bibula.com\/index.php?rest_route=%2Fwp%2Fv2%2Ftags&post=111168"}],"curies":[{"name":"wp","href":"https:\/\/api.w.org\/{rel}","templated":true}]}}