{"id":111156,"date":"2019-12-16T11:23:08","date_gmt":"2019-12-16T16:23:08","guid":{"rendered":"http:\/\/www.bibula.com\/?p=111156"},"modified":"2019-12-16T11:23:08","modified_gmt":"2019-12-16T16:23:08","slug":"eurobarometr-polacy-drugim-najbardziej-eurosceptycznym-narodem-w-unii-europejskiej","status":"publish","type":"post","link":"https:\/\/www.bibula.com\/?p=111156","title":{"rendered":"Eurobarometr: Polacy drugim najbardziej eurosceptycznym narodem w Unii Europejskiej"},"content":{"rendered":"<p><strong>Jak wynika z bada\u0144 przedstawionych w Eurobarometrze, 47 proc. Polak\u00f3w uwa\u017ca, \u017ce lepsza przysz\u0142o\u015b\u0107 czeka nasz kraj poza strukturami Unii Europejskiej. To drugi najbardziej eurosceptyczny wynik w ca\u0142ej Unii. Za nami znajduj\u0105 si\u0119 nawet Brytyjczycy, kt\u00f3rzy kilka dni temu po\u015brednio zag\u0142osowali za brexitem.<\/strong><\/p>\r\n<p><a href=\"https:\/\/ec.europa.eu\/commfrontoffice\/publicopinion\/index.cfm\/survey\/getsurveydetail\/instruments\/standard\/surveyky\/2253\" target=\"_blank\" rel=\"noopener noreferrer\">Respondentom zadano pytanie: \u201eCzy zgadzasz si\u0119 z twierdzeniem, \u017ce tw\u00f3j kraj poradzi\u0142by sobie lepiej w przysz\u0142o\u015bci b\u0119d\u0105c poza strukturami Unii Europejskiej?\u201d<\/a>. Mo\u017cna by\u0142o odpowiedzie\u0107 \u201ezgadzam si\u0119\u201d, \u201enie zgadzam si\u0119\u201d lub \u201enie wiem\u201d.<\/p>\r\n<p>I tak, najbardziej eurosceptycznym narodem s\u0105 S\u0142owe\u0144cy &#8211; 48 proc. odpowiedzia\u0142o pozytywnie, tyle samo negatywnie, a 4 proc. nie wiedzia\u0142o, jak odpowiedzie\u0107. Za nimi uplasowali si\u0119 Polacy. Wi\u0119kszo\u015b\u0107 z nas (47 proc.) uwa\u017ca, \u017ce Polska poradzi\u0142aby sobie lepiej w przysz\u0142o\u015bci bez UE, przeciwnego zdania jest 45 proc. ankietowanych, natomiast reszta nie mia\u0142a odpowiedzi (8 proc.). Kolejne miejsca przypad\u0142y W\u0142ochom (44-46-10), Brytyjczykom (42-45-13) oraz Chorwatom (40-51-9). Najwi\u0119kszymi euroentuzjastami s\u0105 natomiast Holendrzy (9-87-4), Du\u0144czycy (15-80-5) i Niemcy (16-78-6). \u015arednia unijna wynios\u0142a 32 proc. odpowiedzi pozytywnych, 59 proc. negatywnych i 9 proc.&nbsp; \u201enie wiem\u201d.<\/p>\r\n<p><img fetchpriority=\"high\" decoding=\"async\" class=\" wp-image-629913 aligncenter\" src=\"https:\/\/kresy.pl\/wp-content\/uploads\/2019\/12\/badanie-728x353.png\" sizes=\"(max-width: 728px) 100vw, 728px\" srcset=\"https:\/\/kresy.pl\/wp-content\/uploads\/2019\/12\/badanie-728x353.png 728w, https:\/\/kresy.pl\/wp-content\/uploads\/2019\/12\/badanie-300x146.png 300w, https:\/\/kresy.pl\/wp-content\/uploads\/2019\/12\/badanie-768x373.png 768w, https:\/\/kresy.pl\/wp-content\/uploads\/2019\/12\/badanie-705x342.png 705w, https:\/\/kresy.pl\/wp-content\/uploads\/2019\/12\/badanie-450x218.png 450w, https:\/\/kresy.pl\/wp-content\/uploads\/2019\/12\/badanie.png 962w\" alt=\"\" width=\"600\" height=\"291\"><\/p>\r\n<p style=\"text-align: center;\">\u017ar\u00f3d\u0142o: ec.europa.eu<\/p>\r\n<p>Warto zauwa\u017cy\u0107, \u017ce wzgl\u0119dem analogicznego badania wykonanego jesieni\u0105 2018 r., w Polsce przyby\u0142o eurosceptyk\u00f3w a\u017c o 11 p.p. i uby\u0142o euroentuzjast\u00f3w (spadek o 10 p.p.). W ca\u0142ej Unii Europejskiej i pa\u0144stwach kandyduj\u0105cych tendencja jest podobna, cho\u0107 o wiele mniej wyrazista (2 p.p. na korzy\u015b\u0107 eurosceptyk\u00f3w). Wed\u0142ug danych Eurobarometru Polska pod wzgl\u0119dem dynamiki wzrostu tendencji eurosceptycznych plasuje si\u0119 na pierwszym miejscu.<\/p>\r\n<p>Ankiet\u0119 przeprowadzono w ramach standardowych bada\u0144 europejskiej opinii publicznej o nazwie \u201eEurobarometr\u201d. Wzi\u0119\u0142o w niej udzia\u0142 27 464 os\u00f3b z 28 pa\u0144stw cz\u0142onkowskich UE oraz pi\u0119ciu pa\u0144stw kandyduj\u0105cych (Macedonia P\u00f3\u0142nocna, Turcja, Czarnog\u00f3ra, Serbia i Albania). Wywiady przeprowadzono w dniach od 7 czerwca do 1 lipca 2019 r., za\u015b wyniki opublikowano w sierpniu. Badanie zatem zosta\u0142o przeprowadzone po wyborach do Parlamentu Europejskiego i przed wyborami do Izby Gmin w Wielkiej Brytanii, kt\u00f3re zdaniem wielu komentuj\u0105cych by\u0142y g\u0142osowaniem za lub przeciw Brexitowi. Analogiczne badanie za nast\u0119pny okres (pa\u017adziernik-listopad) powinno zosta\u0107 opublikowane do ko\u0144ca tego roku.<\/p>\r\n<p>Powy\u017csze statystyki zdaj\u0105 si\u0119 odzwierciedla\u0107 szersz\u0105 tendencj\u0119 Polak\u00f3w. <a href=\"https:\/\/kresy.pl\/wydarzenia\/estymator-co-trzeci-polak-uwaza-ze-polska-moze-juz-wyjsc-z-ue-sondaz\/\" target=\"_blank\" rel=\"noopener noreferrer\">Wed\u0142ug bada\u0144 przeprowadzonych na zlecenie by\u0142ego europos\u0142a Dobromira So\u015bnierza<\/a>, co trzeci Polak uwa\u017ca, \u017ce ju\u017c czas opu\u015bci\u0107 Uni\u0119 Europejsk\u0105. Na pytanie \u201eCzy Polska mo\u017ce ju\u017c wyj\u015b\u0107 z UE, bo wi\u0119cej pieni\u0119dzy ju\u017c od niej nie dostaniemy, a je\u015bli dostaniemy, to w zamian b\u0119d\u0105 oczekiwa\u0107 zbyt wiele?\u201d, twierdz\u0105co odpowiedzia\u0142o 33,6 proc. badanych. 66,4 proc. respondent\u00f3w by\u0142o przeciw.<\/p>\r\n<p><a href=\"https:\/\/kresy.pl\/wydarzenia\/polityka\/prawie-jedna-trzecia-polakow-za-opuszczeniem-unii-europejskiej\/\" target=\"_blank\" rel=\"noopener noreferrer\">Podobne wyniki uzyska\u0142a wcze\u015bniej Fundacja im. Kazimierza Pu\u0142askiego<\/a>. Badanie przeprowadzono na du\u017cej pr\u00f3bie. W styczniu i marcu 2018 r. o zdanie na temat polityki zagranicznej i Unii Europejskiej zapytano oko\u0142o 50 tys. Polak\u00f3w. Na pytanie \u201eczy Polska powinna wyst\u0105pi\u0107 z Unii Europejskiej?\u201d a\u017c 29,81% respondent\u00f3w odpowiedzia\u0142o twierdz\u0105co. Ci\u0105gle wi\u0119kszo\u015b\u0107 stanowi\u0105 jednak zwolennicy pozostania w UE, kt\u00f3rzy na tak postawione pytanie odpowiedzieli \u201enie\u201d. By\u0142o ich 47,37%. Zdania nie mia\u0142o na ten temat a\u017c 22,82%.<\/p>\r\n<p><a href=\"https:\/\/kresy.pl\/wydarzenia\/sondaz-2-3-polakow-przeciwko-wprowadzeniu-euro\/\" target=\"_blank\" rel=\"noopener noreferrer\">Instytut Bada\u0144 Pollster przeprowadzi\u0142 wiosn\u0105 2019 r. ankiet\u0119 dotycz\u0105c\u0105 poparcia dla wprowadzenia w Polsce waluty euro<\/a>. Wynika z niego, \u017ce 2\/3 ankietowanych (65 proc.) odpowiedzia\u0142o przecz\u0105co na pytanie, czy s\u0105 za tym, by wprowadzi\u0107 w Polsce euro. Za wprowadzeniem euro w naszym kraju opowiedzia\u0142o si\u0119 35 proc. badanych.<\/p>\r\n<p><strong>Przeczytaj tak\u017ce:<\/strong> <a href=\"https:\/\/kresy.pl\/publicystyka\/szybki-brexit-daje-zwyciestwo\/\" target=\"_blank\" rel=\"noopener noreferrer\">Szybki brexit daje zwyci\u0119stwo<\/a><\/p>\r\n<p>Kresy.pl \/ <a href=\"https:\/\/ec.europa.eu\/commfrontoffice\/publicopinion\/index.cfm\/survey\/getsurveydetail\/instruments\/standard\/surveyky\/2253\" target=\"_blank\" rel=\"noopener noreferrer\">ec.europa.eu<\/a><\/p>","protected":false},"excerpt":{"rendered":"Jak wynika z bada\u0144 przedstawionych w Eurobarometrze, 47 proc. Polak\u00f3w uwa\u017ca, \u017ce lepsza przysz\u0142o\u015b\u0107 czeka nasz kraj poza strukturami Unii Europejskiej. To drugi najbardziej eurosceptyczny wynik w ca\u0142ej Unii. Za nami znajduj\u0105 si\u0119 nawet Brytyjczycy, kt\u00f3rzy kilka dni temu po\u015brednio zag\u0142osowali za brexitem. Respondentom zadano pytanie: \u201eCzy zgadzasz si\u0119 z twierdzeniem, \u017ce tw\u00f3j kraj poradzi\u0142by [&hellip;]","protected":false},"author":1,"featured_media":0,"comment_status":"closed","ping_status":"closed","sticky":false,"template":"","format":"standard","meta":{"_acf_changed":false,"_monsterinsights_skip_tracking":false,"_monsterinsights_sitenote_active":false,"_monsterinsights_sitenote_note":"","_monsterinsights_sitenote_category":0,"ngg_post_thumbnail":0,"footnotes":"","_wp_rev_ctl_limit":""},"categories":[8],"tags":[23,98],"acf":[],"_links":{"self":[{"href":"https:\/\/www.bibula.com\/index.php?rest_route=\/wp\/v2\/posts\/111156"}],"collection":[{"href":"https:\/\/www.bibula.com\/index.php?rest_route=\/wp\/v2\/posts"}],"about":[{"href":"https:\/\/www.bibula.com\/index.php?rest_route=\/wp\/v2\/types\/post"}],"author":[{"embeddable":true,"href":"https:\/\/www.bibula.com\/index.php?rest_route=\/wp\/v2\/users\/1"}],"replies":[{"embeddable":true,"href":"https:\/\/www.bibula.com\/index.php?rest_route=%2Fwp%2Fv2%2Fcomments&post=111156"}],"version-history":[{"count":0,"href":"https:\/\/www.bibula.com\/index.php?rest_route=\/wp\/v2\/posts\/111156\/revisions"}],"wp:attachment":[{"href":"https:\/\/www.bibula.com\/index.php?rest_route=%2Fwp%2Fv2%2Fmedia&parent=111156"}],"wp:term":[{"taxonomy":"category","embeddable":true,"href":"https:\/\/www.bibula.com\/index.php?rest_route=%2Fwp%2Fv2%2Fcategories&post=111156"},{"taxonomy":"post_tag","embeddable":true,"href":"https:\/\/www.bibula.com\/index.php?rest_route=%2Fwp%2Fv2%2Ftags&post=111156"}],"curies":[{"name":"wp","href":"https:\/\/api.w.org\/{rel}","templated":true}]}}