{"id":111133,"date":"2019-12-13T12:15:05","date_gmt":"2019-12-13T17:15:05","guid":{"rendered":"http:\/\/www.bibula.com\/?p=111133"},"modified":"2019-12-13T12:21:20","modified_gmt":"2019-12-13T17:21:20","slug":"czy-w-roku-2025-odbedzie-sie-sobor-ekumeniczny-wszystkich-chrzescijan-tego-chce-watykan","status":"publish","type":"post","link":"https:\/\/www.bibula.com\/?p=111133","title":{"rendered":"Czy w roku 2025 odb\u0119dzie si\u0119 sob\u00f3r ekumeniczny wszystkich chrze\u015bcijan? Tego chce Watykan"},"content":{"rendered":"<p><strong>Nuncjusz papieski w Federacji Rosyjskiej abp Celestino Migliore poinformowa\u0142, \u017ce Watykan ma nadziej\u0119, i\u017c w nieodleg\u0142ej przysz\u0142o\u015bci uda si\u0119 przeprowadzi\u0107 powszechny sob\u00f3r chrze\u015bcija\u0144ski. Jako mo\u017cliw\u0105 dat\u0119 spotkania podaje si\u0119 rok 2025, kt\u00f3ry b\u0119dzie 1700. rocznic\u0105 I soboru nicejskiego.<\/strong><\/p>\r\n<p>Jak podaj\u0105 rosyjskie media, nuncjusz Migliore zapowiedzia\u0142, \u017ce b\u0119d\u0105 poszukiwane sposoby przeprowadzenia soboru, ale zaznaczy\u0142, \u017ce zwo\u0142a\u0107 go powinien \u201ejeden cz\u0142owiek\u201d.<\/p>\r\n<p>Cerkiew prawos\u0142awna &#8211; powsta\u0142a w wyniku wielkiej schizmy wschodniej, za kt\u00f3rej symboliczn\u0105 dat\u0119 uznaje si\u0119 rok 1054 &#8211; nie uznaje sobor\u00f3w zwo\u0142ywanych przez papie\u017cy. Uznaje ona tylko siedem pierwszych sobor\u00f3w, a ostatnim z nich by\u0142 VII sob\u00f3r nicejski zorganizowany w ko\u0144cu VIII wieku. Pierwszym soborem, na kt\u00f3rym nie byli obecni duchowni prawos\u0142awni, by\u0142 sob\u00f3r latera\u0144ski I w 1123 roku.<\/p>\r\n<p>W informacjach rosyjskiej prasy donosz\u0105cej o wa\u017cnej zapowiedzi nuncjusza papieskiego w Rosji podkre\u015bla si\u0119, \u017ce patriarchat Konstantynopola w ostatnim czasie zbli\u017ca si\u0119 do zawarcia unii z Ko\u015bcio\u0142em rzymskokatolickim. Wed\u0142ug portalu credo.press, powo\u0142uj\u0105cego si\u0119 na agencj\u0119 Nowosti, w marcu tego roku na konferencji w Moskwie przedstawiony zosta\u0142 raport, w kt\u00f3rym stwierdzono, jakoby ju\u017c poczynione uzgodnienia mi\u0119dzy Rzymem a Konstantynopolem dotyczy\u0142y \u201ewsp\u00f3lnego zarz\u0105dzania jurysdykcj\u0105, kt\u00f3ra otwarcie zacznie dzia\u0142a\u0107 po zjednoczeniowym soborze powszechnym\u201d.<\/p>\r\n<p>\u0179r\u00f3d\u0142a: credo.press \/ RIA Nowosti \/ Sojuz Prawos\u0142awnych \u0179urnalistow<br>\r\nJB<\/p>","protected":false},"excerpt":{"rendered":"Nuncjusz papieski w Federacji Rosyjskiej abp Celestino Migliore poinformowa\u0142, \u017ce Watykan ma nadziej\u0119, i\u017c w nieodleg\u0142ej przysz\u0142o\u015bci uda si\u0119 przeprowadzi\u0107 powszechny sob\u00f3r chrze\u015bcija\u0144ski. Jako mo\u017cliw\u0105 dat\u0119 spotkania podaje si\u0119 rok 2025, kt\u00f3ry b\u0119dzie 1700. rocznic\u0105 I soboru nicejskiego. Jak podaj\u0105 rosyjskie media, nuncjusz Migliore zapowiedzia\u0142, \u017ce b\u0119d\u0105 poszukiwane sposoby przeprowadzenia soboru, ale zaznaczy\u0142, \u017ce zwo\u0142a\u0107 [&hellip;]","protected":false},"author":1,"featured_media":0,"comment_status":"closed","ping_status":"closed","sticky":false,"template":"","format":"standard","meta":{"_acf_changed":false,"_monsterinsights_skip_tracking":false,"_monsterinsights_sitenote_active":false,"_monsterinsights_sitenote_note":"","_monsterinsights_sitenote_category":0,"ngg_post_thumbnail":0,"footnotes":"","_wp_rev_ctl_limit":""},"categories":[3],"tags":[41,33],"acf":[],"_links":{"self":[{"href":"https:\/\/www.bibula.com\/index.php?rest_route=\/wp\/v2\/posts\/111133"}],"collection":[{"href":"https:\/\/www.bibula.com\/index.php?rest_route=\/wp\/v2\/posts"}],"about":[{"href":"https:\/\/www.bibula.com\/index.php?rest_route=\/wp\/v2\/types\/post"}],"author":[{"embeddable":true,"href":"https:\/\/www.bibula.com\/index.php?rest_route=\/wp\/v2\/users\/1"}],"replies":[{"embeddable":true,"href":"https:\/\/www.bibula.com\/index.php?rest_route=%2Fwp%2Fv2%2Fcomments&post=111133"}],"version-history":[{"count":0,"href":"https:\/\/www.bibula.com\/index.php?rest_route=\/wp\/v2\/posts\/111133\/revisions"}],"wp:attachment":[{"href":"https:\/\/www.bibula.com\/index.php?rest_route=%2Fwp%2Fv2%2Fmedia&parent=111133"}],"wp:term":[{"taxonomy":"category","embeddable":true,"href":"https:\/\/www.bibula.com\/index.php?rest_route=%2Fwp%2Fv2%2Fcategories&post=111133"},{"taxonomy":"post_tag","embeddable":true,"href":"https:\/\/www.bibula.com\/index.php?rest_route=%2Fwp%2Fv2%2Ftags&post=111133"}],"curies":[{"name":"wp","href":"https:\/\/api.w.org\/{rel}","templated":true}]}}