{"id":111113,"date":"2019-12-13T11:20:53","date_gmt":"2019-12-13T16:20:53","guid":{"rendered":"http:\/\/www.bibula.com\/?p=111113"},"modified":"2019-12-13T13:52:16","modified_gmt":"2019-12-13T18:52:16","slug":"skandal-w-sejmie-odrzucono-trzy-niewygodne-pytania-brauna-do-rzadu","status":"publish","type":"post","link":"https:\/\/www.bibula.com\/?p=111113","title":{"rendered":"Skandal w Sejmie &#8211;  Odrzucono trzy niewygodne pytania Brauna do rz\u0105du"},"content":{"rendered":"<p><strong>Skandal w Sejmie. Cenzurowanie Konfederacji trwa w najlepsze. Tym razem Marsza\u0142ek Sejmu El\u017cbieta Witek zablokowa\u0142a trzy pytania pos\u0142a Grzegorza Brauna do rz\u0105du premiera Mateusza Morawieckiego.<\/strong><\/p>\r\n<p>Pose\u0142 Grzegorz Braun pr\u00f3bowa\u0142 zada\u0107, a w\u0142a\u015bciwie zada\u0142, trzy pytania do cz\u0142onk\u00f3w rz\u0105du Prawa i Sprawiedliwo\u015bci. Odpowiedzi na nie nie uzyska, bowiem Marsza\u0142ek Sejmu El\u017cbieta Witek odrzuci\u0142a wszystkie trzy pytania.<\/p>\r\n<p>Przypomnijmy, i\u017c na Konfederacji odm\u00f3wiono prawa do sk\u0142adania wniosk\u00f3w w sprawie informacji bie\u017c\u0105cej i zadawania pyta\u0144 w sprawach bie\u017c\u0105cych. Grzegorz Braun zwr\u00f3ci\u0142 si\u0119 jednak do Marsza\u0142ek Sejmu El\u017cbiety Witek z pro\u015bb\u0105 o uwzgl\u0119dnienie jego trzech pyta\u0144 do spraw bie\u017c\u0105cych.<\/p>\r\n<p>Oczywi\u015bcie tradycyjnie banda czworga trzyma si\u0119 razem, przyj\u0119to pytania w sprawach bie\u017c\u0105cych od wszystkich pozosta\u0142ych partii w Sejmie. A\u017c sze\u015b\u0107 z nich pochodzi od partii rz\u0105dz\u0105cej.<\/p>\r\n<p>W jakich tematach pose\u0142 Grzegorz Braun chcia\u0142 zada\u0107 pytania do rz\u0105du?<\/p>\r\n<p>1. Biografia Pana Ministra Finans\u00f3w <strong>Tadeusza Ko\u015bci\u0144skiego<\/strong> &#8211; nieznana szerzej, a budz\u0105ca uzasadnione zainteresowanie opinii publicznej.<\/p>\r\n<p>2. Starszy sier\u017cant sztabowy armii izraelskiej <strong>Jonny Daniels<\/strong> &#8211; jego praca dla Rz\u0105du RP (ew. firm i instytucji podleg\u0142ych Panu Premierowi), jego osobista znajomo\u015b\u0107 z Panem Premierem oraz ew. wp\u0142yw na decyzje kadrowe i programowe podejmowane przez Pana Premiera &#8211; w tym decyzje dotycz\u0105ce formowania i dzia\u0142ania Rady Ministr\u00f3w w poprzednim i aktualnym sk\u0142adzie.<\/p>\r\n<p>3. Dzia\u0142ania administracji, Policji i innych s\u0142u\u017cb podleg\u0142ych Panu Ministrowi <strong>Mariuszowi Kami\u0144skiemu<\/strong> w dniu 11 listopada 2019 i w dniach nast\u0119pnych.<\/p>\r\n<p>https:\/\/www.facebook.com\/KONFEDERACJA2019\/posts\/2162044477435484<\/p>\r\n<p class=\"zrodlo\">Za: <a href=\"https:\/\/nczas.com\/2019\/12\/13\/skandal-w-sejmie-odrzucono-trzy-niewygodne-pytania-brauna-do-rzadu\/\">Najwy\u017cszy Czas! (13\/12\/2019)<\/a> &#8211; [Org. tytu\u0142: \u00abSKANDAL w Sejmie! Odrzucono trzy niewygodne pytania Brauna do rz\u0105du\u00bb]<\/p>\r\n<h4>&nbsp;<\/h4>\r\n<hr style=\"background-color: #000000; border-width: 0; color: #000000; height: 2px; line-height: 0; text-align: center; width: 100%;\">\r\n<h4>&nbsp;<\/h4>\r\n<h2>Jonny Daniels oskar\u017ca Konfederacj\u0119 o antysemityzm! Posz\u0142o o pytania Brauna<\/h2>\r\n<p>Jonny Daniels uzna\u0142, \u017ce pytania, kt\u00f3re Grzegorz Braun chcia\u0142 zada\u0107 w Sejmie, to przejaw\u2026 antysemityzmu. Wszystko dlatego, \u017ce jedno z nich dotyczy\u0142o pracy Izraelity dla polskiego rz\u0105du. \u201eTo czyste antysemickie bzdury\u201d &#8211; \u017cachn\u0105\u0142 si\u0119 na Twitterze Daniels.<\/p>\r\n<p>Dzi\u015b w Sejmie Grzegorz Braun chcia\u0142 zada\u0107 trzy pytania premierowi Mateuszowi Morawieckiemu. Jednak cenzura marsza\u0142ek El\u017cbiety Witek zn\u00f3w da\u0142a si\u0119 we znaki Konfederacji.<\/p>\r\n<p><strong>Pytania Brauna<\/strong><\/p>\r\n<p>Mimo \u017ce w Parlamencie ostatecznie wybrzmia\u0142y pytania Grzegorza Brauna adresowane do rz\u0105du, to nie uzyskamy na nie odpowiedzi. Wszystko dlatego, \u017ce odrzuci\u0142a je marsza\u0142ek Sejmu. Konfederacji odm\u00f3wiono bowiem prawa do sk\u0142adania wniosk\u00f3w w sprawie informacji bie\u017c\u0105cej i zadawania pyta\u0144 w sprawach bie\u017c\u0105cych. Mimo to Braun zwr\u00f3ci\u0142 si\u0119 do marsza\u0142ek Witek z pro\u015bb\u0105 o uwzgl\u0119dnienie jego trzech pyta\u0144 w kwestii spraw bie\u017c\u0105cych.<\/p>\r\n<p>Mimo <a href=\"https:\/\/nczas.com\/2019\/12\/13\/skandal-w-sejmie-odrzucono-trzy-niewygodne-pytania-brauna-do-rzadu\/\" target=\"_blank\" rel=\"noopener noreferrer\">cenzury Konfederacji w polskim Sejmie<\/a>, pytania te odbijaj\u0105 si\u0119 szerokim echem w przestrzeni publicznej. Braun chcia\u0142 zapyta\u0107 Morawieckiego o trzy kwestie:<\/p>\r\n<p>1. Biografia Pana Ministra Finans\u00f3w Tadeusza Ko\u015bci\u0144skiego &#8211; nieznana szerzej, a budz\u0105ca uzasadnione zainteresowanie opinii publicznej.<\/p>\r\n<p>2. Starszy sier\u017cant sztabowy armii izraelskiej Jonny Daniels &#8211; jego praca dla Rz\u0105du RP (ew. firm i instytucji podleg\u0142ych Panu Premierowi), jego osobista znajomo\u015b\u0107 z Panem Premierem oraz ew. wp\u0142yw na decyzje kadrowe i programowe podejmowane przez Pana Premiera &#8211; w tym decyzje dotycz\u0105ce formowania i dzia\u0142ania Rady Ministr\u00f3w w poprzednim i aktualnym sk\u0142adzie.<span id=\"ezoic-pub-ad-placeholder-106\" class=\"ezoic-adpicker-ad\"><\/span><\/p>\r\n<p>3. Dzia\u0142ania administracji, Policji i innych s\u0142u\u017cb podleg\u0142ych Panu Ministrowi Mariuszowi Kami\u0144skiemu w dniu 11 listopada 2019 i w dniach nast\u0119pnych.<\/p>\r\n<p>Teraz na <a href=\"https:\/\/twitter.com\/MrJonnyDaniels\/status\/1205469785150173185\" target=\"_blank\" rel=\"noopener noreferrer\">Twitterze<\/a> odni\u00f3s\u0142 si\u0119 do sprawy Jonny Daniels, oskar\u017caj\u0105c Konfederacj\u0119 o \u201eantysemityzm\u201d.<\/p>\r\n<blockquote class=\"twitter-tweet\">\r\n<p dir=\"ltr\" lang=\"en\">The level of hatred these people have no know bounds. <br>\r\nThis is pure anti-Semitic bullshit. <br>\r\nThis alt-right political party wants to ask &#8222;What work Israeli Army Sergeant Jonny Daniels, did for the Prime Minister\u201d, knowing full well I\u2019ve done nothing&#8230; <a href=\"https:\/\/t.co\/bMeHPIHOd3\">https:\/\/t.co\/bMeHPIHOd3<\/a><\/p>\r\n\r\n\u201d\u201d Jonny Daniels (@MrJonnyDaniels) <a href=\"https:\/\/twitter.com\/MrJonnyDaniels\/status\/1205469785150173185?ref_src=twsrc%5Etfw\">December 13, 2019<\/a><\/blockquote>\r\n<p><script async=\"\" src=\"https:\/\/platform.twitter.com\/widgets.js\" charset=\"utf-8\"><\/script><\/p>\r\n<p>\u201ePoziom nienawi\u015bci tych ludzi nie zna granic. To czyste antysemickie bzdury. Ta prawicowa partia polityczna chce zapyta\u0107 \u201eJak\u0105 prac\u0119 sier\u017cant izraelskiej armii Jonny Daniels wykona\u0142 dla premiera\u201d, wiedz\u0105c, \u017ce nic nie zrobi\u0142em\u2026\u201d &#8211; grzmia\u0142 Izraelita.<\/p>\r\n<p><strong>Kim jest Daniels?<\/strong><\/p>\r\n<p>Jonny Daniels jest postaci\u0105 owian\u0105 aur\u0105 niedom\u00f3wie\u0144 i kontrowersji. Obserwatorzy \u017cycia politycznego od miesi\u0119cy zadaj\u0105 sobie pytanie, kim jest.<\/p>\r\n<p>&#8211;<em> Daniels jest ciekawym przypadkiem, bo to jest jakby uciele\u015bnienie literackiej wizji Nikodema Dyzmy. Czyli cz\u0142owieka znik\u0105d, kt\u00f3ry nagle zajmuje &#8211; przynajmniej w powszechnym mniemaniu &#8211; istotne miejsce w \u015bwiecie polityki. Spotyka si\u0119 z samym prezesem, komendantem, z premierem Morawieckim, urz\u0105dza dziwne imprezy, na kt\u00f3rych wr\u0119cza nagrody, za kt\u00f3re kto\u015b inny zap\u0142aci. Ale przyje\u017cd\u017ca tam prezes<\/em> &#8211; podkre\u015bli\u0142 w telewizji wRealu24 redaktor naczelny \u201eNajwy\u017cszego Czasu!\u201d, Tomasz Sommer.<\/p>\r\n<p>A kim jest Daniels? &#8211; <em>Mi si\u0119 wydaje, \u017ce prawda jest du\u017co bardziej prosta. To cz\u0142owiek niepozbawiony pewnego \u017cyciowego sprytu, niepozbawiony charakterystycznej dla tej narodowo\u015bci hucpiarskiej \u015bmia\u0142o\u015bci i wykorzystuje naiwno\u015b\u0107 tych goj\u00f3w, do kt\u00f3rych przychodzi, \u201euciele\u015bniaj\u0105c\u201d by\u0107 mo\u017ce Izrael. A oni jak kto\u015b im \u201euciele\u015bni Izrael\u201d to musz\u0105 pa\u015b\u0107 na kolana. I on to bezwzgl\u0119dnie wykorzystuje<\/em> &#8211; oceni\u0142.<\/p>\r\n<p>Daniels niejednokrotnie ju\u017c zarzuca\u0142 Polakom antysemityzm &#8211; r\u00f3wnie\u017c na \u0142amach niemieckiej prasy.<\/p>\r\n<blockquote class=\"twitter-tweet\">\r\n<p dir=\"ltr\" lang=\"pl\">Jonny Daniels ujada w niemieckiej gazecie &#8222;Die Welt&#8221; na PiS. Chcieli\u015bcie sojusznika, to go macie. Swoj\u0105 drog\u0105 &#8211; \u017byd w niemieckiej gazecie na Polak\u00f3w. Brzmi nie\u017ale.<\/p>\r\n\r\n\u201d\u201d Tomasz Sommer (@1972tomek) <a href=\"https:\/\/twitter.com\/1972tomek\/status\/1144968358615498753?ref_src=twsrc%5Etfw\">June 29, 2019<\/a><\/blockquote>\r\n<p><script async=\"\" src=\"https:\/\/platform.twitter.com\/widgets.js\" charset=\"utf-8\"><\/script><\/p>\r\n<p>\u0179r\u00f3d\u0142a: Twitter\/nczas.com<\/p>\r\n<p class=\"zrodlo\">Za: <a href=\"https:\/\/nczas.com\/2019\/12\/13\/jonny-daniels-oskarza-konfederacje-o-antysemityzm-poszlo-o-pytania-brauna\/\">Najwy\u017cszy Czas! (13\/12\/2019)<\/a><\/p>\r\n<h4>&nbsp;<\/h4>\r\n<hr style=\"background-color: #000000; border-width: 0; color: #000000; height: 2px; line-height: 0; text-align: center; width: 100%;\">\r\n<h4>&nbsp;<\/h4>","protected":false},"excerpt":{"rendered":"Skandal w Sejmie. Cenzurowanie Konfederacji trwa w najlepsze. Tym razem Marsza\u0142ek Sejmu El\u017cbieta Witek zablokowa\u0142a trzy pytania pos\u0142a Grzegorza Brauna do rz\u0105du premiera Mateusza Morawieckiego. Pose\u0142 Grzegorz Braun pr\u00f3bowa\u0142 zada\u0107, a w\u0142a\u015bciwie zada\u0142, trzy pytania do cz\u0142onk\u00f3w rz\u0105du Prawa i Sprawiedliwo\u015bci. Odpowiedzi na nie nie uzyska, bowiem Marsza\u0142ek Sejmu El\u017cbieta Witek odrzuci\u0142a wszystkie trzy pytania. [&hellip;]","protected":false},"author":1,"featured_media":0,"comment_status":"closed","ping_status":"closed","sticky":false,"template":"","format":"standard","meta":{"_acf_changed":false,"_monsterinsights_skip_tracking":false,"_monsterinsights_sitenote_active":false,"_monsterinsights_sitenote_note":"","_monsterinsights_sitenote_category":0,"ngg_post_thumbnail":0,"footnotes":"","_wp_rev_ctl_limit":""},"categories":[8],"tags":[16,344,98],"acf":[],"_links":{"self":[{"href":"https:\/\/www.bibula.com\/index.php?rest_route=\/wp\/v2\/posts\/111113"}],"collection":[{"href":"https:\/\/www.bibula.com\/index.php?rest_route=\/wp\/v2\/posts"}],"about":[{"href":"https:\/\/www.bibula.com\/index.php?rest_route=\/wp\/v2\/types\/post"}],"author":[{"embeddable":true,"href":"https:\/\/www.bibula.com\/index.php?rest_route=\/wp\/v2\/users\/1"}],"replies":[{"embeddable":true,"href":"https:\/\/www.bibula.com\/index.php?rest_route=%2Fwp%2Fv2%2Fcomments&post=111113"}],"version-history":[{"count":0,"href":"https:\/\/www.bibula.com\/index.php?rest_route=\/wp\/v2\/posts\/111113\/revisions"}],"wp:attachment":[{"href":"https:\/\/www.bibula.com\/index.php?rest_route=%2Fwp%2Fv2%2Fmedia&parent=111113"}],"wp:term":[{"taxonomy":"category","embeddable":true,"href":"https:\/\/www.bibula.com\/index.php?rest_route=%2Fwp%2Fv2%2Fcategories&post=111113"},{"taxonomy":"post_tag","embeddable":true,"href":"https:\/\/www.bibula.com\/index.php?rest_route=%2Fwp%2Fv2%2Ftags&post=111113"}],"curies":[{"name":"wp","href":"https:\/\/api.w.org\/{rel}","templated":true}]}}