{"id":111062,"date":"2019-12-10T15:51:22","date_gmt":"2019-12-10T20:51:22","guid":{"rendered":"http:\/\/www.bibula.com\/?p=111062"},"modified":"2019-12-10T15:54:50","modified_gmt":"2019-12-10T20:54:50","slug":"sad-kazal-polakowi-zaplacic-75-tys-zl-grzywny-za-slowa-o-honorowym-klepnieciu-w-pysk-isajewa","status":"publish","type":"post","link":"https:\/\/www.bibula.com\/?p=111062","title":{"rendered":"S\u0105d kaza\u0142 Polakowi zap\u0142aci\u0107 7,5 tys. z\u0142 grzywny za s\u0142owa o \u201ehonorowym klepni\u0119ciu w pysk&#8221; Isajewa"},"content":{"rendered":"<p><strong>Za skomentowanie wypowiedzi kontrowersyjnego ukrai\u0144skiego dziennikarza Igora Isajewa, w kt\u00f3rej oburza\u0142 si\u0119 na has\u0142o \u201ehonor\u201d w polskich paszportach, s\u0105d nakaza\u0142 internaucie z Rzeszowa zap\u0142aci\u0107 7,5 tys. z\u0142 grzywny i pokry\u0107 koszty s\u0105dowe. Uznano to za publiczne pochwalanie pope\u0142nienia przest\u0119pstwa. Oskar\u017cony nie przyznaje si\u0119 do winy i odwo\u0142a\u0142 si\u0119 od wyroku.<\/strong><\/p>\r\n<p><span id=\"ezoic-pub-ad-placeholder-114\" class=\"ezoic-adpicker-ad\"><\/span>W listopadzie ub. roku pisali\u015bmy, \u017ce mieszkaj\u0105cemu w Polsce kontrowersyjnemu ukrai\u0144skiemu dziennikarzowi i aktywi\u015bcie, Igorowi Isajewowi, znanemu m.in. z por\u00f3wnywania Polak\u00f3w do zwierz\u0105t i nazywania Marszu \u0179o\u0142nierzy Wykl\u0119tych marszem \u201efaszyst\u00f3w\u201d, <a href=\"https:\/\/kresy.pl\/wydarzenia\/ukrainskiemu-dziennikarzowi-nie-podoba-sie-slowo-honor-w-polskim-paszporcie\/\">nie spodoba\u0142o si\u0119 s\u0142owo \u201ehonor\u201d w polskim paszporcie.<\/a> Nawo\u0142ywa\u0142 do usuni\u0119cia s\u0142owa \u201ehonor\u201d z nowych polskich paszport\u00f3w, argumentuj\u0105c, \u017ce s\u0142owo to razi ukrai\u0144sk\u0105 wra\u017cliwo\u015b\u0107.<\/p>\r\n<p>Jeden z u\u017cytkownik\u00f3w portalu spo\u0142eczno\u015bciowego skomentowa\u0142 nasz artyku\u0142 na ten temat s\u0142owami: \u201eOoo i znamy portret podejrzanego. Honorowo trzeba go klepn\u0105\u0107 w pysk\u201d. W wyniku zg\u0142oszenia sprawa trafi\u0142a do prokuratury. W lipcu br. m\u0119\u017cczyzna zosta\u0142 oskar\u017cony z art 255 \u00a7 3 kodeksu karnego, czyli za publiczne pochwalanie pope\u0142nienia przest\u0119pstwa. Grozi za to grzywna do 180 stawek dziennych, kara ograniczenia wolno\u015bci albo pozbawienia wolno\u015bci do roku. Wiadomo, \u017ce sta\u0142o si\u0119 to m.in. w oparciu o zeznania z\u0142o\u017cone przez Isajewa,<span id=\"ezoic-pub-ad-placeholder-110\" class=\"ezoic-adpicker-ad\"><\/span><\/p>\r\n<p>Oskar\u017cony nie przyzna\u0142 si\u0119 do winy i w toku post\u0119powania twierdzi\u0142, \u017ce przedmiotowa wypowied\u017a nie odnosi\u0142a si\u0119 bezpo\u015brednio do Isajewa. Inaczej oceni\u0142 to oskar\u017cyciel publiczny, wed\u0142ug kt\u00f3rego odnosi\u0142o si\u0119 do do materia\u0142u zilustrowanego wizerunkiem Ukrai\u0144ca, jak i tre\u015bci jego tekstu.<\/p>\r\n<p><strong>Prokurator Maciej M\u0142ynarczyk z Prokuratury Rejonowej Warszawa Praga-P\u00f3\u0142noc<\/strong> w uzasadnieniu aktu oskar\u017cenia napisa\u0142 m.in., \u017ce niezale\u017cnie od tego, do kogo odnosi\u0142a si\u0119 ta wypowied\u017a, by\u0142a ona po\u015bwi\u0119cona naruszaniu cudzej nietykalno\u015bci cielesnej i nale\u017cy j\u0105 uzna\u0107 za \u201epochwalanie przest\u0119pstwa\u201d.<\/p>\r\n<p>Jednocze\u015bnie uzna\u0142, \u017ce wypowied\u017a ta \u201enie nale\u017cy (\u2026) do najbardziej wstrz\u0105saj\u0105cych przyk\u0142ad\u00f3w antyukrai\u0144skiej mowy nienawi\u015bci w polskim internecie, ale oceniaj\u0105c stopie\u0144 jej spo\u0142ecznej szkodliwo\u015bci, nie spos\u00f3b nie bra\u0107 pod uwag\u0119 w\u0142a\u015bnie jej kontekstu zwi\u0105zanego ze zmieniaj\u0105c\u0105 si\u0119 sytuacj\u0105 spo\u0142eczn\u0105, przede wszystkim w zakresie stosunku spo\u0142ecze\u0144stwa do cudzoziemc\u00f3w, w tym imigrant\u00f3w\u201d.<\/p>\r\n<p>Prok. M\u0142ynarczyk powo\u0142a\u0142 si\u0119 te\u017c na badania CBOS zamieszczone w 2018 roku w \u201eTygodniku Powszechnym\u201d, wed\u0142ug kt\u00f3rych odsetek przeciwnik\u00f3w przyjmowania do Polski uchod\u017ac\u00f3w wzr\u00f3s\u0142 z 21 proc. w 2015 roku do ponad 60 proc. w 2017 roku.<\/p>\r\n<p>\u201eBezprecedensowemu w skali ostatniego p\u00f3\u0142wiecza nasilenie nastroj\u00f3w ksenofobicznych w Polsce towarzyszy wzrost liczby czyn\u00f3w zabronionych pope\u0142nionych z powodu r\u00f3\u017cnic narodowo\u015bciowych, rasowych i religijnych\u201d &#8211; pisze prokuratur. Dodaje, powo\u0142uj\u0105c si\u0119 na dane Prokuratury Krajowej z 2018 za 2017 rok, \u017ce dotychczasowa przewaga przest\u0119pstw w sieci maleje na rzecz \u201eakt\u00f3w przemocy fizycznej oraz werbalnej\u201d. Powo\u0142a\u0142 si\u0119 te\u017c na <a href=\"https:\/\/kresy.pl\/wydarzenia\/za-pieniadze-sorosa-scigaja-mowe-nienawisci-przeciwko-ukraincom-raport-zwiazku-ukraincow-w-polsce\/\">kontrowersyjny raport Zwi\u0105zku Ukrai\u0144c\u00f3w w Polsce \u201eMniejszo\u015b\u0107 ukrai\u0144ska i imigranci z Ukrainy w Polsce. Analiza dyskursu\u201d<\/a>, przygotowany za pieni\u0105dze za\u0142o\u017conej przez George\u2019a Sorosa Fundacji im. Stefana Batorego, wed\u0142ug kt\u00f3rego tylko w ci\u0105gu roku \u201eo ponad 50% zwi\u0119kszy\u0142a si\u0119 liczba negatywnie nacechowanych wypowiedzi na temat Ukrai\u0144c\u00f3w w polskich mediach spo\u0142eczno\u015bciowych\u201d, zaznaczaj\u0105c, \u017ce wed\u0142ug danych Urz\u0119du ds. Cudzoziemc\u00f3w, \u201ew tym samym czasie trzykrotnie wzros\u0142a liczba post\u0119powa\u0144 prowadzonych w sprawie czyn\u00f3w\u201d.<\/p>\r\n<p><span class=\"pullquote\"><!-- ...Ihor Isajew to ukrai\u0144ski dziennikarz i dzia\u0142acz liberalno-lewicowej opozycji w Polsce oraz zadeklarowany homoseksualista, a tak\u017ce g\u0142\u00f3wny redaktor portalu dla Ukrai\u0144c\u00f3w w Polsce PROstir.pl, dotowanego przez polski rz\u0105d... --><\/span><\/p>\r\n<p>\u201eW tym stanie rzeczy egzekwowanie od oskar\u017conego odpowiedzialno\u015bci karnej nabiera szczeg\u00f3lnego znaczenia, ze wzgl\u0119du na (\u2026) cel post\u0119powania karnego, jakim jest zapobieganie przest\u0119pstwom oraz umocnienie poszanowania prawa (\u2026)\u201d &#8211; podkre\u015bli\u0142 prok. M\u0142ynarczyk<\/p>\r\n<p>9 sierpnia br. s\u0105d w wyroku nakazowym uzna\u0142 internaut\u0119 z Rzeszowa za winnego publicznego pochwalania pope\u0142nienia przest\u0119pstwa. <strong>S\u0119dzia Maria Surmacz z S\u0105du Rejonowego w Rzeszowie<\/strong> wymierzy\u0142a mu kar\u0119 grzywny w wysoko\u015bci 150 stawek dziennych po 50 z\u0142, czyli \u0142\u0105cznie 7,5 tys. z\u0142otych. M\u0119\u017cczyzna ma te\u017c pokry\u0107 800 z\u0142 koszt\u00f3w s\u0105dowych.<\/p>\r\n<p>M\u0119\u017cczyzna odwo\u0142a\u0142 si\u0119 od wyroku. 4 lutego 2020 roku ma odby\u0107 si\u0119 rozprawa g\u0142\u00f3wna. W rozmowie z portalem Kresy.pl powiedzia\u0142, \u017ce nie przyznaje si\u0119 do winy, bo uwa\u017ca, \u017ce jedynie komentowa\u0142 tre\u015b\u0107 artyku\u0142u. Doda\u0142, \u017ce w sieci s\u0142owa Ukrai\u0144cy bywa\u0142y komentowano w znacznie bardziej dosadny spos\u00f3b.<\/p>\r\n<p><em>&#8211; Uwa\u017cam, \u017ce nie naruszy\u0142em d\u00f3br osobistych tego Ukrai\u0144ca, ani te\u017c nie wyra\u017ca\u0142em ch\u0119ci pobicia go. Chcia\u0142em tylko, \u017ceby na przyk\u0142ad zaj\u0119\u0142y si\u0119 nim odpowiednie s\u0142u\u017cby. Poza tym, jeszcze przed wojn\u0105 by\u0142 tzw. kodeks honorowy Boziewicza, kt\u00f3ry okre\u015bla\u0142 sytuacje, w kt\u00f3rych kto\u015b, kto czu\u0142 si\u0119 obra\u017cony, m\u00f3g\u0142 \u201eklepn\u0105\u0107 w pysk\u201d i \u017c\u0105da\u0107 satysfakcji<\/em> &#8211; m\u00f3wi m\u0119\u017cczyzna z Rzeszowa. <em>&#8211; To pod\u0142o\u015b\u0107 ze strony prokuratury Warszawa Praga-P\u00f3\u0142noc. Najpierw wzywano mnie jako \u015bwiadka w sprawie z artyku\u0142u dotycz\u0105cego wzywania do nienawi\u015bci na tle narodowo\u015bciowym. T\u0142umaczy\u0142em, \u017ce m\u00f3j komentarz nie mia\u0142 na celu naruszenia czci jakiej\u015b mniejszo\u015bci narodowej czy nawo\u0142ywania do prze\u015bladowania na tle narodowo\u015bciowym. W\u00f3wczas prokurator uzna\u0142, \u017ce podci\u0105gnie to pod artyku\u0142 255 kk. Moim zdaniem, co\u015b takiego w og\u00f3le nie powinno mie\u0107 miejsca, prokuratura powinna si\u0119 zajmowa\u0107 bardziej tre\u015bciwymi rzeczami, a nie czym\u015b takim.<\/em><\/p>\r\n<p>Oskar\u017cony liczy na to, \u017ce rozprawa w lutym rozstrzygnie si\u0119 na jego korzy\u015b\u0107 i zako\u0144czy si\u0119 decyzj\u0105 o warunkowym umorzeniu. Doda\u0142 te\u017c, \u017ce w aktach jego sprawy jest ponad 30 os\u00f3b, kt\u00f3re potraktowano w analogiczny spos\u00f3b. &#8211; Cz\u0119\u015b\u0107 z nich odpowiada\u0142a za bardziej dosadnie sformu\u0142owania. Niekt\u00f3rzy ju\u017c zostali skazani, Isajew nawet si\u0119 tym che\u0142pi\u0142 na Facebooku, twierdz\u0105c, \u017ce to dzi\u0119ki niemu ich skazano. Moim zdaniem, kto\u015b tym jeszcze kieruje.<\/p>\r\n<p>Ihor Isajew to kontrowersyjny ukrai\u0144ski dziennikarz i dzia\u0142acz liberalno-lewicowej opozycji w Polsce oraz <a href=\"https:\/\/www.facebook.com\/isajew.igor\/photos\/a.116670072561774\/247066019522178\/?type=3&amp;theater\" target=\"_blank\" rel=\"noopener noreferrer\">zadeklarowany homoseksualista<\/a>, a tak\u017ce g\u0142\u00f3wny redaktor portalu dla Ukrai\u0144c\u00f3w w Polsce PROstir.pl, dotowanego przez polski rz\u0105d.<\/p>\r\n<h4>Kim jest Isajew?<\/h4>\r\n<p>O kolejnych kontrowersyjnych dzia\u0142aniach Isajewa, stale promowanego w mediach g\u0142\u00f3wnego nurtu, informowali\u015bmy przy licznych okazjach. W sierpniu 2016 r. <a href=\"https:\/\/kresy.pl\/wydarzenia,polityka?zobacz\/wizyta-ze-strachu-ukrainski-dziennikarz-o-wizycie-dudy-w-kijowie\">na \u0142amach \u201eEuropejskiej Prawdy\u201d pisa\u0142 on<\/a>&nbsp;w kontek\u015bcie uchwa\u0142y wo\u0142y\u0144skiej przyj\u0119tej przez Sejm oraz udzia\u0142u prezydenta Andrzeja Dudy w uroczystych obchodach 25-lecia niepodleg\u0142o\u015bci Ukrainy, \u017ce&nbsp;\u201eWarszawa przestraszy\u0142a si\u0119 tego, co uczyni\u0142a wobec Ukrai\u0144c\u00f3w\u201d, a&nbsp;\u201ePrezydent Duda jedzie do Kijowa zaleczy\u0107 rany\u201d. Dziennikarz stawia\u0142 tez\u0119, \u017ce polskie w\u0142adze wystraszy\u0142y si\u0119 konsekwencji swoich ostatnich dzia\u0142a\u0144 w odniesieniu do Ukrainy &#8211; przede wszystkim mia\u0142 na my\u015bli w\u0142a\u015bnie uchwa\u0142\u0119 Sejmu, kt\u00f3ra uzna\u0142a rze\u017a wo\u0142y\u0144sk\u0105 za ludob\u00f3jstwo. Zaznacza, \u017ce na Ukrainie negatywnie zareagowa\u0142y na ni\u0105 nawet \u201enajbardziej polonofilskie \u015brodowiska\u201d, za\u015b sama zapowied\u017a przyjazdu Dudy pad\u0142a ju\u017c po przyj\u0119ciu uchwa\u0142y, a sam prezydent zosta\u0142 zmuszony do pojednawczego dzia\u0142ania wzgl\u0119dem Kijowa.<\/p>\r\n<p>Z kolei w komentarzu dla ukrai\u0144skiej stacji Hromadske Isajew m.in. krytykowa\u0142 polityk\u0119 Polski ws. ludob\u00f3jstwa na Wo\u0142yniu. Jego zdaniem Polacy kreuj\u0105 ofiary ludob\u00f3jstwa na m\u0119czennik\u00f3w, za\u015b polskie postulaty dotycz\u0105ce ich upami\u0119tnienia uwa\u017ca za przejaw ukrainofobii. Wed\u0142ug Isajewa strona polska w kwestii Wo\u0142ynia dopuszcza si\u0119 manipulacji. Isajew wyst\u0119powa\u0142 tak\u017ce w ukrai\u0144skich mediach jako dziennikarz Redakcji Ukrai\u0144skiej Polskiego Radia.<\/p>\r\n<p>W Wigili\u0119 2016 r. opublikowa\u0142 g\u0142o\u015bny wpis, w kt\u00f3rym por\u00f3wna\u0142 Polak\u00f3w do zwierz\u0105t.&nbsp;<em>&#8211; Weso\u0142ych \u015bwi\u0105t dla Polak\u00f3w, kt\u00f3rzy dzisiaj obchodz\u0105 Wigili\u0119.&nbsp;Dzi\u0119kuj\u0119 za milczenie cz\u0119\u015bci z was w tym roku. Wiecie, powiadaj\u0105, \u017ce w Bo\u017ce Narodzenie nawet zwierz\u0119ta zaczynaj\u0105 m\u00f3wi\u0107.&nbsp;Umiej\u0119tno\u015bci m\u00f3wi\u0107 i rozmawia\u0107 wam wszystkim \u017cycz\u0119&nbsp;<\/em>&#8211;&nbsp;<a href=\"https:\/\/www.facebook.com\/igor.isajew\/posts\/10210142006161971?pnref=story\">napisa\u0142 Isajew<\/a>&nbsp;(pis. oryg. &#8211; red.), zamieszczaj\u0105c link do artyku\u0142u na \u0142amach \u201eUkrai\u0144skiej Prawdy\u201d ws. odebrania rz\u0105dowej dotacji jego portalowi.<\/p>\r\n<p>A\u017c do ko\u0144ca 2016 r. <a href=\"https:\/\/kresy.pl\/wydarzenia\/ukrainski-portal-w-polsce-traci-rzadowe-dotacje\/\" target=\"_blank\" rel=\"noopener noreferrer\">prowadzony przez Isajewa portal Prostir.pl finansowany by\u0142 z pieni\u0119dzy polskiego podatnika<\/a>. Otrzyma\u0142 z bud\u017cetu blisko 100 tys. z\u0142.&nbsp;W reakcji na odebranie dotacji Isajew zacz\u0105\u0142 krytykowa\u0107 decyzje polskich w\u0142adz, m.in. na Facebooku.&nbsp;<a href=\"https:\/\/www.facebook.com\/photo.php?fbid=10210133645992972&amp;set=a.2969946323030.2140957.1092882324&amp;type=3&amp;theater\">W jednym z wpis\u00f3w<\/a>&nbsp;ironicznie stwierdzi\u0142, \u017ce odebrano mu j\u0105&nbsp;\u201eza aktywn\u0105 postaw\u0119 obywatelsk\u0105 w 2016 roku, w tym za udzia\u0142 w dyskusji o \u201ewo\u0142y\u0144skim ludob\u00f3jstwie\u201d [zapis oryg. &#8211; red.] i wsp\u00f3\u0142prac\u0119 z ukrai\u0144skimi mediami\u201d. Podkre\u015bla\u0142 te\u017c, \u017ce jego portal zyska\u0142 popularno\u015b\u0107 na Ukrainie \u201epoprzez na\u015bwietlanie \u2018dyskusji wo\u0142y\u0144skiej\u2019 i napi\u0119tej sytuacji w Przemy\u015blu\u201d. Ubolewa\u0142 te\u017c, \u017ce polskie MSW \u201eniszczy\u201d jego zesp\u00f3\u0142. On sam zapowiada, \u017ce mo\u017ce dalej prowadzi\u0107 prostir.pl \u201enawet bez pieni\u0119dzy\u201d.<\/p>\r\n<p>W kolejnym roku Isajew mocno zaanga\u017cowa\u0142 si\u0119 w dzia\u0142ania wymierzone w obecny rz\u0105d. <a href=\"https:\/\/kresy.pl\/wydarzenia\/ukrainski-dziennikarz-polsce-chce-ukrainizowac-polski-majdan\/\" target=\"_blank\" rel=\"noopener noreferrer\">W lipcu 2017 r.<\/a>&nbsp;w swoim po\u015bcie w serwisie facebook opublikowa\u0142 zdj\u0119cie przygotowanych przez siebie przypinek z wulgarnym antypisowskim napisem. Znaczki g\u0142osi\u0142y \u201ePiS \u00d0\u0178\u00d0\u00d0\u00a5\u201d. Druga cz\u0119\u015b\u0107 jest skr\u00f3towcem z j\u0119zyka rosyjskiego oznaczaj\u0105cym sformu\u0142owanie \u201eid\u017a w ch*j\u201d.&nbsp;Isajew w komentarzu pod swoim postem t\u0142umaczy\u0142, \u017ce powodem stworzenia wulgarnych przypinek by\u0142o pragnienie, aby&nbsp;poszerza\u0107 ukrai\u0144sk\u0105 soft power w&nbsp;\u015bwiat. Protesty, i&nbsp;to ze skutkiem &#8211; to jest to zjawisko (w tym, popkultury), z&nbsp;kt\u00f3rego Ukraina w&nbsp;regionie zas\u0142yn\u0119\u0142a. Pomimo takiej postawy <a href=\"https:\/\/kresy.pl\/wydarzenia\/ukrainski-dziennikarz-porownywal-polakow-do-zwierzat-dostal-od-rzadu-pis-40-tys-zl-na-portal-dla-ukraincow-w-polsce\/\">kilka miesi\u0119cy p\u00f3\u017aniej rz\u0105d PiS ponownie przyzna\u0142 fundusze na prowadzony przez niego portal &#8211; tym razem <\/a><a href=\"https:\/\/kresy.pl\/wydarzenia\/ukrainski-dziennikarz-porownywal-polakow-do-zwierzat-dostal-od-rzadu-pis-40-tys-zl-na-portal-dla-ukraincow-w-polsce\/\">40 tys. z\u0142otych <\/a>.<\/p>\r\n<p>Dziennikarz <a href=\"https:\/\/kresy.pl\/wydarzenia\/ukrainski-autor-wulgarnych-plakietek-przeciw-rzadowi-pis-skarzy-sie-hejt\/\" target=\"_blank\" rel=\"noopener noreferrer\">wielokrotnie skar\u017cy\u0142 si\u0119 na \u201ehejt\u201d<\/a> jaki mia\u0142 si\u0119 wyla\u0107 na jego osob\u0119 na prawicowych mediach. Skar\u017cy\u0142 si\u0119 m.in. w stale promuj\u0105cych go mediach g\u0142\u00f3wnego nurtu, m.in. na \u0142amach portalu TVN24.&nbsp;Jego zdaniem prawicowe media nie rozr\u00f3\u017cnia\u0142y s\u0142\u00f3w i metafor i zacz\u0119\u0142y&nbsp;szuka\u0107 wrog\u00f3w ojczyzny.<\/p>\r\n<p><a href=\"https:\/\/kresy.pl\/wydarzenia\/polityka\/ukrainski-dzialacz-nazywa-marsz-ku-czci-zolnierzy-wykletych-demonstracja-faszystow\/\" target=\"_blank\" rel=\"noopener noreferrer\">W marcu 2018 roku<\/a> Isajew zamie\u015bci\u0142 na swoim profilu na portalu Facebook nagranie wideo i zdj\u0119cia z warszawskiego marszu ku czci \u017co\u0142nierzy wykl\u0119tych, prawdopodobnie zrobione w Alejach Ujazdowskich. \u201ePod polskim MSZ i kilkoma ambasadami, w tym Ukrainy, maszeruj\u0105 teraz ludzie, kt\u00f3rych has\u0142a i symbolika nawo\u0142uje do totalitarnej ideologii faszystowskiej oraz nienawi\u015bci. Policja zatrzyma\u0142a mnie i wiele os\u00f3b za to, \u017ce blokowali\u015bmy \u201elegaln\u0105 demonstracj\u0119&#8221; faszyst\u00f3w\u201d &#8211; opisywa\u0142 marsz Isajew.<\/p>\r\n<p>\u201eW zwi\u0105zku z tym, oraz bior\u0105c pod uwag\u0119 fakt, \u017ce od dzisiaj obowi\u0105zuje nowelizacja ustawy o IPN, publicznie o\u015bwiadczam, \u017ce Pa\u0144stwo Polskie oraz Nar\u00f3d Polski s\u0105 wsp\u00f3\u0142odpowiedzialni za zbrodnie III Rzeszy Niemieckiej, bo do dzisiaj ho\u0142ubi\u0105 tych, kt\u00f3rzy na\u015bladuj\u0105 ideologi\u0119 faszystowsk\u0105; bo do dzisiaj w propagowaniu ideologii totalitarnej jest mocne odwo\u0142anie si\u0119 do poj\u0119cia \u201enar\u00f3d\u201d i \u201ePolacy\u201d; bo do dzisiaj polskie organizacje faszystowskie skromnie nazywaj\u0105 si\u0119 &gt;&gt;narodowymi&lt;&lt;\u201d &#8211; obwieszcza\u0142 Isajew. Nie ukrywa przy tym, \u017ce jego wpis jest \u015bwiadom\u0105 prowokacj\u0105 &#8211; \u201eW ten spos\u00f3b \u015bwiadomie naruszam art. 55a nowej ustawy o IPN. I chyba moi uwa\u017cni czytelnicy ju\u017c wiedz\u0105, gdzie to maj\u0105 zg\u0142osi\u0107\u201d.<\/p>\r\n<p><a href=\"https:\/\/kresy.pl\/wydarzenia\/polska\/kontrowersyjny-ukrainski-dziennikarz-pozbawiony-akredytacji-msz\/\" target=\"_blank\" rel=\"noopener noreferrer\">W kwietniu 2018 Isajew utraci\u0142 akredytacj\u0119 w polskim MSZ.<\/a>&nbsp;Dzisiaj w MSZ pani Magdalena Borysewicz wyda\u0142a mi pismo z odmow\u0105 przed\u0142u\u017cenia akredytacji, powtarzaj\u0105c, \u017ce jest to decyzja dyrektora biura prasowego Artura Lomparta, a wi\u0119cej ona nic nie wie. &#8211; opisywa\u0142 na Facebooku odpowied\u017a, kt\u00f3r\u0105 otrzyma\u0142 z MSZ na jego monity w sprawie przed\u0142u\u017cenia akredytacji. Ukrainiec narzeka\u0142, \u017ce teraz b\u0119dzie pracowa\u0142o si\u0119 mu ci\u0119\u017cej, poniewa\u017c \u201ePiS (i nie tylko) nie otwiera drzwi na legitymacje zagraniczne\u201d. Twierdzi\u0142, \u017ce akredytacja polskiego MSZ otwiera\u0142a mu \u201ete nieliczne, kt\u00f3re jeszcze by\u0142y otwarte\u201d &#8211; w tym kontek\u015bcie przypomnia\u0142, \u017ce \u201ena niejasnych podstawach\u201d otrzyma\u0142 zakaz wst\u0119pu do Sejmu.&nbsp; Dziennikarz zako\u0144czy\u0142 sw\u00f3j post dwuznaczn\u0105 zapowiedzi\u0105 skierowan\u0105 do kierownictwa MSZ: \u201ejak b\u0119d\u0105 po raz kolejny narzeka\u0107, \u017ce Polsk\u0119 za granic\u0105 albo nie s\u0142ysz\u0105, albo \u017ale rozumiej\u0105, to niech maj\u0105 pretensje do siebie.\u201d<\/p>\r\n<p><a href=\"https:\/\/kresy.pl\/wydarzenia\/ukrainskiemu-dziennikarzowi-nie-podoba-sie-slowo-honor-w-polskim-paszporcie\/\">Isajew nawo\u0142ywa\u0142 te\u017c do usuni\u0119cia s\u0142owa \u201ehonor\u201d z nowych polskich paszport\u00f3w<\/a>. Jak argumentowa\u0142, s\u0142owo to razi ukrai\u0144sk\u0105 wra\u017cliwo\u015b\u0107. Zdaniem Isajewa \u201ehonor\u201d powinien znikn\u0105\u0107 z polskich paszport\u00f3w, gdy\u017c w j\u0119zyku ukrai\u0144skim, jego zdaniem, ma on pejoratywne zabarwienie. Twierdzi\u0142 te\u017c, \u017ce to sami Polacy s\u0105 odpowiedzialni za pejoratywne skojarzenia ze s\u0142owem honor, wyst\u0119puj\u0105ce rzekomo w j\u0119zyku ukrai\u0144skim.<\/p>\r\n<p>Podczas ostatnich wybor\u00f3w parlamentarnych Isajew zaanga\u017cowa\u0142 si\u0119 w kampani\u0119 niezwykle kontrowersyjnego lidera \u201eObywateli RP\u201d Paw\u0142a Kasprzaka, znanego ze skrajnie lewackich i radykalnie prounijnych wypowiedzi i dzia\u0142a\u0144.<\/p>\r\n<p><a href=\"https:\/\/kresy.pl\/wydarzenia\/polska\/aktywisci-odnowili-pomnik-upa-w-werchracie-i-wezwali-do-odnowienia-mogil-i-pomnikow-upa-w-polsce-foto-video\/\">Na pocz\u0105tku listopada<\/a> Isajew wsp\u00f3lnie z grup\u0105 polskich i ukrai\u0144skich dzia\u0142aczy odwiedzi\u0142 Werchrat\u0119 na Podkarpaciu, gdzie kilka lat temu dosz\u0142o do zniszczenia dw\u00f3ch obiekt\u00f3w ku czci UPA. W miejscu jednego ze zniszczonych pomnik\u00f3w postawili \u201ekozacki krzy\u017c\u201d z tryzubem. Ponadto polska cz\u0119\u015b\u0107 tej grupy, w sk\u0142ad kt\u00f3rej wchodzili w rzeczywisto\u015bci g\u0142\u00f3wnie dzia\u0142acze mniejszo\u015bci ukrai\u0144skiej, wezwa\u0142a do odnowienia nie tylko zniszczonych mogi\u0142, ale tak\u017ce pomnik\u00f3w UPA w Polsce. Uczyniono to odwiedzaj\u0105c poblisk\u0105 g\u00f3r\u0119 Monastyr, gdzie znajduje si\u0119 zbiorowy gr\u00f3b kilkudziesi\u0119ciu cz\u0142onk\u00f3w OUN-UPA zabitych w 1945 roku przez NKWD. Obecny by\u0142 tam tak\u017ce Isajew, kt\u00f3ry sfotografowa\u0142 si\u0119 przy obiekcie ku czci UPA wsp\u00f3lnie z szefem Zwi\u0105zku Ukrai\u0144c\u00f3w w Polsce, Piotrem Tym\u0105.<\/p>\r\n<ul>\r\n\t<li>Przeczytaj: <a href=\"https:\/\/kresy.pl\/wydarzenia\/isajew-polski-rzad-wyspecjalizowal-sie-w-mowieniu-o-polocauscie\/\">Isajew: polski rz\u0105d wyspecjalizowa\u0142 si\u0119 w m\u00f3wieniu o \u201ePolocau\u015bcie\u201d<\/a><\/li>\r\n\t<li>PRZECZYTAJ: <a title=\"Rondo Obro\u0144c\u00f3w Birczy. Fot. facebook, Grzegorz G\u0105gola\" href=\"https:\/\/kresy.pl\/wydarzenia\/elblag-prokuratura-odmawia-zajecia-sie-sprawa-zastraszania-inicjatora-powstania-ronda-obroncow-birczy\/\" rel=\"bookmark\">Elbl\u0105g: prokuratura odmawia zaj\u0119cia si\u0119 spraw\u0105 zastraszania inicjatora powstania Ronda Obro\u0144c\u00f3w Birczy <\/a><\/li>\r\n\t<li>CZYTAJ TAK\u0179E: <a href=\"https:\/\/kresy.pl\/wydarzenia\/ukrainski-dziennikarz-porownywal-polakow-do-zwierzat-dostal-od-rzadu-pis-40-tys-zl-na-portal-dla-ukraincow-w-polsce\/\">Ukrai\u0144ski dziennikarz por\u00f3wnywa\u0142 Polak\u00f3w do zwierz\u0105t. Dosta\u0142 od rz\u0105du PiS 40 tys. z\u0142 na portal dla Ukrai\u0144c\u00f3w w Polsce<\/a><\/li>\r\n\t<li>Zobacz: <a href=\"https:\/\/kresy.pl\/wydarzenia\/polska\/igor-isajew-w-bialymstoku-czulem-sie-bardziej-zagrozony-niz-na-majdanie-lub-na-imprezachazowa\/\">Igor Isajew: w Bia\u0142ymstoku czu\u0142em si\u0119 bardziej zagro\u017cony ni\u017c na Majdanie lub na \u201eimprezach\u201dAzowa <\/a><\/li>\r\n\t<li>Czytaj tak\u017ce: <a href=\"https:\/\/kresy.pl\/wydarzenia\/danuta-kuron-przy-obiekcie-ku-czci-upa-na-podkarpaciu-te-ziemie-byly-ukrainskie\/\">Danuta Kuro\u0144 przy obiekcie ku czci UPA na Podkarpaciu: te ziemie by\u0142y ukrai\u0144skie <\/a><\/li>\r\n<\/ul>\r\n<p><strong>Kresy.pl<\/strong><\/p>","protected":false},"excerpt":{"rendered":"Za skomentowanie wypowiedzi kontrowersyjnego ukrai\u0144skiego dziennikarza Igora Isajewa, w kt\u00f3rej oburza\u0142 si\u0119 na has\u0142o \u201ehonor\u201d w polskich paszportach, s\u0105d nakaza\u0142 internaucie z Rzeszowa zap\u0142aci\u0107 7,5 tys. z\u0142 grzywny i pokry\u0107 koszty s\u0105dowe. Uznano to za publiczne pochwalanie pope\u0142nienia przest\u0119pstwa. Oskar\u017cony nie przyznaje si\u0119 do winy i odwo\u0142a\u0142 si\u0119 od wyroku. W listopadzie ub. roku pisali\u015bmy, [&hellip;]","protected":false},"author":1,"featured_media":0,"comment_status":"closed","ping_status":"closed","sticky":false,"template":"","format":"standard","meta":{"_acf_changed":false,"_monsterinsights_skip_tracking":false,"_monsterinsights_sitenote_active":false,"_monsterinsights_sitenote_note":"","_monsterinsights_sitenote_category":0,"ngg_post_thumbnail":0,"footnotes":"","_wp_rev_ctl_limit":""},"categories":[8],"tags":[65,26,98,169,167,17],"acf":[],"_links":{"self":[{"href":"https:\/\/www.bibula.com\/index.php?rest_route=\/wp\/v2\/posts\/111062"}],"collection":[{"href":"https:\/\/www.bibula.com\/index.php?rest_route=\/wp\/v2\/posts"}],"about":[{"href":"https:\/\/www.bibula.com\/index.php?rest_route=\/wp\/v2\/types\/post"}],"author":[{"embeddable":true,"href":"https:\/\/www.bibula.com\/index.php?rest_route=\/wp\/v2\/users\/1"}],"replies":[{"embeddable":true,"href":"https:\/\/www.bibula.com\/index.php?rest_route=%2Fwp%2Fv2%2Fcomments&post=111062"}],"version-history":[{"count":0,"href":"https:\/\/www.bibula.com\/index.php?rest_route=\/wp\/v2\/posts\/111062\/revisions"}],"wp:attachment":[{"href":"https:\/\/www.bibula.com\/index.php?rest_route=%2Fwp%2Fv2%2Fmedia&parent=111062"}],"wp:term":[{"taxonomy":"category","embeddable":true,"href":"https:\/\/www.bibula.com\/index.php?rest_route=%2Fwp%2Fv2%2Fcategories&post=111062"},{"taxonomy":"post_tag","embeddable":true,"href":"https:\/\/www.bibula.com\/index.php?rest_route=%2Fwp%2Fv2%2Ftags&post=111062"}],"curies":[{"name":"wp","href":"https:\/\/api.w.org\/{rel}","templated":true}]}}