{"id":111038,"date":"2019-12-07T16:00:12","date_gmt":"2019-12-07T21:00:12","guid":{"rendered":"http:\/\/www.bibula.com\/?p=111038"},"modified":"2019-12-07T16:00:12","modified_gmt":"2019-12-07T21:00:12","slug":"prof-andrzej-nowak-prawda-historyczna-rzadko-jest-jednoznaczna-ale-sowieci-na-pewno-nas-nie-wyzwolili","status":"publish","type":"post","link":"https:\/\/www.bibula.com\/?p=111038","title":{"rendered":"Prof. Andrzej Nowak: prawda historyczna rzadko jest jednoznaczna, ale Sowieci na pewno nas nie wyzwolili"},"content":{"rendered":"<p><strong><em>Prawda historyczna rzadko jest prosta i jednoznaczna, ale je\u015bli chodzi o rok 1945, mo\u017cna jednak stwierdzi\u0107, \u017ce Sowieci na pewno nas nie wyzwolili<\/em> &#8211; powiedzia\u0142 w TVP Info wybitny historyk i sowietolog prof. Andrzej Nowak (UJ\/PAN). W ten spos\u00f3b naukowiec odni\u00f3s\u0142 si\u0119 do skandalicznych s\u0142\u00f3w lidera SLD W\u0142odzimierza Czarzastego.<\/strong><strong>&nbsp;<\/strong><\/p>\r\n<p>Wypowied\u017a W\u0142odzimierza Czarzastego o rzekomo wyzwolicielskim dla Polski charakterze wej\u015bcia na nasze ziemie Armii Czerwonej nie s\u0105 \u017cadnym zaskoczeniem. Wszak politycy SLD wielokrotnie powtarzali tego typu narracj\u0119, kt\u00f3ra stanowi prost\u0105 kontynuacj\u0119 retoryki powielanej w propagandzie czas\u00f3w PRL. Nie jest zreszt\u0105 \u017cadn\u0105 tajemnic\u0105, \u017ce niejeden polityk Sojuszu Lewicy Demokratycznej swoj\u0105 polityczn\u0105 karier\u0119 zaczyna\u0142 w komunistycznej PZPR, kt\u00f3ra swoj\u0105 w\u0142adz\u0119 nad Polsk\u0105 zawdzi\u0119cza\u0142a Armii Czerwonej i stacjonuj\u0105cym nad Wis\u0142\u0105 przez d\u0142ugie dekady dywizjom wojsk sowieckich.<\/p>\r\n<p>Do s\u0142\u00f3w W\u0142odzimierza Czarzastego odni\u00f3s\u0142 si\u0119 w TVP Info jeden z najwybitniejszych polskich sowietolog\u00f3w prof. Andrzej Nowak. Historyk zauwa\u017cy\u0142, \u017ce prawda historyczna rzadko bywa prosta i jednoznaczna, jednak w sprawie roku 1945 nie ma w\u0105tpliwo\u015bci. &#8211; <em>Sowieci na pewno nas nie wyzwolili<\/em> &#8211; powiedzia\u0142 pracownik naukowy Polskiej Akademii Nauk i Uniwersytetu Jagiello\u0144skiego.<\/p>\r\n<p>&#8211; <em>Sowieci rzeczywi\u015bcie &#8211; i to wolno stwierdzi\u0107, i to jest prawo ka\u017cdego, kto zapozna si\u0119 ze \u017ar\u00f3d\u0142ami &#8211; uwolnili Polsk\u0119 od jarzma hitlerowskiego. Ale pami\u0119ta\u0107 trzeba, \u017ce to jarzmo pomogli na\u0142o\u017cy\u0107 Polsce w 1939 roku. I nie wolno tych rzeczy rozdziela\u0107 w pami\u0119ci wspominaj\u0105c wyzwolicielsk\u0105 od tego straszliwego, ludob\u00f3jczego re\u017cimu hitlerowskiego, niemieckiego, rol\u0119 Armii Czerwonej, od roli Armii Czerwonej, kt\u00f3ra zaj\u0119\u0142a najpierw &#8211; wesp\u00f3\u0142 w zesp\u00f3\u0142 z armi\u0105 Adolfa Hitlera &#8211; po\u0142ow\u0119 Rzeczypospolitej<\/em> &#8211; stwierdzi\u0142 historyk zauwa\u017caj\u0105c, \u017ce uratowanie Polski przez Armi\u0119 Czerwon\u0105 od dalszej zag\u0142ady realizowanej przez Hitlera nie zmniejsza odpowiedzialno\u015bci Armii Czerwonej oraz sowieckiej partii komunistycznej i pa\u0144stwa sowieckiego \u201eza wybuch II wojny \u015bwiatowej, za wszystkie nieszcz\u0119\u015bcia, kt\u00f3re spad\u0142y na \u015bwiat w zwi\u0105zku z paktem Ribbentrop-Mo\u0142otow, z paktem Stalin-Hitler i nie zwalnia od odpowiedzialno\u015bci za to, co zosta\u0142o wprowadzone wraz z t\u0105 Armi\u0105 Czerwon\u0105 do Polski\u201d.<\/p>\r\n<p>Jednocze\u015bnie prof. Nowak zauwa\u017cy\u0142, \u017ce Armia Czerwona umo\u017cliwi\u0142a komunistom stworzenie w Polsce ca\u0142kowicie podleg\u0142ego Zwi\u0105zkowi Sowieckiemu i stworzonego na rozkaz Stalina marionetkowego rz\u0105du, \u201ekt\u00f3ry nie wyra\u017ca\u0142 w najmniejszym stopniu woli narodu, spo\u0142ecze\u0144stwa &#8211; spo\u0142ecze\u0144stwa podzielonego, ale na pewno zgodnego w jednym: Bierut na pewno nie by\u0142 jego reprezentantem, by\u0142 cz\u0142owiekiem znik\u0105d, a \u015bci\u015blej z Kremla. To by\u0142o narzucenie obcej w\u0142adzy i to w\u0142adzy tyra\u0144skiej, w\u0142adzy, kt\u00f3ra zabra\u0142a potem \u017cycie, po 1945 roku, dziesi\u0105tkom tysi\u0119cy obywateli tego pa\u0144stwa, najlepszym jego obywatelom, patriotom, tym, kt\u00f3rzy gotowi byli walczy\u0107 o niepodleg\u0142o\u015b\u0107. O tym zapomnie\u0107 nie wolno\u201d.<\/p>\r\n<p>Zdaniem sowietologa k\u0142amstwa historyczne w przysz\u0142o\u015bci stan\u0105 si\u0119 cz\u0119stsze. Prof. Nowak zwr\u00f3ci\u0142 przy tym uwag\u0119 na kwesti\u0119 postrzegania na Zachodzie Polski jako g\u0142\u00f3wnego sprawc\u0119 Holokaustu, co jeszcze 30 lat temu by\u0142o niemo\u017cliwe &#8211; mimo istnienia tak\u017ce wtedy na \u015bwiecie o\u015brodk\u00f3w Polsce nieprzychylnych. W ocenie historyka nasz kraj przegapi\u0142 moment, w kt\u00f3rym nale\u017ca\u0142o walczy\u0107 o histori\u0119, tak jak to robi\u0142y inne pa\u0144stwa demokratyczne. Szczeg\u00f3lnie stracony czas to lata 1989-2005, \u201ekiedy stan\u0105\u0142 dopiero ten pierwszy pomnik \u015bwiadomej polityki historycznej, czyli muzeum Powstania Warszawskiego\u201d &#8211; oceni\u0142.<\/p>\r\n<p>\u0179r\u00f3d\u0142o: TVP Info \/ tvp.info<\/p>\r\n<p>MW\u0142<\/p>","protected":false},"excerpt":{"rendered":"Prawda historyczna rzadko jest prosta i jednoznaczna, ale je\u015bli chodzi o rok 1945, mo\u017cna jednak stwierdzi\u0107, \u017ce Sowieci na pewno nas nie wyzwolili &#8211; powiedzia\u0142 w TVP Info wybitny historyk i sowietolog prof. Andrzej Nowak (UJ\/PAN). W ten spos\u00f3b naukowiec odni\u00f3s\u0142 si\u0119 do skandalicznych s\u0142\u00f3w lidera SLD W\u0142odzimierza Czarzastego.&nbsp; Wypowied\u017a W\u0142odzimierza Czarzastego o rzekomo wyzwolicielskim [&hellip;]","protected":false},"author":1,"featured_media":0,"comment_status":"closed","ping_status":"closed","sticky":false,"template":"","format":"standard","meta":{"_acf_changed":false,"_monsterinsights_skip_tracking":false,"ngg_post_thumbnail":0,"footnotes":"","_wp_rev_ctl_limit":""},"categories":[8],"tags":[66,81,208,59],"acf":[],"_links":{"self":[{"href":"https:\/\/www.bibula.com\/index.php?rest_route=\/wp\/v2\/posts\/111038"}],"collection":[{"href":"https:\/\/www.bibula.com\/index.php?rest_route=\/wp\/v2\/posts"}],"about":[{"href":"https:\/\/www.bibula.com\/index.php?rest_route=\/wp\/v2\/types\/post"}],"author":[{"embeddable":true,"href":"https:\/\/www.bibula.com\/index.php?rest_route=\/wp\/v2\/users\/1"}],"replies":[{"embeddable":true,"href":"https:\/\/www.bibula.com\/index.php?rest_route=%2Fwp%2Fv2%2Fcomments&post=111038"}],"version-history":[{"count":0,"href":"https:\/\/www.bibula.com\/index.php?rest_route=\/wp\/v2\/posts\/111038\/revisions"}],"wp:attachment":[{"href":"https:\/\/www.bibula.com\/index.php?rest_route=%2Fwp%2Fv2%2Fmedia&parent=111038"}],"wp:term":[{"taxonomy":"category","embeddable":true,"href":"https:\/\/www.bibula.com\/index.php?rest_route=%2Fwp%2Fv2%2Fcategories&post=111038"},{"taxonomy":"post_tag","embeddable":true,"href":"https:\/\/www.bibula.com\/index.php?rest_route=%2Fwp%2Fv2%2Ftags&post=111038"}],"curies":[{"name":"wp","href":"https:\/\/api.w.org\/{rel}","templated":true}]}}