{"id":110883,"date":"2019-11-28T11:39:36","date_gmt":"2019-11-28T16:39:36","guid":{"rendered":"http:\/\/www.bibula.com\/?p=110883"},"modified":"2019-11-28T11:39:36","modified_gmt":"2019-11-28T16:39:36","slug":"konfederacja-apeluje-do-pis-o-obrone-dobrego-imienia-polski-i-walke-z-antypolska-propaganda","status":"publish","type":"post","link":"https:\/\/www.bibula.com\/?p=110883","title":{"rendered":"Konfederacja apeluje do PiS o obron\u0119 dobrego imienia Polski i walk\u0119 z antypolsk\u0105 propagand\u0105"},"content":{"rendered":"<p><strong>Pos\u0142owie Konfederacji, Artur Dziambor, Grzegorz Braun i Robert Winnicki, apeluj\u0105, aby Pa\u0144stwo Polskie z ca\u0142\u0105 stanowczo\u015bci\u0105 zareagowa\u0142o na zniewagi, kt\u00f3re p\u0142yn\u0105 pod adresem Polski z ust ambasadora Izraela.<\/strong><\/p>\r\n<p><em>\u201eCa\u0142e podej\u015bcie polskiego rz\u0105du do Holokaustu jest z\u0142e i ma zwi\u0105zek z antysemityzmem, z kt\u00f3rego Polska jest znana\u201d<\/em> &#8211; napisa\u0142 w swoich mediach spo\u0142eczno\u015bciowych Gideon Meir, by\u0142y ambasador Izraela we W\u0142oszech.<\/p>\r\n<p>Dalej Meir insynuowa\u0142, \u017ce obozy koncentracyjne nie powsta\u0142yby, gdyby nie Polacy, kt\u00f3rzy teraz udaj\u0105, \u017ce podczas II wojny \u015bwiatowej byli na wakacjach.<\/p>\r\n<p>Na te skandaliczne s\u0142owa zareagowa\u0142a Konfederacja, \u017c\u0105daj\u0105c stanowczej reakcji ze strony polskiego MSZ.<\/p>\r\n<p><em>&#8211; Takie stwierdzenia musz\u0105 by\u0107 \u015bcigane. Musz\u0105 by\u0107 pi\u0119tnowane przez polskie w\u0142adze &#8211;<\/em> powiedzia\u0142 Robert Winnicki.\/p&gt;<\/p>\r\n<p>Konfederaci od\u017cegnuj\u0105 si\u0119 jednak od oskar\u017ce\u0144 o antysemityzm.<\/p>\r\n<p><em>&#8211; Na nasze zdanie nie wp\u0142ywa to, \u017ce powiedzia\u0142 to ambasador Izraela &#8211;<\/em> powiedzia\u0142 pose\u0142 Dziambor. <em>&#8211; Chodzi o to, \u017ce dobre imi\u0119 Polski jest naruszane.<\/em><\/p>\r\n<p>Grzegorz Braun przypomnia\u0142, \u017ce 22 grudnia \u017bydzi obchodz\u0105 Hanuk\u0119, r\u00f3wnie\u017c w polskim Sejmie, a w wydarzeniu tym bierze udzia\u0142 cz\u0119sto wielu cz\u0142onk\u00f3w rz\u0105du.<\/p>\r\n<p><em>&#8211; Zbli\u017ca si\u0119 adwent, \u015bwi\u0119ta Bo\u017cego Narodzenia [\u2026] \u015bwi\u0119to Hanuka &#8211;<\/em> m\u00f3wi\u0142 polityk. <em>&#8211; O\u015bwiadczam, \u017ce ambasador pa\u0144stwa po\u0142o\u017conego w Palestynie [\u2026] powinien by\u0107 [\u2026] persona non grata [podczas obchod\u00f3w w Sejmie].<\/em><\/p>\r\n<p>Wed\u0142ug Brauna taki stan rzeczy powinien utrzymywa\u0107 si\u0119 do czasu, a\u017c strona izraelska nie przeprosi Polak\u00f3w za obelgi, kt\u00f3re s\u0105 kierowane pod naszym adresem.<\/p>\r\n<p>Artur Dziambor przypomnia\u0142, \u017ce PiS powo\u0142a\u0142 do \u017cycia taki tw\u00f3r jak Polska Fundacja Narodowa, kt\u00f3ra mia\u0142a budowa\u0107 dobre imi\u0119 Polski na \u015bwiecie, a kt\u00f3ra teraz milczy, gdy Polacy s\u0105 szykanowani.<\/p>\r\n<p>Konfederaci wypowiedzieli si\u0119 r\u00f3wnie\u017c nt. nielegalnych imigrant\u00f3w. Ca\u0142o\u015b\u0107 Konferencji dost\u0119pna jest na youtubowym kanale NCzasTV.<\/p>\r\n<p>[youtube =K3HZEW9T2pA width=&#8221;600&#8243;]<\/p>","protected":false},"excerpt":{"rendered":"Pos\u0142owie Konfederacji, Artur Dziambor, Grzegorz Braun i Robert Winnicki, apeluj\u0105, aby Pa\u0144stwo Polskie z ca\u0142\u0105 stanowczo\u015bci\u0105 zareagowa\u0142o na zniewagi, kt\u00f3re p\u0142yn\u0105 pod adresem Polski z ust ambasadora Izraela. \u201eCa\u0142e podej\u015bcie polskiego rz\u0105du do Holokaustu jest z\u0142e i ma zwi\u0105zek z antysemityzmem, z kt\u00f3rego Polska jest znana\u201d &#8211; napisa\u0142 w swoich mediach spo\u0142eczno\u015bciowych Gideon Meir, by\u0142y [&hellip;]","protected":false},"author":1,"featured_media":0,"comment_status":"closed","ping_status":"closed","sticky":false,"template":"","format":"standard","meta":{"_acf_changed":false,"_monsterinsights_skip_tracking":false,"ngg_post_thumbnail":0,"footnotes":"","_wp_rev_ctl_limit":""},"categories":[8],"tags":[48,65,22,61,98,53],"acf":[],"_links":{"self":[{"href":"https:\/\/www.bibula.com\/index.php?rest_route=\/wp\/v2\/posts\/110883"}],"collection":[{"href":"https:\/\/www.bibula.com\/index.php?rest_route=\/wp\/v2\/posts"}],"about":[{"href":"https:\/\/www.bibula.com\/index.php?rest_route=\/wp\/v2\/types\/post"}],"author":[{"embeddable":true,"href":"https:\/\/www.bibula.com\/index.php?rest_route=\/wp\/v2\/users\/1"}],"replies":[{"embeddable":true,"href":"https:\/\/www.bibula.com\/index.php?rest_route=%2Fwp%2Fv2%2Fcomments&post=110883"}],"version-history":[{"count":0,"href":"https:\/\/www.bibula.com\/index.php?rest_route=\/wp\/v2\/posts\/110883\/revisions"}],"wp:attachment":[{"href":"https:\/\/www.bibula.com\/index.php?rest_route=%2Fwp%2Fv2%2Fmedia&parent=110883"}],"wp:term":[{"taxonomy":"category","embeddable":true,"href":"https:\/\/www.bibula.com\/index.php?rest_route=%2Fwp%2Fv2%2Fcategories&post=110883"},{"taxonomy":"post_tag","embeddable":true,"href":"https:\/\/www.bibula.com\/index.php?rest_route=%2Fwp%2Fv2%2Ftags&post=110883"}],"curies":[{"name":"wp","href":"https:\/\/api.w.org\/{rel}","templated":true}]}}