{"id":110869,"date":"2019-11-27T11:02:57","date_gmt":"2019-11-27T16:02:57","guid":{"rendered":"http:\/\/www.bibula.com\/?p=110869"},"modified":"2019-11-27T11:02:57","modified_gmt":"2019-11-27T16:02:57","slug":"ekoterror-nad-wisla-wstrzasajaca-rozmowa-ze-szczepanem-wojcikiem","status":"publish","type":"post","link":"https:\/\/www.bibula.com\/?p=110869","title":{"rendered":"Ekoterror nad Wis\u0142\u0105? Wstrz\u0105saj\u0105ca rozmowa ze Szczepanem W\u00f3jcikiem"},"content":{"rendered":"<p><strong>Celem dzia\u0142ania organizacji ekologicznych nie jest ochrona \u015brodowiska, klimatu czy zwierz\u0105t, a zarabianie pieni\u0119dzy &#8211; m\u00f3wi Szczepan W\u00f3jcik, lobbysta, krytyk ekolog\u00f3w oraz \u015brodowisk LGBT, kt\u00f3remu w dwa tygodnie spalono trzy gospodarstwa rolne. Rozmawia Tomasz Cukiernik.<\/strong><strong>&nbsp;<\/strong><\/p>\r\n<p>Przed rokiem W\u00f3jcik doprowadzi\u0142 do wstrzymania prac nad nowelizacj\u0105 ustawy, kt\u00f3ra spowodowa\u0142aby zakaz hodowli zwierz\u0105t futerkowych, forsowany g\u0142\u00f3wnie przez \u015brodowiska lewicowe i \u00f3wczesnego pos\u0142a Krzysztofa Czaba\u0144skiego. Polityka PiS pr\u00f3\u017cno szuka\u0107 w poselskich \u0142awach obecnej kadencji Sejmu. Uzyska\u0142 zaledwie 1,2 proc. g\u0142os\u00f3w w swoim okr\u0119gu.<\/p>\r\n<p><strong>Trzy po\u017cary w ci\u0105gu zaledwie dw\u00f3ch tygodni. Przypadek?<\/strong><\/p>\r\n<p>Trudno m\u00f3wi\u0107 o przypadku w takiej sytuacji, w kt\u00f3rej kto\u015b rzuca niedopa\u0142ek papierosa w s\u0142om\u0119 o godz. 2 w nocy. Tu nie ma w\u0105tpliwo\u015bci. Spalono m.in. \u015bwie\u017co wyremontowan\u0105 stodo\u0142\u0119, cztery tysi\u0105ce ton s\u0142omy, specjalistyczn\u0105 przyczep\u0119. Trudno mi nawet wyliczy\u0107 to, co poch\u0142on\u0105\u0142 ogie\u0144.<\/p>\r\n<p><strong>Wcze\u015bniej mia\u0142 Pan jakie\u015b pogr\u00f3\u017cki?<\/strong><\/p>\r\n<p>Od lat musz\u0119 mierzy\u0107 si\u0119 z pogr\u00f3\u017ckami &#8211; zar\u00f3wno ja, moja rodzina, dzieci, jak i pracownicy. Teraz s\u0105 ju\u017c nie tylko s\u0142owa, ale i czyny. Po serii po\u017car\u00f3w mimowolnie czyta\u0142em komentarze na ten temat. Wiele z nich by\u0142o pe\u0142nych rado\u015bci z tego, co si\u0119 sta\u0142o.<strong>&nbsp;<\/strong><\/p>\r\n<p><strong>Rado\u015bci?<\/strong><\/p>\r\n<p>Tak, ale to jest efekt, skutek dzia\u0142a\u0144, kt\u00f3re s\u0105 prowadzone wobec mnie, jak i ca\u0142ego rolnictwa, ju\u017c od d\u0142u\u017cszego czasu. W ostatnich tygodniach na rolnik\u00f3w wyla\u0142o si\u0119 morze hejtu, nienawi\u015bci i k\u0142amstw. Zostali\u015bmy nazwani barbarzy\u0144cami, mordercami, gwa\u0142cicielami kr\u00f3w.<\/p>\r\n<p><strong>Sk\u0105d bior\u0105 si\u0119 takie okre\u015blenia? Kto je formu\u0142uje?<\/strong><\/p>\r\n<p>Organizacje ekologiczne i \u015brodowiska lewicowe. Rolnicy s\u0105 przedstawiani jako ca\u0142e z\u0142o \u015bwiata. Warto jednak zwr\u00f3ci\u0107 uwag\u0119, \u017ce to nie jest nic nowego. To ju\u017c si\u0119 wydarzy\u0142o w krajach Europy Zachodniej. Zaledwie kilka tygodni temu uczestniczy\u0142em w najwi\u0119kszych w historii protestach holenderskich rolnik\u00f3w. U nich te\u017c zacz\u0119\u0142o si\u0119 od zakazu hodowli zwierz\u0105t futerkowych. A teraz? Lewicowe \u015brodowiska w rz\u0105dzie zdecydowa\u0142y, \u017ceby ograniczy\u0107 produkcj\u0119 roln\u0105 a\u017c o po\u0142ow\u0119. Czy ekolodzy martwi\u0105 si\u0119 o to, co stanie si\u0119 z rolnikami, ich rodzinami, pracownikami, kredytami i zobowi\u0105zaniami? Nie. Takie s\u0105 konsekwencje oddawania pola.<\/p>\r\n<p><strong>Sugeruje Pan, \u017ce to samo wydarzy si\u0119 w Polsce?<\/strong><\/p>\r\n<p>Absolutnie nie sugeruj\u0119! Ja jestem tego pewien. Schemat stosowany przez te organizacje jest identyczny w ka\u017cdym kraju, w kt\u00f3rym podejmuj\u0105 dzia\u0142alno\u015b\u0107. Je\u015bli oddamy inicjatyw\u0119 forsowanej przez nie wizji \u015bwiata, to za chwil\u0119, tak jak w Holandii, b\u0119dziemy walczy\u0107 ju\u017c tylko o przetrwanie.<\/p>\r\n<p><strong>M\u00f3wimy o organizacjach ekologicznych, kt\u00f3re poprzez swoj\u0105 dzia\u0142alno\u015b\u0107 s\u0105 zdolne wp\u0142ywa\u0107 na polsk\u0105 polityk\u0119 oraz gospodark\u0119. Z tego wy\u0142ania si\u0119 obraz dobrze zorganizowanych, pr\u0119\u017cnych organizacji. Jaki maj\u0105 w tym interes, \u017ceby blokowa\u0107 rolnictwo i hodowc\u00f3w, takich jak Pan?<\/strong><\/p>\r\n<p>Celem dzia\u0142ania organizacji ekologicznych nie jest ochrona \u015brodowiska, klimatu czy zwierz\u0105t. Ich nadrz\u0119dnym celem jest zarabianie pieni\u0119dzy. \u0179eby to zrobi\u0107, nale\u017cy przekona\u0107 spo\u0142ecze\u0144stwo do szczytnych hase\u0142, a nast\u0119pnie wm\u00f3wi\u0107, \u017ce to w\u0142a\u015bnie organizacje ekologiczne s\u0105 \u201eprawdziwymi obro\u0144cami\u201d. Pokazuj\u0105 zmanipulowane obrazy, przypinaj\u0105 si\u0119 do drzew, blokuj\u0105 strategiczne dla Polski inwestycje, wykorzystuj\u0105 aktor\u00f3w, polityk\u00f3w i ludzi \u015bwiata medi\u00f3w tylko po to, \u017ceby zdoby\u0107 rozg\u0142os, kt\u00f3ry pozwoli na zebranie jeszcze wi\u0119kszych pieni\u0119dzy. Prosz\u0119 zwr\u00f3ci\u0107 uwag\u0119, jakim bud\u017cetem dysponuj\u0105 najwi\u0119ksze organizacje ekologiczne w Polsce. To nie s\u0105 tysi\u0105ce z\u0142otych. To s\u0105 miliony. W momencie, w kt\u00f3rym mamy ju\u017c zaanga\u017cowan\u0105 grup\u0119 odbiorc\u00f3w &#8211; powiedzia\u0142bym nawet wyznawc\u00f3w &#8211; potrzebny jest tak\u017ce wr\u00f3g. Organizacje ekologiczne nie m\u00f3wi\u0105, \u017ce rolnik doi krow\u0119, tylko kradnie mleko krowim dzieciom. Nie m\u00f3wi\u0105, \u017ce rolnik dba o zwierz\u0119ta, leczy je i karmi. Oni m\u00f3wi\u0105, \u017ce rolnicy morduj\u0105 i gwa\u0142c\u0105 zwierz\u0119ta. Takiej kampanii nienawi\u015bci, jak\u0105 prowadzono wobec mnie i wszystkich rolnik\u00f3w w Polsce w ostatnim czasie, nie by\u0142o jeszcze nigdy.<\/p>\r\n<p><strong>Mia\u0142 Pan trzy po\u017cary w swoich gospodarstwach w ci\u0105gu dw\u00f3ch tygodni, fal\u0119 hejtu i oskar\u017ce\u0144. Czy naprawd\u0119 warto sta\u0107 na tym froncie?<\/strong><\/p>\r\n<p>A mia\u0142bym teraz zej\u015b\u0107 z tego frontu? Co mia\u0142bym powiedzie\u0107 \u017conie i dzieciom? \u0179e nie potrafi\u0142em stawi\u0107 czo\u0142a? Mia\u0142bym zrezygnowa\u0107 z tego, co ci\u0119\u017ck\u0105 prac\u0105 tworzy\u0142em przez wi\u0119kszo\u015b\u0107 mego \u017cycia? Je\u015bli teraz si\u0119 wycofamy, nasze rolnictwo czeka to, co spotka\u0142o rolnik\u00f3w na zachodzie Europy. Warto zauwa\u017cy\u0107, \u017ce by\u0107 mo\u017ce jest to pocz\u0105tek bardzo niebezpiecznej sytuacji. Nie wiem, kto jest odpowiedzialny za to, co si\u0119 sta\u0142o, ale by\u0107 mo\u017ce kto\u015b po przeczytaniu tych wszystkich negatywnych okre\u015ble\u0144 wobec mnie postanowi\u0142 \u201ewzi\u0105\u0107 sprawy w moje r\u0119ce\u201d. Dzi\u015b to spotka\u0142o mnie. By\u0107 mo\u017ce jutro celem b\u0119dzie kto\u015b inny? By\u0107 mo\u017ce pojutrze podpaleniu ulegnie nie stodo\u0142a, a dom? Musimy zatrzyma\u0107 to szale\u0144stwo, zanim b\u0119dzie zbyt p\u00f3\u017ano.<\/p>\r\n<p><strong>Skoro nie b\u0119dzie wycofania, to co Pan zamierza?<\/strong><\/p>\r\n<p>Nie zamierzam si\u0119 podda\u0107. \u0179ebym si\u0119 podda\u0142, musieliby mnie zabi\u0107. W tej sytuacji nie mo\u017cna ulec, bo to dopiero pocz\u0105tek batalii. Dalej zamierzam walczy\u0107 o polskie rolnictwo. Dzisiaj przyszli po futra, jutro przyjd\u0105 po wo\u0142owin\u0119, pojutrze przyjd\u0105 po ca\u0142y sektor rolniczy. Tak ko\u0144czy\u0142 si\u0119 do tej pory ka\u017cdy \u201eromans\u201d z ekoterrorystami. Dzi\u015b ekoterroryzm jest problemem ca\u0142ego europejskiego rolnictwa. Schemat dzia\u0142ania wsz\u0119dzie jest taki sam. B\u0105d\u017amy m\u0105drzejsi o to do\u015bwiadczenie, kt\u00f3re mo\u017cna wyci\u0105gn\u0105\u0107 od tych, kt\u00f3rzy t\u0119 wojn\u0119 ju\u017c przegrali.<\/p>\r\n<p><strong>Jak Pan zamierza walczy\u0107 o polskie rolnictwo?<\/strong><\/p>\r\n<p>Przede wszystkim potrzebujemy wsp\u00f3\u0142dzia\u0142ania w wielu aspektach. Potrzebujemy m\u0105drych i \u015bwiadomych polityk\u00f3w, kt\u00f3rzy nie pozwol\u0105 zar\u017cn\u0105\u0107 polskiego rolnictwa pod wp\u0142ywem nagonki organizacji ekologicznych i ich k\u0142amstw. Dobro rolnik\u00f3w, to dobro kraju. To s\u0105 miliardy wp\u0142ywu do bud\u017cetu, miejsca pracy, rosn\u0105ce wska\u017aniki eksportu, podnoszenie jako\u015bci produkt\u00f3w. Nie mo\u017cemy pozwoli\u0107, \u017ceby w Polsce powt\u00f3rzy\u0142a si\u0119 sytuacja z Holandii, Francji czy Niemiec. Nie mo\u017cemy pozwoli\u0107 na niszczenie polskiego rolnika, przedsi\u0119biorcy, pracodawcy. Musimy przeciwstawi\u0107 si\u0119 oszczerczej kampanii prowadzonej przez organizacje ekologiczne i niekt\u00f3re \u015brodowiska polityczne. Do tego potrzebujemy m\u0105drych i \u015bwiadomych konsument\u00f3w. Zamierzam dalej broni\u0107 rolnictwa, swojej pracy, wiary i rodziny.<\/p>\r\n<p><strong>Dzi\u0119kuj\u0119 za rozmow\u0119.<\/strong><\/p>\r\n<p><em><strong>Rozmawia\u0142 Tomasz Cukiernik<\/strong><\/em><\/p>\r\n<p>Ju\u017c w czwartek 28 listopada 2019 roku odb\u0119dzie si\u0119 premierowy pokaz filmu \u201eMi\u0119so\u017cerca wr\u00f3g numer jeden\u201d. To nie jest film o diecie! Dokument ujawnia bowiem niebezpiecze\u0144stwa jakie kryj\u0105 si\u0119 za promocj\u0105 weganizmu i wegetarianizmu. Pokazuje jak wykorzystywana jest ludzka wra\u017cliwo\u015b\u0107 na los zwierz\u0105t do przemycania ideologii niszcz\u0105cej cz\u0142owieka i wywracaj\u0105cej znany nam porz\u0105dek \u015bwiata. Zapraszamy! Producentem filmu jest portal PCh24.pl.<\/p>\r\n<p><a href=\"https:\/\/www.pch24.pl\/miesozerca--wrog-numer-jeden--zapraszamy-na-premiere-wyjatkowego-filmu-,72295,i.html\" target=\"_blank\" rel=\"noopener noreferrer\">Kliknij i zobacz jak odebra\u0107 wej\u015bci\u00f3wki.<\/a><\/p>\r\n<p><iframe id=\"893745216\" src=\"https:\/\/www.youtube.com\/embed\/56WAloNQ_BY?enablejsapi=1&amp;origin=https%3A%2F%2Fwww.pch24.pl\" allowfullscreen=\"allowfullscreen\" data-gtm-yt-inspected-10013869_50=\"true\" data-mce-fragment=\"1\" width=\"560\" height=\"314\"><\/iframe><\/p>\r\n<p><a href=\"http:\/\/www.ksiegarnia.poloniachristiana.pl\/produkt,polonia-christiana-nr-71,719.html\"><strong>Zam\u00f3w tak\u017ce najnowszy numer magazunu &#8222;Polonia Christiana&#8221;<\/strong><\/a><\/p>\r\n<p><a href=\"http:\/\/www.ksiegarnia.poloniachristiana.pl\/produkt,polonia-christiana-nr-71,719.html\" target=\"_blank\" rel=\"noopener noreferrer\"> Aby zam\u00f3wi\u0107, kliknij TUTAJ.<\/a><\/p>\r\n<p><a href=\"http:\/\/www.ksiegarnia.poloniachristiana.pl\/produkt,polonia-christiana-nr-71,719.html\" target=\"_blank\" rel=\"noopener noreferrer\"><img decoding=\"async\" src=\"https:\/\/www.pch24.pl\/upload\/ksiegarnia\/719.jpg\" alt=\"\"><\/a><\/p>","protected":false},"excerpt":{"rendered":"Celem dzia\u0142ania organizacji ekologicznych nie jest ochrona \u015brodowiska, klimatu czy zwierz\u0105t, a zarabianie pieni\u0119dzy &#8211; m\u00f3wi Szczepan W\u00f3jcik, lobbysta, krytyk ekolog\u00f3w oraz \u015brodowisk LGBT, kt\u00f3remu w dwa tygodnie spalono trzy gospodarstwa rolne. Rozmawia Tomasz Cukiernik.&nbsp; Przed rokiem W\u00f3jcik doprowadzi\u0142 do wstrzymania prac nad nowelizacj\u0105 ustawy, kt\u00f3ra spowodowa\u0142aby zakaz hodowli zwierz\u0105t futerkowych, forsowany g\u0142\u00f3wnie przez \u015brodowiska [&hellip;]","protected":false},"author":1,"featured_media":0,"comment_status":"closed","ping_status":"closed","sticky":false,"template":"","format":"standard","meta":{"_acf_changed":false,"_monsterinsights_skip_tracking":false,"_monsterinsights_sitenote_active":false,"_monsterinsights_sitenote_note":"","_monsterinsights_sitenote_category":0,"ngg_post_thumbnail":0,"footnotes":"","_wp_rev_ctl_limit":""},"categories":[8],"tags":[414,26,98,20],"acf":[],"_links":{"self":[{"href":"https:\/\/www.bibula.com\/index.php?rest_route=\/wp\/v2\/posts\/110869"}],"collection":[{"href":"https:\/\/www.bibula.com\/index.php?rest_route=\/wp\/v2\/posts"}],"about":[{"href":"https:\/\/www.bibula.com\/index.php?rest_route=\/wp\/v2\/types\/post"}],"author":[{"embeddable":true,"href":"https:\/\/www.bibula.com\/index.php?rest_route=\/wp\/v2\/users\/1"}],"replies":[{"embeddable":true,"href":"https:\/\/www.bibula.com\/index.php?rest_route=%2Fwp%2Fv2%2Fcomments&post=110869"}],"version-history":[{"count":0,"href":"https:\/\/www.bibula.com\/index.php?rest_route=\/wp\/v2\/posts\/110869\/revisions"}],"wp:attachment":[{"href":"https:\/\/www.bibula.com\/index.php?rest_route=%2Fwp%2Fv2%2Fmedia&parent=110869"}],"wp:term":[{"taxonomy":"category","embeddable":true,"href":"https:\/\/www.bibula.com\/index.php?rest_route=%2Fwp%2Fv2%2Fcategories&post=110869"},{"taxonomy":"post_tag","embeddable":true,"href":"https:\/\/www.bibula.com\/index.php?rest_route=%2Fwp%2Fv2%2Ftags&post=110869"}],"curies":[{"name":"wp","href":"https:\/\/api.w.org\/{rel}","templated":true}]}}