{"id":110706,"date":"2019-11-15T14:14:52","date_gmt":"2019-11-15T19:14:52","guid":{"rendered":"http:\/\/www.bibula.com\/?p=110706"},"modified":"2019-11-15T14:14:52","modified_gmt":"2019-11-15T19:14:52","slug":"zmarl-abp-juliusz-paetz-byly-metropolita-poznanski-mial-84-lata","status":"publish","type":"post","link":"https:\/\/www.bibula.com\/?p=110706","title":{"rendered":"Zmar\u0142 abp Juliusz Paetz, by\u0142y metropolita pozna\u0144ski. Mia\u0142 84 lata"},"content":{"rendered":"<p><strong>Dnia 15 listopada 2019 r. zmar\u0142 \u015bp. abp Juliusz Paetz, arcybiskup metropolita pozna\u0144ski w latach 1996-2002.&nbsp;Pogrzeb \u015bp. abp. Juliusza Paetza odb\u0119dzie si\u0119 w formie \u015bci\u015ble prywatnej w katedrze pozna\u0144skiej.<\/strong><\/p>\r\n<p><img fetchpriority=\"high\" decoding=\"async\" class=\"aligncenter\" src=\"https:\/\/www.pch24.pl\/images\/min_mid_big\/big\/72165.jpg?r=1573828679\" alt=\"Zmar\u0142 abp Juliusz Paetz, by\u0142y metropolita pozna\u0144ski. Mia\u0142 84 lata\" width=\"597\" height=\"343\"><\/p>\r\n<p style=\"text-align: center;\"><em>commons.wikimedia\/Stiopa\/CC BY-SA 3.0<\/em><\/p>\r\n<p>Abp Juliusz Paetz urodzi\u0142 si\u0119 2 lutego 1935 roku w Poznaniu. \u015awi\u0119cenia kap\u0142a\u0144skie przyj\u0105\u0142 28 czerwca 1959 roku. Za\u015b 20 grudnia 1982 toku zosta\u0142 prekonizowany biskupem diecezjalnym diecezji \u0142om\u017cy\u0144skiej. Sakr\u0119 biskupi\u0105 otrzyma\u0142 6 stycznia 1983 roku w Bazylice \u015bw. Piotra w Rzymie. 11 kwietnia 1996 roku zosta\u0142 przeniesiony na urz\u0105d arcybiskupa metropolity pozna\u0144skiego, a 23 kwietnia kanonicznie obj\u0105\u0142 diecezj\u0119. Kierowa\u0142 ni\u0105 do czasu z\u0142o\u017cenia rezygnacji z obowi\u0105zk\u00f3w arcybiskupa metropolity pozna\u0144skiego, kt\u00f3r\u0105 Jan Pawe\u0142 II przyj\u0105\u0142 28 marca 2002 roku.<\/p>\r\n<p>Pogrzeb \u015bp. abp. Juliusza Paetza odb\u0119dzie si\u0119 w formie \u015bci\u015ble prywatnej w katedrze pozna\u0144skiej.<\/p>\r\n<p>Miejsce poch\u00f3wku, jak r\u00f3wnie\u017c forma pogrzebu, zgodne z normami Kodeksu Prawa Kanonicznego (kan. 1178, kan. 1242), zosta\u0142y ustalone w wyniku konsultacji ze Stolic\u0105 Apostolsk\u0105 i Nuncjatur\u0105 Apostolsk\u0105 w Polsce oraz Rodzin\u0105 Zmar\u0142ego.<\/p>\r\n<p>\u0179r\u00f3d\u0142o: archpoznan.pl, KAI<\/p>\r\n<p>TK<\/p>\r\n<p class=\"zrodlo\">Za: <a href=\"https:\/\/www.pch24.pl\/zmarl-abp-juliusz-paetz--byly-metropolita-poznanski--mial-84-lata,72165,i.html\">PoloniaChristiana &#8211; pch24.pl (2019-11-15)<\/a><\/p>\r\n<h4>&nbsp;<\/h4>\r\n<hr style=\"background-color: #000000; border-width: 0; color: #000000; height: 2px; line-height: 0; text-align: center; width: 100%;\">\r\n<h4>&nbsp;<\/h4>\r\n<h2>Refleksja po \u015bmierci abp. Juliusza Paetza<\/h2>\r\n<p>Abp Juliusz Paetz jest na S\u0105dzie Bo\u017cym. Nigdy nie przeprosi\u0142 swoich ofiar. Niech Dobry Pan si\u0119 nad nim zlituje.<\/p>\r\n<p>Mam nadziej\u0119, \u017ce w czasach papie\u017ca Franciszka, kt\u00f3ry tak bardzo dba o oczyszczenie Ko\u015bcio\u0142a, w\u0142adze ko\u015bcielne, zw\u0142aszcza ci, co tuszowali molestowanie kleryk\u00f3w i m\u0142odych ksi\u0119\u017cy, nie uczyni\u0119 z pogrzebu nowego zgorszenia i nie pochowaj\u0105 Zmar\u0142ego w katedrze pozna\u0144skiej, obok zacnych i gorliwych pasterzy Owczarni Pa\u0144skiej .<\/p>\r\n<p>Memento mori!<\/p>\r\n<p><strong><em>Ks. Tadeusz Isakowicz-Zaleski<\/em><\/strong><\/p>\r\n<p class=\"zrodlo\">Za: <a href=\"http:\/\/isakowicz.pl\/refleksja-po-smierci-abp-juliusza-paetza\/\">isakowicz.pl (15 listopada 2019)<\/a><\/p>\r\n<h4>&nbsp;<\/h4>\r\n<hr style=\"background-color: #000000; border-width: 0; color: #000000; height: 2px; line-height: 0; text-align: center; width: 100%;\">\r\n<h4>&nbsp;<\/h4>","protected":false},"excerpt":{"rendered":"Dnia 15 listopada 2019 r. zmar\u0142 \u015bp. abp Juliusz Paetz, arcybiskup metropolita pozna\u0144ski w latach 1996-2002.&nbsp;Pogrzeb \u015bp. abp. Juliusza Paetza odb\u0119dzie si\u0119 w formie \u015bci\u015ble prywatnej w katedrze pozna\u0144skiej. commons.wikimedia\/Stiopa\/CC BY-SA 3.0 Abp Juliusz Paetz urodzi\u0142 si\u0119 2 lutego 1935 roku w Poznaniu. \u015awi\u0119cenia kap\u0142a\u0144skie przyj\u0105\u0142 28 czerwca 1959 roku. Za\u015b 20 grudnia 1982 toku [&hellip;]","protected":false},"author":1,"featured_media":0,"comment_status":"closed","ping_status":"closed","sticky":false,"template":"","format":"standard","meta":{"_acf_changed":false,"_monsterinsights_skip_tracking":false,"_monsterinsights_sitenote_active":false,"_monsterinsights_sitenote_note":"","_monsterinsights_sitenote_category":0,"ngg_post_thumbnail":0,"footnotes":"","_wp_rev_ctl_limit":""},"categories":[5],"tags":[98,184],"acf":[],"_links":{"self":[{"href":"https:\/\/www.bibula.com\/index.php?rest_route=\/wp\/v2\/posts\/110706"}],"collection":[{"href":"https:\/\/www.bibula.com\/index.php?rest_route=\/wp\/v2\/posts"}],"about":[{"href":"https:\/\/www.bibula.com\/index.php?rest_route=\/wp\/v2\/types\/post"}],"author":[{"embeddable":true,"href":"https:\/\/www.bibula.com\/index.php?rest_route=\/wp\/v2\/users\/1"}],"replies":[{"embeddable":true,"href":"https:\/\/www.bibula.com\/index.php?rest_route=%2Fwp%2Fv2%2Fcomments&post=110706"}],"version-history":[{"count":0,"href":"https:\/\/www.bibula.com\/index.php?rest_route=\/wp\/v2\/posts\/110706\/revisions"}],"wp:attachment":[{"href":"https:\/\/www.bibula.com\/index.php?rest_route=%2Fwp%2Fv2%2Fmedia&parent=110706"}],"wp:term":[{"taxonomy":"category","embeddable":true,"href":"https:\/\/www.bibula.com\/index.php?rest_route=%2Fwp%2Fv2%2Fcategories&post=110706"},{"taxonomy":"post_tag","embeddable":true,"href":"https:\/\/www.bibula.com\/index.php?rest_route=%2Fwp%2Fv2%2Ftags&post=110706"}],"curies":[{"name":"wp","href":"https:\/\/api.w.org\/{rel}","templated":true}]}}