{"id":110581,"date":"2019-11-08T10:12:46","date_gmt":"2019-11-08T15:12:46","guid":{"rendered":"http:\/\/www.bibula.com\/?p=110581"},"modified":"2019-11-08T10:12:46","modified_gmt":"2019-11-08T15:12:46","slug":"papiez-o-walce-z-globalnym-ociepleniem-i-dziura-ozonowa","status":"publish","type":"post","link":"https:\/\/www.bibula.com\/?p=110581","title":{"rendered":"Papie\u017c o walce z \u201eglobalnym ociepleniem&#8221; i \u201edziur\u0105 ozonow\u0105&#8221;"},"content":{"rendered":"<p><strong>Dziesi\u0119ciolecia owocnej wsp\u00f3\u0142pracy mi\u0119dzynarodowej w zakresie ochrony ziemskiej warstwy ozonowej stanowi\u0105 wa\u017cn\u0105 lekcj\u0119 dla potrzebnej dzi\u015b wsp\u00f3\u0142pracy w kwestii zwalczania \u201eglobalnego ocieplenia\u201d &#8211; wskaza\u0142 papie\u017c Franciszek w specjalnym o\u015bwiadczeniu skierowanym do uczestnik\u00f3w konferencji Protoko\u0142u Montrealskiego. <\/strong><strong>&nbsp;<\/strong><\/p>\r\n<p>Przes\u0142anie papie\u017ca adresowane by\u0142o do os\u00f3b uczestnicz\u0105cych w spotkaniu pa\u0144stw-stron Protoko\u0142u Montrealskiego w sprawie substancji zubo\u017caj\u0105cych warstw\u0119 ozonow\u0105. Protok\u00f3\u0142 i p\u00f3\u017aniejsze zmiany mia\u0142y na celu wycofanie z produkcji substancji, kt\u00f3re rzekomo niszcz\u0105 ozon w stratosferze, poch\u0142aniaj\u0105cej du\u017c\u0105 ilo\u015b\u0107 szkodliwego promieniowania ultrafioletowego, docieraj\u0105cego do powierzchni ziemi.<\/p>\r\n<p>Umowa pierwotnie podpisana w 1987 r. wesz\u0142a w \u017cycie dwa lata p\u00f3\u017aniej i by\u0142a \u201epierwsz\u0105 konwencj\u0105 systemu Narod\u00f3w Zjednoczonych, kt\u00f3ra zyska\u0142a powszechne poparcie ca\u0142ej rodziny narod\u00f3w, licz\u0105cej dzi\u015b 197 pa\u0144stwa-sygnatariuszy\u201d &#8211; napisa\u0142 Franciszek. Ten prawnie wi\u0105\u017c\u0105cy instrument &#8211; zdaniem Ojca \u015awi\u0119tego &#8211; \u201eprzyni\u00f3s\u0142 pozytywne wyniki\u201d, poniewa\u017c wiele bada\u0144 naukowych wykaza\u0142o, i\u017c przerzedzenie warstwy ozonowej zmniejszy\u0142o si\u0119.<\/p>\r\n<p>Przes\u0142anie Ojca \u015awi\u0119tego do uczestnik\u00f3w XXXI Spotkania Stron Protoko\u0142u Montrealskiego z 7 listopada 2019 r. odczyta\u0142 kard. Pietro Parolin w siedzibie Organizacji ds. Wy\u017cywienia i Rolnictwa (FAO) w Rzymie. Dowiadujemy si\u0119 z niego, \u017ce \u201eprotok\u00f3\u0142, wraz z poprawkami i Konwencj\u0105 wiede\u0144sk\u0105 o ochronie warstwy ozonowej, stanowi model wsp\u00f3\u0142pracy mi\u0119dzynarodowej nie tylko w dziedzinie ochrony \u015brodowiska, ale tak\u017ce dla promowania integralnego rozwoju cz\u0142owieka\u201d. Papie\u017c zwr\u00f3ci\u0142 uwag\u0119 na trzy lekcje, kt\u00f3re mo\u017cemy wyci\u0105gn\u0105\u0107 od czasu wprowadzenia w \u017cycie \u201emi\u0119dzynarodowego systemu ozonowego\u201d.<\/p>\r\n<p>\u201ePo pierwsze, nale\u017cy podkre\u015bli\u0107 i doceni\u0107 spos\u00f3b, w jaki instrument ten powsta\u0142 w wyniku szerokiej i owocnej wsp\u00f3\u0142pracy mi\u0119dzy r\u00f3\u017cnymi sektorami: spo\u0142eczno\u015bci\u0105 naukow\u0105, \u015bwiatem politycznym, podmiotami gospodarczymi i przemys\u0142owymi oraz spo\u0142ecze\u0144stwem obywatelskim\u201d &#8211; napisa\u0142. I doda\u0142: \u201eTa wsp\u00f3\u0142praca pokaza\u0142a, w jaki spos\u00f3b mo\u017cemy osi\u0105gn\u0105\u0107 wa\u017cne wyniki, kt\u00f3re jednocze\u015bnie umo\u017cliwiaj\u0105 ochron\u0119 stworzenia, promowanie integralnego rozwoju cz\u0142owieka i dbanie o dobro wsp\u00f3lne, w duchu odpowiedzialnej solidarno\u015bci i g\u0142\u0119bokich pozytywnych konsekwencji dla obecnych i przysz\u0142ych pokole\u0144\u201d.<\/p>\r\n<p>Zdaniem Franciszka, \u201emi\u0119dzynarodowy system ozonowy\u201d pokazuje, \u017ce \u201emamy swobod\u0119 potrzebn\u0105 do ograniczania i kierowania technologi\u0105; mo\u017cemy odda\u0107 j\u0105 w s\u0142u\u017cbie innego rodzaju post\u0119pu, kt\u00f3ry jest zdrowszy, bardziej ludzki, bardziej spo\u0142eczny, bardziej integralny.\u201d Ojciec \u015awi\u0119ty wezwa\u0142 do \u201euczciwego i owocnego dialogu\u201d w celu \u201ebudowania tera\u017aniejszo\u015bci i przysz\u0142o\u015bci naszej planety\u201d.<\/p>\r\n<p>Druga lekcja, jak\u0105 mo\u017cna wyci\u0105gn\u0105\u0107 z funkcjonowania konwencji ozonowej, dotyczy \u201ekulturowego wyzwania\u201d. Franciszek wskazuje, \u017ce nie mo\u017cna wy\u0142\u0105cznie oprze\u0107 si\u0119 na technologii, bo \u201ew rzeczywisto\u015bci okazuje si\u0119 [ona] niezdolna do zobaczenia tajemniczej sieci relacji mi\u0119dzy rzeczami, a wi\u0119c czasami rozwi\u0105zuje jeden problem, tworz\u0105c inne\u201d. Na przyk\u0142ad dowodem na to jest konieczno\u015b\u0107 przyj\u0119cia w 2016 r. nowej poprawki do Protoko\u0142u Montrealskiego, tzw. poprawki z Kigali, zakazuj\u0105cej stosowania substancji nie przyczyniaj\u0105cych si\u0119 do uszkodzenia warstwy ozonowej, ale kt\u00f3re \u201ewp\u0142ywaj\u0105 na ocieplenie atmosfery i kt\u00f3rych stosowanie wzros\u0142o jako \u015brodek zast\u0119puj\u0105cy niekt\u00f3re substancje szkodliwe dla warstwy ozonowej\u201d. Papie\u017c podkre\u015bli\u0142, \u017ce \u201ewa\u017cne jest, by poprawka z Kigali szybko zyska\u0142a powszechne poparcie ca\u0142ej rodziny narod\u00f3w, tak jak sta\u0142o si\u0119 to w przypadku konwencji wiede\u0144skiej i Protoko\u0142u Montrealskiego\u201d. Doda\u0142, \u017ce \u201ew zwi\u0105zku z tym z przyjemno\u015bci\u0105 og\u0142asza zamiar Stolicy Apostolskiej, by zastosowa\u0107 si\u0119 do poprawki z Kigali. Tym gestem Stolica Apostolska pragnie nadal wspiera\u0107 moralnie wszystkie pa\u0144stwa zaanga\u017cowane w opiek\u0119 nad naszym wsp\u00f3lnym domem\u201d.<\/p>\r\n<p>Trzecia lekcja wed\u0142ug papie\u017ca, to u\u015bwiadomienie sobie, jak \u201ewa\u017cna jest troska o nasz wsp\u00f3lny dom\u201d i \u017ce \u201ewszystko jest po\u0142\u0105czone\u201d. \u201eMo\u017cna powiedzie\u0107, \u017ce poprawka z Kigali r\u00f3wnie\u017c odwo\u0142uje si\u0119 do tej zasady, poniewa\u017c stanowi ona swego rodzaju pomost mi\u0119dzy problemem ozonowym a zjawiskiem globalnego ocieplenia, podkre\u015blaj\u0105c w ten spos\u00f3b ich wzajemne oddzia\u0142ywanie\u201d &#8211; uwa\u017ca Franciszek. Nast\u0119pca \u015bw. Piotra wezwa\u0142 do \u201eprzyj\u0119cia dalekowzrocznej wizji tego, jak najskuteczniej promowa\u0107 integralny rozw\u00f3j wszystkich cz\u0142onk\u00f3w ludzkiej rodziny, zar\u00f3wno w bliskiej jak i dalekiej przestrzeni czy czasie\u201d.<\/p>\r\n<p>Wizja ta \u201emusi si\u0119 ukszta\u0142towa\u0107 w o\u015brodkach edukacji i kultury, w kt\u00f3rych budowana jest \u015bwiadomo\u015b\u0107, gdzie szkoli si\u0119 w zakresie odpowiedzialno\u015bci politycznej, naukowej i ekonomicznej oraz, bardziej og\u00f3lnie, tam, gdzie podejmowane s\u0105 odpowiedzialne decyzje\u201d.<\/p>\r\n<p>Franciszek zaleci\u0142 stawianie sobie pytania, czy w zwi\u0105zku z \u201eci\u0105g\u0142ym przyspieszaniem zmian wp\u0142ywaj\u0105cych na ludzko\u015b\u0107 i nasz\u0105 planet\u0119, w po\u0142\u0105czeniu z bardziej intensywnym tempem \u017cycia i pracy\u201d nie powinni\u015bmy by\u0107 stale zach\u0119cani do zadawania sobie pytania, czy \u201ecele tego post\u0119pu s\u0105 rzeczywi\u015bcie ukierunkowane na wsp\u00f3lne dobro oraz na zr\u00f3wnowa\u017cony i integralny rozw\u00f3j ludzki lub, czy szkodz\u0105 naszemu \u015bwiatu i jako\u015bci \u017cycia wi\u0119kszo\u015bci ludzko\u015bci, teraz i w przysz\u0142o\u015bci\u201d. \u201eOdpowied\u017a na to pytanie &#8211; t\u0142umaczy\u0142 &#8211; mo\u017cna udzieli\u0107 jedynie w \u015bwietle trzech punkt\u00f3w (\u2026)\u201d Po pierwsze nale\u017cy skupi\u0107 si\u0119 na dialogu \u201eze wzgl\u0119du na wsp\u00f3ln\u0105 odpowiedzialno\u015b\u0107 za opiek\u0119 nad naszym wsp\u00f3lnym domem, w kt\u00f3rym nikt nie \u201eabsolutyzuje\u201d w\u0142asnego punktu widzenia\u201d.<\/p>\r\n<p>Nast\u0119pnie rozwi\u0105zania technologiczne powinny sta\u0107 si\u0119 cz\u0119\u015bci\u0105 szerszej wizji, uwzgl\u0119dniaj\u0105cej \u201er\u00f3\u017cnorodno\u015b\u0107 istniej\u0105cych relacji\u201d. Wreszcie decyzje musz\u0105 by\u0107 \u201eustrukturyzowane\u201d w oparciu o centraln\u0105 koncepcj\u0119 \u201eekologii integralnej\u201d, opartej na u\u015bwiadomieniu sobie, \u017ce \u201ewszystko jest po\u0142\u0105czone\u201d.<\/p>\r\n<p>Prof. Tim Ball, klimatolog uwa\u017ca, \u017ce Protok\u00f3\u0142 Montrealski pos\u0142u\u017cy\u0142 za wz\u00f3r do tego, by obarczy\u0107 cz\u0142owieka odpowiedzialno\u015bci\u0105 za zmiany, na kt\u00f3re nie ma wp\u0142ywu i narazi\u0107 ludzko\u015b\u0107 na niepotrzebne koszty. \u201eDomniemane niszczenie ozonu przez chlorofluorow\u0119glowodory produkowane przez cz\u0142owieka (CFC) by\u0142o testem dla oszustwa, \u017ce \u201d\u2039\u201d\u2039ludzki CO2 powoduje globalne ocieplenie. Klimatolog uwa\u017ca, \u017ce ludzi bezpodstawnie &#8211; bez dowod\u00f3w &#8211; obwiniono za niszczenie ozonu, ignoruj\u0105c naturalne procesy. &nbsp;W 2014 r. pisa\u0142 przy okazji szczytu klimatycznego w Nowym Jorku, \u017ce \u015awiatowa Organizacja Meteorologiczna (WMO) prowadzi\u0142a kampani\u0119 z wykorzystaniem telewizyjnych prezenter\u00f3w pogody i krajowych nadawc\u00f3w z ca\u0142ego \u015bwiata, aby wp\u0142yn\u0105\u0107 na wyniki szczytu. Jak m\u00f3wi\u0142 w\u00f3wczas sekretarz generalny WMO Michel Jarroud: \u201eOdmalowano przekonuj\u0105cy obraz tego, jak mog\u0142oby wygl\u0105da\u0107 \u017cycie na cieplejszej planecie\u201d.<\/p>\r\n<p>Prof. Ball wskazywa\u0142, \u017ce prognozy Mi\u0119dzyrz\u0105dowego Zespo\u0142u ds. Zmian Klimatu (IPCC) &#8211; za\u0142o\u017conego przez Maurce\u2019a Stronga, propagatora \u201ezr\u00f3wnowa\u017conego rozwoju,\u201d samouka i szefa wielkich korporacji naftowych, nale\u017c\u0105cych m.in. do Rockefeller\u00f3w, Sekretarza Generalnego Szczytu w Rio &#8211; na kt\u00f3rych opiera\u0142y si\u0119 filmy WMO, zawsze by\u0142y b\u0142\u0119dne. \u201eJe\u015bli prognoza jest b\u0142\u0119dna, nauka te\u017c jest b\u0142\u0119dna\u201d &#8211; komentowa\u0142. Tu\u017c przed spotkaniem w 2014 r. ONZ og\u0142osi\u0142o, \u017ce warstwa ozonowa si\u0119 odradza i wskazano, \u017ce to \u201esukces zakazu produkcji gaz\u00f3w z 1987 r., kt\u00f3re uszkadza\u0142y delikatny ekran wysoko\u015bciowy, co pomog\u0142o zapobiec milionom przypadk\u00f3w raka sk\u00f3ry i innych chor\u00f3b\u201d.<\/p>\r\n<p>Klimatolog uwa\u017ca, \u017ce kwesti\u0119 warstwy ozonowej wykorzystano jako szablon do dzia\u0142ania przeciwko emisji dwutlenku w\u0119gla. Prof. Ball nie waha si\u0119 u\u017cy\u0107 okre\u015blenia, \u017ce Protok\u00f3\u0142 Montrealski by\u0142 testem dla \u201eoszustwa\u201d, i\u017c \u201d\u2039\u201d\u2039ludzki CO2 powoduje globalne ocieplenie. Wyja\u015bnia on, \u017ce stworzono sztuczny problem domniemanej \u201edziury ozonowej\u201d, gdy tymczasem r\u00f3\u017cnice w warstwie ozonu s\u0105 ca\u0142kowicie naturalne. \u201eG\u0142\u00f3wn\u0105 zasad\u0105 paradygmatu \u015brodowiskowego jest to, \u017ce prawie wszystkie zmiany s\u0105 spowodowane dzia\u0142alno\u015bci\u0105 cz\u0142owieka. Po ustaleniu zmiany, zaczyna si\u0119 poszukiwanie ludzkiej przyczyny, zwykle ignoruj\u0105c naturaln\u0105 zmienno\u015b\u0107\u201d &#8211; zauwa\u017cy\u0142.<\/p>\r\n<p>Brytyjski zesp\u00f3\u0142 badawczy ustali\u0142 na pocz\u0105tku lat 80., \u017ce poziomy ozonu by\u0142y ni\u017csze ni\u017c w 1957 r. Szum medialny i sztucznie wywo\u0142ana panika sugerowa\u0142y, \u017ce to nie jest normalne. Po uznaniu tego zjawiska za nienaturalne rozpocz\u0119to poszukiwanie ludzkiej przyczyny. Wykorzystano eksperymenty laboratoryjne przeprowadzone przez Sherwooda i Molin\u0119 w 1974 roku, kt\u00f3re wykaza\u0142y, i\u017c chlor jest aktywnym sk\u0142adnikiem chlorofluorow\u0119glowodoru, niszcz\u0105cego ozon. Nie odtworzono jednak warunk\u00f3w temperaturowych i ci\u015bnieniowych w warstwie ozonowej na oko\u0142o 20 km nad Antarktyd\u0105. Wytworzono warunki statyczne, gdy tymczasem g\u0142\u00f3wnym naturalnym mechanizmem powoduj\u0105cym zmiany warto\u015bci ozonu nad Antarktyd\u0105 jest intensywny uk\u0142ad cyrkulacji atmosferycznej zwi\u0105zany z wirem polarnym. Ich praca sta\u0142a si\u0119 jednak fundamentalna dla hipotezy, \u017ce cz\u0142owiek wskutek u\u017cywania np. freonu niszczy warstw\u0119 ozonow\u0105.<\/p>\r\n<p>Prof. Richard Lindzen komentowa\u0142, \u017ce \u201ekonsensus\u201d w tej kwestii zosta\u0142 osi\u0105gni\u0119ty jeszcze przed rozpocz\u0119ciem bada\u0144. Ball zauwa\u017ca, \u017ce w warstwie ozonowej nie ma dziur. Nie by\u0142o \u017cadnej dziury, gdy sta\u0142o si\u0119 to kwesti\u0105 polityczn\u0105 w latach 90. i nie ma \u017cadnej dziury dzisiaj. To nie tylko semantyka, ale wa\u017cny fakt odnosz\u0105cy si\u0119 do \u015bcis\u0142o\u015bci naukowej, opinii publicznej i reakcji politycznej. Poziomy ozonu r\u00f3\u017cni\u0105 si\u0119 znacznie w r\u00f3\u017cnych regionach, na r\u00f3\u017cnych wysoko\u015bciach i w czasie. Tak zwana \u201edziura ozonowa\u201d to obszar w warstwie ozonowej og\u00f3lnie po\u0142o\u017cony nad Antarktyd\u0105, chocia\u017c przemieszcza si\u0119 wraz z wirem polarnym. Poziom ozonu jest najni\u017cszy podczas zimy na p\u00f3\u0142kuli po\u0142udniowej, kiedy to st\u0119\u017cenie tej substancji wynosi oko\u0142o 1\/3 \u015bredniej globalnej. Jest to obszar przerzedzania z przyczyn naturalnych\u201d.<\/p>\r\n<p>\u201eHipotezy s\u0105 tak samo wa\u017cne, jak za\u0142o\u017cenia, na kt\u00f3rych s\u0105 oparte. Podstawowym za\u0142o\u017ceniem hipotezy ozonowej jest to, \u017ce \u015bwiat\u0142o s\u0142oneczne jest sta\u0142e, w tym cz\u0119\u015b\u0107 widma w ultrafiolecie. To za\u0142o\u017cenie zmusza ci\u0119 do innego za\u0142o\u017cenia, \u017ce \u201d\u2039\u201d\u2039wszelkie zmiany poziom\u00f3w ozonu nie s\u0105 spowodowane zmianami s\u0142onecznymi. Wiemy teraz, \u017ce pierwotne za\u0142o\u017cenie sta\u0142ego \u015bwiat\u0142a s\u0142onecznego, a zatem sta\u0142ego promieniowania ultrafioletowego, jest nieprawid\u0142owe\u201d.<\/p>\r\n<p>\u201eChocia\u017c promieniowanie s\u0142oneczne UV stanowi znacznie mniejsz\u0105 cz\u0119\u015b\u0107 TSI ni\u017c promieniowanie podczerwone lub widzialne, promieniowanie s\u0142oneczne UV zwykle zmienia si\u0119 znacznie bardziej dramatycznie w trakcie cykli s\u0142onecznych\u201d. \u201eKiedy cz\u0105stki \u015bwiat\u0142a ultrafioletowego (UV) uderzaj\u0105 w wolny tlen atmosferyczny, rozk\u0142adaj\u0105 one cz\u0105steczki tlenu (O2) na pojedyncze cz\u0105stki (O). Szybko \u0142\u0105cz\u0105 si\u0119 w tr\u00f3jki, tworz\u0105c ozon (O3). Ca\u0142y proces nazywa si\u0119 foto-dysocjacj\u0105. Proces ten zachodzi od 20 do 40 km nad powierzchni\u0105 w warstwie ozonowej. System sam si\u0119 koryguje, poniewa\u017c im wi\u0119cej ultrafioletu wnika g\u0142\u0119biej w atmosfer\u0119, tym wi\u0119cej wolnego tlenu (O2). Na 15 km nad powierzchni\u0105 ziemi ponad 95 proc. promieniowania UV zostaje zu\u017cyte na wytwarzanie ozonu\u201d.<\/p>\r\n<p>Prof. Ball wyja\u015bni\u0142, \u017ce g\u0142\u00f3wn\u0105 przyczyn\u0105 zmian wielko\u015bci i zasi\u0119gu warstwy ozonowej nad Antarktyd\u0105 s\u0105 intensywne wiatry i cyrkulacje zwi\u0105zane z rozleg\u0142\u0105 stref\u0105 wysokiego ci\u015bnienia (wir polarny). Drugim czynnikiem s\u0105 polarne chmury stratosferyczne (PSC), kt\u00f3re powstaj\u0105, gdy gazy, w tym para wodna ulegaj\u0105 sublimacji (tworz\u0105 si\u0119 kryszta\u0142y) z powodu bardzo niskich temperatur (-70 \u00b0 C i ni\u017cszych) i ci\u015bnie\u0144 na biegunie po\u0142udniowym.<\/p>\r\n<p>W przypadku domniemanej \u201edziury ozonowej\u201d ustanowiono ca\u0142y mi\u0119dzynarodowy aparat biurokratyczny do kontroli rzekomo szkodliwych substancji, uchwalono prawa i okre\u015blono kary dla ka\u017cdego, kto ich u\u017cywa. Agencja Ochrony \u015arodowiska (EPA) i inne agendy krajowe powielaj\u0105 ten mechanizm w przypadku dwutlenku w\u0119gla, uznaj\u0105c go za substancj\u0119 zanieczyszczaj\u0105c\u0105 i toksyczn\u0105.<\/p>\r\n<p>Atak na fluor podwa\u017cy\u0142 technologie, kt\u00f3re podobnie jak paliwa kopalne, znacznie poprawi\u0142y jako\u015b\u0107 \u017cycia. Ch\u0142odzenie rozwi\u0105za\u0142o powa\u017cny problem psucia si\u0119 \u017cywno\u015bci. Szacuje si\u0119, \u017ce w krajach rozwijaj\u0105cych si\u0119 60 proc. wyprodukowanej \u017cywno\u015bci nie trafia na st\u00f3\u0142 z powodu niew\u0142a\u015bciwego przechowywania. Dla&nbsp; por\u00f3wnaniu w krajach rozwini\u0119tych &nbsp;jest to 30 proc.<\/p>\r\n<p>\u0179r\u00f3d\u0142o: press.vatican.va, lewrockwell.com<\/p>\r\n<p>AS<\/p>","protected":false},"excerpt":{"rendered":"Dziesi\u0119ciolecia owocnej wsp\u00f3\u0142pracy mi\u0119dzynarodowej w zakresie ochrony ziemskiej warstwy ozonowej stanowi\u0105 wa\u017cn\u0105 lekcj\u0119 dla potrzebnej dzi\u015b wsp\u00f3\u0142pracy w kwestii zwalczania \u201eglobalnego ocieplenia\u201d &#8211; wskaza\u0142 papie\u017c Franciszek w specjalnym o\u015bwiadczeniu skierowanym do uczestnik\u00f3w konferencji Protoko\u0142u Montrealskiego. &nbsp; Przes\u0142anie papie\u017ca adresowane by\u0142o do os\u00f3b uczestnicz\u0105cych w spotkaniu pa\u0144stw-stron Protoko\u0142u Montrealskiego w sprawie substancji zubo\u017caj\u0105cych warstw\u0119 ozonow\u0105. Protok\u00f3\u0142 [&hellip;]","protected":false},"author":1,"featured_media":0,"comment_status":"closed","ping_status":"closed","sticky":false,"template":"","format":"standard","meta":{"_acf_changed":false,"_monsterinsights_skip_tracking":false,"_monsterinsights_sitenote_active":false,"_monsterinsights_sitenote_note":"","_monsterinsights_sitenote_category":0,"ngg_post_thumbnail":0,"footnotes":"","_wp_rev_ctl_limit":""},"categories":[3],"tags":[414,301,93,116,20,33],"acf":[],"_links":{"self":[{"href":"https:\/\/www.bibula.com\/index.php?rest_route=\/wp\/v2\/posts\/110581"}],"collection":[{"href":"https:\/\/www.bibula.com\/index.php?rest_route=\/wp\/v2\/posts"}],"about":[{"href":"https:\/\/www.bibula.com\/index.php?rest_route=\/wp\/v2\/types\/post"}],"author":[{"embeddable":true,"href":"https:\/\/www.bibula.com\/index.php?rest_route=\/wp\/v2\/users\/1"}],"replies":[{"embeddable":true,"href":"https:\/\/www.bibula.com\/index.php?rest_route=%2Fwp%2Fv2%2Fcomments&post=110581"}],"version-history":[{"count":0,"href":"https:\/\/www.bibula.com\/index.php?rest_route=\/wp\/v2\/posts\/110581\/revisions"}],"wp:attachment":[{"href":"https:\/\/www.bibula.com\/index.php?rest_route=%2Fwp%2Fv2%2Fmedia&parent=110581"}],"wp:term":[{"taxonomy":"category","embeddable":true,"href":"https:\/\/www.bibula.com\/index.php?rest_route=%2Fwp%2Fv2%2Fcategories&post=110581"},{"taxonomy":"post_tag","embeddable":true,"href":"https:\/\/www.bibula.com\/index.php?rest_route=%2Fwp%2Fv2%2Ftags&post=110581"}],"curies":[{"name":"wp","href":"https:\/\/api.w.org\/{rel}","templated":true}]}}