{"id":110576,"date":"2019-11-08T10:12:23","date_gmt":"2019-11-08T15:12:23","guid":{"rendered":"http:\/\/www.bibula.com\/?p=110576"},"modified":"2019-11-08T10:12:23","modified_gmt":"2019-11-08T15:12:23","slug":"ikea-usunela-z-swiatecznej-kolekcji-nawiazania-do-chrzescijanstwa","status":"publish","type":"post","link":"https:\/\/www.bibula.com\/?p=110576","title":{"rendered":"IKEA usun\u0119\u0142a z \u015bwi\u0105tecznej kolekcji nawi\u0105zania do chrze\u015bcija\u0144stwa"},"content":{"rendered":"<p><strong>Nowa kampania marketingowa IKEA oburzy\u0142a Du\u0144czyk\u00f3w. Nie podoba im si\u0119 to, \u017ce pr\u00f3buj\u0105 oddzieli\u0107 \u015bwi\u0119ta od chrze\u015bcija\u0144stwa.<\/strong><\/p>\r\n<p>W katalogach szwedzkiego giganta bran\u017cy meblarskiej pojawi\u0142a si\u0119 ju\u017c nowa \u015bwi\u0105teczna kolekcja. Tym razem jednak w dotycz\u0105cych jej materia\u0142ach promocyjnych usuni\u0119to wszelkie nawi\u0105zania do ich chrze\u015bcija\u0144skiego charakteru. Na przyk\u0142ad zamiast okre\u015blenia \u201e\u015bwi\u0119ta Bo\u017cego Narodzenia\u201d u\u017cyto w nich neutralnego terminu \u201eImpreza zimowa\u201d (szw. Vinterfest) a choinka sta\u0142a si\u0119 \u201ero\u015blin\u0105 sztuczn\u0105 do wewn\u0105trz\u201d.<\/p>\r\n<p>Neutralna kampania reklamowa Ikei nie spodoba\u0142a si\u0119 Du\u0144czykom. <strong>\u201ePodczas gdy zdecydowana wi\u0119kszo\u015b\u0107 Du\u0144czyk\u00f3w nie mo\u017ce si\u0119 doczeka\u0107 \u015bwi\u0119towania tradycyjnych du\u0144skich \u015bwi\u0105t Bo\u017cego Narodzenia, Ikea zacz\u0119\u0142a urz\u0105dza\u0107 zimow\u0105 imprez\u0119\u201d<\/strong> &#8211; napisa\u0142 na swoim Facebooku lider Du\u0144skiej Partii Ludowej Peter Skaarup &#8211; <strong>\u201eBardzo kocham Szwecj\u0119 i Szwed\u00f3w, ale polityczna poprawno\u015b\u0107, kt\u00f3ra pochodzi od naszych s\u0105siednich kraj\u00f3w, zaczyna by\u0107 troch\u0119 m\u0119cz\u0105ca\u201d<\/strong>. W podobnym tonie wypowiedzia\u0142 si\u0119 r\u00f3wnie\u017c Per Willy Amundsen z Norweskiej Partii Post\u0119pu, kt\u00f3rego zdaniem dzia\u0142ania IKEA przybra\u0142y absurdalny rozmiar a sama firma powinna by\u0107 zbojkotowana.<\/p>\r\n<p>To nie jest pierwszy raz kiedy Ikea wpakowa\u0142a si\u0119 w k\u0142opoty ze wzgl\u0119du na polityczn\u0105 poprawno\u015b\u0107. W po\u0142owie br. Ordo Iuris poinformowa\u0142o, \u017ce polska IKEA zwolni\u0142a pracownika, kt\u00f3ry wyrazi\u0142 negatywn\u0105 opini\u0119 o tek\u015bcie promuj\u0105cym LGBT zamieszczonym na wewn\u0119trznym forum firmy. O sprawie tej zrobi\u0142o si\u0119 wtedy bardzo g\u0142o\u015bno i IKEA ponios\u0142a w Polsce spore straty wizerunkowe.<\/p>\r\n<p>IKEA nie jest jednak jedyn\u0105 firm\u0105, kt\u00f3ra wprawdzie chce wykorzysta\u0107 przed\u015bwi\u0105teczn\u0105 gor\u0105czk\u0119 zakupow\u0105, ale w imi\u0119 politycznej poprawno\u015bci zapomina o tym, sk\u0105d si\u0119 wzi\u0119\u0142a. Na przyk\u0142ad w 2014 roku sie\u0107 kawiarni Starbucks zrezygnowa\u0142a ze swoich \u015bwi\u0105tecznych kubk\u00f3w, na kt\u00f3rych i tak nie by\u0142o \u017cadnych symboli typowo religijnych, i zamieni\u0142a je na pozbawione jakichkolwiek dekoracji czerwone kubki. Afera, jaka po tym wybuch\u0142a, \u017cyje w USA do dzisiaj, a sama firma w tym roku postanowi\u0142a j\u0105 eskalowa\u0107 prezentuj\u0105c kubki, na kt\u00f3rych s\u0142owa \u201eweso\u0142ych \u015bwi\u0105t\u201d zast\u0105piono fraz\u0105 \u201eweso\u0142ej kawy\u201d.<\/p>\r\n<p>\u0179r\u00f3d\u0142o: Wirtualne MediaAutor: WM<\/p>","protected":false},"excerpt":{"rendered":"Nowa kampania marketingowa IKEA oburzy\u0142a Du\u0144czyk\u00f3w. Nie podoba im si\u0119 to, \u017ce pr\u00f3buj\u0105 oddzieli\u0107 \u015bwi\u0119ta od chrze\u015bcija\u0144stwa. W katalogach szwedzkiego giganta bran\u017cy meblarskiej pojawi\u0142a si\u0119 ju\u017c nowa \u015bwi\u0105teczna kolekcja. Tym razem jednak w dotycz\u0105cych jej materia\u0142ach promocyjnych usuni\u0119to wszelkie nawi\u0105zania do ich chrze\u015bcija\u0144skiego charakteru. Na przyk\u0142ad zamiast okre\u015blenia \u201e\u015bwi\u0119ta Bo\u017cego Narodzenia\u201d u\u017cyto w nich neutralnego [&hellip;]","protected":false},"author":1,"featured_media":0,"comment_status":"closed","ping_status":"closed","sticky":false,"template":"","format":"standard","meta":{"_acf_changed":false,"_monsterinsights_skip_tracking":false,"ngg_post_thumbnail":0,"footnotes":"","_wp_rev_ctl_limit":""},"categories":[6],"tags":[100,15,20,205],"acf":[],"_links":{"self":[{"href":"https:\/\/www.bibula.com\/index.php?rest_route=\/wp\/v2\/posts\/110576"}],"collection":[{"href":"https:\/\/www.bibula.com\/index.php?rest_route=\/wp\/v2\/posts"}],"about":[{"href":"https:\/\/www.bibula.com\/index.php?rest_route=\/wp\/v2\/types\/post"}],"author":[{"embeddable":true,"href":"https:\/\/www.bibula.com\/index.php?rest_route=\/wp\/v2\/users\/1"}],"replies":[{"embeddable":true,"href":"https:\/\/www.bibula.com\/index.php?rest_route=%2Fwp%2Fv2%2Fcomments&post=110576"}],"version-history":[{"count":0,"href":"https:\/\/www.bibula.com\/index.php?rest_route=\/wp\/v2\/posts\/110576\/revisions"}],"wp:attachment":[{"href":"https:\/\/www.bibula.com\/index.php?rest_route=%2Fwp%2Fv2%2Fmedia&parent=110576"}],"wp:term":[{"taxonomy":"category","embeddable":true,"href":"https:\/\/www.bibula.com\/index.php?rest_route=%2Fwp%2Fv2%2Fcategories&post=110576"},{"taxonomy":"post_tag","embeddable":true,"href":"https:\/\/www.bibula.com\/index.php?rest_route=%2Fwp%2Fv2%2Ftags&post=110576"}],"curies":[{"name":"wp","href":"https:\/\/api.w.org\/{rel}","templated":true}]}}