{"id":110556,"date":"2019-11-07T11:42:03","date_gmt":"2019-11-07T16:42:03","guid":{"rendered":"http:\/\/www.bibula.com\/?p=110556"},"modified":"2019-11-17T21:00:50","modified_gmt":"2019-11-18T02:00:50","slug":"czy-marsz-niepodleglosci-nie-jest-wart-mszy-tomasz-rowinski","status":"publish","type":"post","link":"https:\/\/www.bibula.com\/?p=110556","title":{"rendered":"Czy Marsz Niepodleg\u0142o\u015bci nie jest wart Mszy? &#8211; <em>Tomasz Rowi\u0144ski<\/em>"},"content":{"rendered":"<p><strong>Na profilu facebookowym dziennikarza Katolickiej Agencji Informacyjnej, Dawida Gospodarka,&nbsp;<a href=\"https:\/\/www.facebook.com\/dawid.gospodarek\/posts\/2486182631436254\" target=\"_blank\" rel=\"noopener noreferrer\"><span style=\"text-decoration: underline;\">przeczyta\u0142em<\/span><\/a>, \u017ce Msza poprzedzaj\u0105c\u0105 tegoroczny Marsz Niepodleg\u0142o\u015bci odb\u0119dzie si\u0119 w kaplicy Bractwa Kap\u0142a\u0144skiego \u015bw. Piusa X, czyli u lefebryst\u00f3w. Informacj\u0119 t\u0119 Gospodarek opatrzy\u0142 komentarzem:<\/strong><\/p>\r\n<p style=\"padding-left: 40px;\">Jeszcze wczoraj na stronie Marszu Niepodleg\u0142o\u015bci widnia\u0142a fa\u0142szywa informacja o tym, \u017ce Msz\u0119 w nfrr [nadzwyczajnej formie rytu rzymskiego &#8211; przyp. TR] organizuj\u0105 w ko\u015bciele Zbawiciela. Teraz ju\u017c oficjalnie zapraszaj\u0105 do ko\u015bcio\u0142a Bractwa \u015bw. Piusa X (o wci\u0105\u017c nieuregulowanej sytuacji kanonicznej).<\/p>\r\n<p>Na to szybko pojawi\u0142 si\u0119 jednoznaczny komentarz jednego z facebookowicz\u00f3w:<\/p>\r\n<p style=\"padding-left: 40px;\">Dla ka\u017cdego szanuj\u0105cego si\u0119 katolika ta informacja powinna ca\u0142kowicie dyskwalifikowa\u0107 to wydarzenie (Mn)<\/p>\r\n<p>Jako\u015b mnie ta reakcja nie dziwi, w\u0142a\u015bciwie takiej w\u0142a\u015bnie reakcji mo\u017cna si\u0119 by\u0142o spodziewa\u0107 po &#8211; jakby na to nie patrze\u0107 &#8211; politycznej decyzji Ko\u015bcio\u0142a w Warszawie by nie obj\u0105\u0107 Marszu Niepodleg\u0142o\u015bci opiek\u0105 duszpastersk\u0105. Nawet rozumiem reakcj\u0119 tego komentuj\u0105cego internauty. Zreszt\u0105 &#8222;opieka duszpasterska\u201d to za du\u017co powiedziane, chodzi tylko o odprawienie Mszy. Nie znam kulis\u00f3w tej sytuacji, ale niezale\u017cnie od tego co si\u0119 w nich dzia\u0142o ich widzialne konsekwencje s\u0105 jasne. Najwi\u0119ksze masowe patriotyczne wydarzenie w Polsce pozostaje na marginesie zainteresowania Ko\u015bcio\u0142a warszawskiego. O tym, \u017ce Ko\u015bci\u00f3\u0142 w Polsce na r\u00f3\u017cne sposoby (nie wsz\u0119dzie i nie we wszystkich zakresach rzecz jasna) wycofuje si\u0119 ze spraw patriotycznych i narodowych zamykaj\u0105c si\u0119 w kr\u0119gu prywatnej pobo\u017cno\u015bci i politycznego konformizmu pisa\u0142em w swojej ksi\u0105\u017cce <em>Kr\u00f3lestwo nie z tego \u015bwiata. o zasadach Polski katolickiej na podstawie wydarze\u0144 nowszych i dawniejszych<\/em> (Krak\u00f3w\/Tyniec, 2019). Kto ma ochot\u0119, mo\u017ce zajrze\u0107.<\/p>\r\n<p><span class=\"pullquote\"><!-- ...Ko\u015bci\u00f3\u0142 w Polsce ... odseparowuje si\u0119 od wcale niema\u0142ej nastawionej patriotycznie cz\u0119\u015bci spo\u0142ecze\u0144stwa... --><\/span><\/p>\r\n<p>Jednego na pewno szkoda. Tego mianowicie, \u017ce Ko\u015bci\u00f3\u0142 w Polsce, powo\u0142uj\u0105c si\u0119 na &#8222;uregulowan\u0105 sytuacj\u0105 kanoniczn\u0105\u201d, odseparowuje si\u0119 od wcale niema\u0142ej nastawionej patriotycznie cz\u0119\u015bci spo\u0142ecze\u0144stwa. Czym zas\u0142uguj\u0105 sobie oni na takie traktowanie? Przywi\u0105zaniem do Maryi i r\u00f3\u017ca\u0144ca? Czy Ci ludzie s\u0105 jako\u015b wykluczeni z Ko\u015bcio\u0142a? Czy s\u0105 wierz\u0105cymi drugiej kategorii? Nie jestem zwi\u0105zany z MN, nie bywam na tym wydarzeniu, ale uwa\u017cam t\u0119 sytuacj\u0119 za skandaliczn\u0105. Warte odnotowanie jest, \u017ce o Mszy i Marszu informuje Radio Maryja i wydaje si\u0119 to zaskakuj\u0105cym g\u0142osem rozs\u0105dku w tej sytuacji.<\/p>\r\n<p>Oznaczy\u0142em te\u017c przy tych pytaniach profil Archidiecezji Warszawskiej. Wniosek, jaki si\u0119 nasuwa w zaistnia\u0142ej sytuacji jest taki, \u017ce to Bractwo \u015bw. Piusa X, a wi\u0119c zgromadzenie o nieuregulowanej sytuacji kanonicznej, ale jednak w r\u00f3\u017cnoraki spos\u00f3b uznawane dzi\u015b przez Papie\u017ca (np. poprzez stwierdzenie, \u017ce sprawowany przez tych kap\u0142an\u00f3w sakrament pokuty jest wa\u017cny i godny, czemu Papie\u017c da\u0142 wyraz w li\u015bcie na Rok Mi\u0142osierdzia), jest w Ko\u015bciele warszawskim prawdziwym szpitalem polowym dla grzesznik\u00f3w. Jest tym oddzia\u0142em \u017co\u0142nierzy Chrystusa poruszonych ewangelicznym wezwaniem Papie\u017ca by wyj\u015b\u0107 na peryferia.&nbsp;<\/p>\r\n<p>Mo\u017cna by zapyta\u0107, kto w tej sytuacji&nbsp;okazuje si\u0119 zamkni\u0119t\u0105 twierdz\u0105. Odpowiem te\u017c od razu, jakie b\u0119d\u0105 dalekosi\u0119\u017cne konsekwencje takiej polityki ko\u015bcielnej (bo trudno to nazwa\u0107 ewangelizacj\u0105). <span class=\"pullquote\">Oby si\u0119 Ko\u015bci\u00f3\u0142 warszawski nie zdziwi\u0142, \u017ce patriotyzm za jaki\u015b czas po\u017cegna si\u0119 z katolick\u0105 religijno\u015bci\u0105, je\u015bli b\u0119dzie dalej marginalizowany<\/span>. I&nbsp;w\u00f3wczas zacznie si\u0119 pewnie za\u0142amywanie r\u0105k nad dechrystianizacj\u0105, profanacjami itd. W dzisiejszych czasach od patriotyzmu laickiego czy poga\u0144skiego ka\u017cdego z nas dzieli tylko krok. Czy takiej politycznej wygody uczy Papie\u017c Franciszek?<\/p>\r\n<p>Nie b\u00f3j si\u0119 Ko\u015bciele, r\u0119ka zaci\u015bni\u0119ta na r\u00f3\u017ca\u0144cu nie b\u0119dzie mog\u0142a rzuca\u0107 kamieniami ani koktajlami Mo\u0142otowa. Wydaje si\u0119 zreszt\u0105, \u017ce s\u0142owa Prymasa abp Wojciecha Polaka zach\u0119caj\u0105 do tego by nie patrze\u0107 na spraw\u0119 przez pryzmat politykierstwa, ale ewangelizacji i prawdziwej troski o dusze. W wywiadzie dla <a href=\"https:\/\/www.przewodnik-katolicki.pl\/Archiwum\/2019\/Przewodnik-Katolicki-45-2019\/Wiara-i-Kosciol\/Nauczylismy-sie-mowic-kliszami-ale-to-za-malo\" target=\"_blank\" rel=\"noopener noreferrer\">&#8222;Przewodnika Katolickiego\u201d<\/a> czytamy w odpowiedzi na pytanie o brak pot\u0119piaj\u0105cej reakcji biskup\u00f3w na plakat tegorocznego Marszu Niepodleg\u0142o\u015bci, kt\u00f3ry przedstawia r\u00f3\u017caniec w zaci\u015bni\u0119tej pi\u0119\u015bci (pisa\u0142em o tym w tek\u015bcie <a href=\"http:\/\/christianitas.org\/news\/zolnierz-chrystusa-sciska-rozaniec\/\">&#8222;\u0179o\u0142nierz Chrystusa \u015bciska r\u00f3\u017caniec\u201d<\/a>):&nbsp;<\/p>\r\n<p style=\"padding-left: 40px;\">Prawdziwa rola Ko\u015bcio\u0142a jest jednak inna i nie polega na pisaniu o\u015bwiadcze\u0144. Ko\u015bci\u00f3\u0142 ma wychowywa\u0107 i ewangelizowa\u0107. By\u0107 mo\u017ce najwi\u0119kszym dzi\u015b przejawem kryzysu Ko\u015bcio\u0142a i nasz\u0105 s\u0142abo\u015bci\u0105 jest to, \u017ce nie potrafimy w tym wzgl\u0119dzie ewangelizowa\u0107. Je\u015bli widz\u0119 takie owoce, je\u015bli widz\u0119, \u017ce ludzie wykorzystuj\u0105 elementy religijne w kontek\u015bcie przemocy, to wiem, \u017ce jako Ko\u015bci\u00f3\u0142 zawiedli\u015bmy, \u017ce nie dotarli\u015bmy do nich z Ewangeli\u0105. Gdyby\u015bmy byli skuteczni, gdyby ten lud mia\u0142 serce przemienione spotkaniem z Jezusem, nie reagowa\u0142by w ten spos\u00f3b.<\/p>\r\n<p><em><strong>Tomasz Rowi\u0144ski<\/strong><\/em><\/p>","protected":false},"excerpt":{"rendered":"Na profilu facebookowym dziennikarza Katolickiej Agencji Informacyjnej, Dawida Gospodarka,&nbsp;przeczyta\u0142em, \u017ce Msza poprzedzaj\u0105c\u0105 tegoroczny Marsz Niepodleg\u0142o\u015bci odb\u0119dzie si\u0119 w kaplicy Bractwa Kap\u0142a\u0144skiego \u015bw. Piusa X, czyli u lefebryst\u00f3w. Informacj\u0119 t\u0119 Gospodarek opatrzy\u0142 komentarzem: Jeszcze wczoraj na stronie Marszu Niepodleg\u0142o\u015bci widnia\u0142a fa\u0142szywa informacja o tym, \u017ce Msz\u0119 w nfrr [nadzwyczajnej formie rytu rzymskiego &#8211; przyp. TR] organizuj\u0105 [&hellip;]","protected":false},"author":1,"featured_media":0,"comment_status":"closed","ping_status":"closed","sticky":false,"template":"","format":"standard","meta":{"_acf_changed":false,"_monsterinsights_skip_tracking":false,"_monsterinsights_sitenote_active":false,"_monsterinsights_sitenote_note":"","_monsterinsights_sitenote_category":0,"ngg_post_thumbnail":0,"footnotes":"","_wp_rev_ctl_limit":""},"categories":[9],"tags":[32,98,33],"acf":[],"_links":{"self":[{"href":"https:\/\/www.bibula.com\/index.php?rest_route=\/wp\/v2\/posts\/110556"}],"collection":[{"href":"https:\/\/www.bibula.com\/index.php?rest_route=\/wp\/v2\/posts"}],"about":[{"href":"https:\/\/www.bibula.com\/index.php?rest_route=\/wp\/v2\/types\/post"}],"author":[{"embeddable":true,"href":"https:\/\/www.bibula.com\/index.php?rest_route=\/wp\/v2\/users\/1"}],"replies":[{"embeddable":true,"href":"https:\/\/www.bibula.com\/index.php?rest_route=%2Fwp%2Fv2%2Fcomments&post=110556"}],"version-history":[{"count":0,"href":"https:\/\/www.bibula.com\/index.php?rest_route=\/wp\/v2\/posts\/110556\/revisions"}],"wp:attachment":[{"href":"https:\/\/www.bibula.com\/index.php?rest_route=%2Fwp%2Fv2%2Fmedia&parent=110556"}],"wp:term":[{"taxonomy":"category","embeddable":true,"href":"https:\/\/www.bibula.com\/index.php?rest_route=%2Fwp%2Fv2%2Fcategories&post=110556"},{"taxonomy":"post_tag","embeddable":true,"href":"https:\/\/www.bibula.com\/index.php?rest_route=%2Fwp%2Fv2%2Ftags&post=110556"}],"curies":[{"name":"wp","href":"https:\/\/api.w.org\/{rel}","templated":true}]}}