{"id":110537,"date":"2019-11-05T10:46:48","date_gmt":"2019-11-05T15:46:48","guid":{"rendered":"http:\/\/www.bibula.com\/?p=110537"},"modified":"2019-11-05T10:46:48","modified_gmt":"2019-11-05T15:46:48","slug":"niemcy-homoseksualny-minister-chce-zakazac-terapii-reparatywnych","status":"publish","type":"post","link":"https:\/\/www.bibula.com\/?p=110537","title":{"rendered":"Niemcy: homoseksualny minister chce zakaza\u0107 terapii reparatywnych"},"content":{"rendered":"<p><strong>&#8211; <em>Te rzekome terapie powoduj\u0105 choroby zamiast dawa\u0107 zdrowie<\/em> &#8211; m\u00f3wi niemiecki minister zdrowia o leczeniu homoseksualizmu. Polityk, sam \u017cyj\u0105cy w jednop\u0142ciowym zwi\u0105zku, chce zakaza\u0107 wykorzeniania sk\u0142onno\u015bci homoseksualnych.<\/strong><\/p>\r\n<p>Minister zdrowia Jens Spahn, polityk nominalnie chadeckiej CDU, skonkretyzowa\u0142 swoje od dawna zg\u0142aszane plany zakazu terapii leczenia homoseksualizmu. Zapowiedzia\u0142, \u017ce zasadniczo niemo\u017cliwe b\u0119dzie ich stosowanie wobec os\u00f3b poni\u017cej 18. roku \u017cycia; zakaz nie b\u0119dzie mie\u0107 zastosowania wobec os\u00f3b od 16. roku \u017cycia, o ile tylko \u201eprzedstawi\u0105 dow\u00f3d\u201d, \u017ce rozumiej\u0105 na czym taka terapia polega i jakie niesie ze sob\u0105 konsekwencje.<\/p>\r\n<p>Osoby doros\u0142e i \u015bwiadome charakteru leczenia mog\u0142yby poddawa\u0107 si\u0119 terapiom, ale te by\u0142yby ustawowo ograniczone wzgl\u0119dem obecnie stosowanego wachlarza zabieg\u00f3w.<\/p>\r\n<p>Z\u0142amanie nowego prawa by\u0142oby zagro\u017cone kar\u0105 pozbawienia wolno\u015bci do jednego roku lub na\u0142o\u017ceniem wysokiej grzywny.<\/p>\r\n<p>Wed\u0142ug Spahna terapii reparatywnych nale\u017cy zakaza\u0107 na ile to tylko jest mo\u017cliwe. &#8211; <em>Ich przeprowadzanie jest cz\u0119sto zwi\u0105zane z powa\u017cnym fizycznych i psychicznym cierpieniem<\/em> &#8211; stwierdzi\u0142. &#8211; <em>Te rzekome terapie nie uzdrawiaj\u0105, ale czyni\u0105 chorym<\/em> &#8211; doda\u0142 homoseksualny minister.<\/p>\r\n<p>Jak powiedzia\u0142, nowe prawo ma mie\u0107 te\u017c funkcj\u0119\u2026 wychowawcz\u0105. &#8211;<em> Zakaz to tak\u017ce wa\u017cny spo\u0142eczny znak do wszystkich, kt\u00f3rzy zmagaj\u0105 si\u0119 ze swoim homoseksualizmem: jest okej, taki jaki jeste\u015b<\/em> &#8211; uzna\u0142 polityk.<\/p>\r\n<p>Spahn chce te\u017c zakaza\u0107 reklamowania takich terapii. Ma to dotyczy\u0107 tak\u017ce pos\u0142ugi duszpasterskiej oraz pracy psychoterapeut\u00f3w. &#8211; <em>Zakaz obowi\u0105zuje w\u00f3wczas, gdy rozm\u00f3wca pr\u00f3buje wywrze\u0107 niedopuszczalny nacisk na orientacj\u0119 seksualn\u0105 lub odczuwan\u0105 przez dan\u0105 osob\u0119 to\u017csamo\u015b\u0107 p\u0142ciow\u0105<\/em> &#8211; poda\u0142o ministerstwo zdrowia.<\/p>\r\n<p>W ubieg\u0142ym roku ten sam rz\u0105d kanclerz Angeli Merkel poluzowa\u0142 zasady informowania przez lekarzy i kliniku o przeprowadzaniu \u201ezabiegu\u201d zabijania dzieci nienarodzonych.<\/p>\r\n<p>Pach<\/p>\r\n<p>\u0179r\u00f3d\u0142a: Spiegel.de, pch24.pl<\/p>\r\n<blockquote>\r\n<p>[<strong>Wybrane wypowiedzi internaut\u00f3w pod w\/w tekstem na stronie \u017ar\u00f3d\u0142owej:<\/strong>]<\/p>\r\n<p>A mo\u017ce od razu wprowad\u017amy zakaz dla ca\u0142ej medycyny? Przecie\u017c przyjmowanie lek\u00f3w, poddawanie si\u0119 operacjom i np. chodzenie na psychoterapi\u0119 &#8222;jest cz\u0119sto zwi\u0105zane z powa\u017cnym fizycznych i psychicznym cierpieniem&#8221;! Niech si\u0119 nikt na nic nie leczy, a pieni\u0105dze przeznaczajmy na pomalowanie ca\u0142ego \u015bwiata na kolory sze\u015bciobarwnej t\u0119czy.<br>\r\n<em>Czytelniczka<\/em><br>\r\n<br>\r\nproponuj\u0119 r\u00f3wnie\u017c odej\u015b\u0107 od leczenia onkologicznego, i tak wi\u0119kszo\u015b\u0107 ludzi umiera.<br>\r\n<em>Rocky<\/em><br>\r\n<br>\r\nCzyli kr\u00f3tko: nie mo\u017cna leczy\u0107 pederast\u00f3w z choroby poni\u017cej 18 roku \u017cycia. Ale zmieniac p\u0142ec mozna juz od 7 roku zycia.<br>\r\n<em>Hanys<\/em><br>\r\n<br>\r\nJe\u015bli masz zapalenie p\u0142uc, to si\u0119 nie lecz &#8211; uznaj, \u017ce po prostu taki jeste\u015b, \u017ce masz taki gender. Inni te\u017c powinni to zaakceptowa\u0107, zamiast zwraca\u0107 ci niestosownie uwag\u0119, \u017ce ci\u0119\u017cko kaszlesz i masz gor\u0105czk\u0119.<br>\r\n<em>sp<\/em><br>\r\n<br>\r\nCzy zasada g\u0142oszona przez tego chorego cz\u0142owieka: &#8222;jest okej, taki jaki jeste\u015b&#8221; &#8211; dotyczy r\u00f3wnie\u017c innych zbocze\u0144? Czy zoofile, nekrofile, pedofile te\u017c s\u0105 okej?<br>\r\n<em>pytam<\/em><br>\r\n<br>\r\nCzy nar\u00f3d niemiecki jest przekl\u0119ty?<br>\r\n<em>Micha\u0142<\/em><\/p>\r\n<\/blockquote>","protected":false},"excerpt":{"rendered":"&#8211; Te rzekome terapie powoduj\u0105 choroby zamiast dawa\u0107 zdrowie &#8211; m\u00f3wi niemiecki minister zdrowia o leczeniu homoseksualizmu. Polityk, sam \u017cyj\u0105cy w jednop\u0142ciowym zwi\u0105zku, chce zakaza\u0107 wykorzeniania sk\u0142onno\u015bci homoseksualnych. Minister zdrowia Jens Spahn, polityk nominalnie chadeckiej CDU, skonkretyzowa\u0142 swoje od dawna zg\u0142aszane plany zakazu terapii leczenia homoseksualizmu. Zapowiedzia\u0142, \u017ce zasadniczo niemo\u017cliwe b\u0119dzie ich stosowanie wobec os\u00f3b [&hellip;]","protected":false},"author":1,"featured_media":0,"comment_status":"closed","ping_status":"closed","sticky":false,"template":"","format":"standard","meta":{"_acf_changed":false,"_monsterinsights_skip_tracking":false,"_monsterinsights_sitenote_active":false,"_monsterinsights_sitenote_note":"","_monsterinsights_sitenote_category":0,"ngg_post_thumbnail":0,"footnotes":"","_wp_rev_ctl_limit":""},"categories":[6],"tags":[16,166,105,26,20],"acf":[],"_links":{"self":[{"href":"https:\/\/www.bibula.com\/index.php?rest_route=\/wp\/v2\/posts\/110537"}],"collection":[{"href":"https:\/\/www.bibula.com\/index.php?rest_route=\/wp\/v2\/posts"}],"about":[{"href":"https:\/\/www.bibula.com\/index.php?rest_route=\/wp\/v2\/types\/post"}],"author":[{"embeddable":true,"href":"https:\/\/www.bibula.com\/index.php?rest_route=\/wp\/v2\/users\/1"}],"replies":[{"embeddable":true,"href":"https:\/\/www.bibula.com\/index.php?rest_route=%2Fwp%2Fv2%2Fcomments&post=110537"}],"version-history":[{"count":0,"href":"https:\/\/www.bibula.com\/index.php?rest_route=\/wp\/v2\/posts\/110537\/revisions"}],"wp:attachment":[{"href":"https:\/\/www.bibula.com\/index.php?rest_route=%2Fwp%2Fv2%2Fmedia&parent=110537"}],"wp:term":[{"taxonomy":"category","embeddable":true,"href":"https:\/\/www.bibula.com\/index.php?rest_route=%2Fwp%2Fv2%2Fcategories&post=110537"},{"taxonomy":"post_tag","embeddable":true,"href":"https:\/\/www.bibula.com\/index.php?rest_route=%2Fwp%2Fv2%2Ftags&post=110537"}],"curies":[{"name":"wp","href":"https:\/\/api.w.org\/{rel}","templated":true}]}}