{"id":110530,"date":"2019-11-05T10:26:03","date_gmt":"2019-11-05T15:26:03","guid":{"rendered":"http:\/\/www.bibula.com\/?p=110530"},"modified":"2019-11-05T10:26:39","modified_gmt":"2019-11-05T15:26:39","slug":"grzegorz-braun-chce-wyrzucic-z-polski-ambasadora-izraela-zakupienie-biletu-i-podroz-w-jedna-strone-do-izraela-byloby-dobrym-rozwiazaniem","status":"publish","type":"post","link":"https:\/\/www.bibula.com\/?p=110530","title":{"rendered":"Grzegorz Braun chce wyrzuci\u0107 z Polski ambasadora Izraela. \u201eZakupienie biletu i podr\u00f3\u017c w jedn\u0105 stron\u0119 do Izraela by\u0142oby dobrym rozwi\u0105zaniem&#8221;"},"content":{"rendered":"<p><strong>Re\u017cyser i pose\u0142 Konfederacji Grzegorz Braun udzieli\u0142 wywiadu \u201eSuper Expressowi\u201d, w kt\u00f3rym odni\u00f3s\u0142 si\u0119 m.in. do osoby ambasadora Izraela w Polsce, Alexandra Ben Zviego. &#8211; Zakupienie biletu i podr\u00f3\u017c w jedn\u0105 stron\u0119 do Izraela by\u0142oby dobrym rozwi\u0105zaniem. Niech wraca do miejsca, z kt\u00f3rego go diabli wzi\u0119li &#8211; powiedzia\u0142.<\/strong><\/p>\r\n<p>Tym samym Braun odni\u00f3s\u0142 si\u0119 do oskar\u017ce\u0144 ambasadora Izraela. Ben Zvi, gdy tylko przyjecha\u0142 sprawowa\u0107 urz\u0105d w Polsce, w pierwszych wywiadach od razu zaatakowa\u0142 Konfederacj\u0119 twierdz\u0105c, \u017ce jej cz\u0142onkowie s\u0105 antysemitami.<\/p>\r\n<p><span class=\"pullquote\"><!-- 'Niech wraca do miejsca, z kt\u00f3rego go diabli wzi\u0119li' --><\/span><\/p>\r\n<p>&#8211;<em> Jestem tak grubosk\u00f3rny, \u017ce nie zamierzam prze\u017cywa\u0107 stan\u00f3w emocjonalnych zwi\u0105zanych z tym, i\u017c znalaz\u0142 si\u0119 kolejny dezinformator szerz\u0105cy dezinformacj\u0119<\/em> &#8211; skomentowa\u0142 Braun.<\/p>\r\n<p>Pierwsze kroki podj\u0119te przez nowego ambasadora wskazuj\u0105, \u017ce b\u0119dzie on kontynuowa\u0142 polityk\u0119 swojej poprzedniczki. &#8211; <em>Nowy ambasador jest godnym nast\u0119pc\u0105 pani Azari. Bezczelne roszczenia \u017cydowskie s\u0105 artyku\u0142owane w okropny spos\u00f3b. Szabasowe kolacje u Johnnego Danielsa, kt\u00f3ry nawo\u0142ywa\u0142, aby w\u0142adza usun\u0119\u0142a mnie z \u017cycia publicznego. Ambasador Izraela nie rozumie jakie jest miejsce w szeregu go\u015bci<\/em> &#8211; powiedzia\u0142.<\/p>\r\n<p>Brauna zapytano, co zrobi\u0142by, gdyby to w jego r\u0119kach le\u017ca\u0142 los <a href=\"https:\/\/nczas.com\/2019\/11\/02\/czy-on-oszalal-ambasador-izraela-znowu-atakuje-konfederacje\/\">Ben Zviego<\/a>. &#8211; <em>Zakupienie biletu i podr\u00f3\u017c w jedn\u0105 stron\u0119 do Izraela by\u0142oby dobrym rozwi\u0105zaniem. Niech wraca do miejsca, z kt\u00f3rego go diabli wzi\u0119li<\/em> &#8211; odpowiedzia\u0142.<\/p>\r\n<p><strong>List do premiera<\/strong><\/p>\r\n<p>Pose\u0142 Konfederacji zdradzi\u0142 r\u00f3wnie\u017c, \u017ce napisa\u0142 list do premiera Mateusza Morawieckiego. &#8211; <em>Z zapytaniem, czy podziela smutek ambasadora Alexandra Ben Zviego, \u017ce Konfederacja zasiada w \u0142awach sejmowych. Moim zdaniem zachowanie ambasadora jest niezgodne z etykiet\u0105 dyplomatyczn\u0105<\/em> &#8211; powiedzia\u0142 Braun.<\/p>\r\n<p>&#8211; <em>Je\u017celi premier nie odpowie, to b\u0119d\u0119 ponawia\u0142 pytania w formie interpelacji poselskiej <\/em>&#8211; doda\u0142.<\/p>\r\n<p>Braun zosta\u0142 r\u00f3wnie\u017c zapytany, co <a href=\"https:\/\/nczas.com\/2019\/07\/15\/grzegorz-braun-wezwany-przez-prokurature-po-donosie-na-samego-siebie-sytuacja-jest-zbyt-powazna\/\">z donosem, kt\u00f3ry z\u0142o\u017cy\u0142 na\u2026 samego siebie<\/a>. Przypomnijmy, \u017ce wobec szeregu oskar\u017ce\u0144 o rzekom\u0105 rosyjsk\u0105 agenturalno\u015b\u0107, Braun z\u0142o\u017cy\u0142 zawiadomienie do prokuratury domagaj\u0105c si\u0119, by ta wszcz\u0119\u0142a rzetelne \u015bledztwo w tej sprawie.<\/p>\r\n<p>Chcia\u0142, by prokuratura zbada\u0142a, czy rzeczywi\u015bcie tym agentem jest. &#8211; <em>Oskar\u017cenie o prac\u0119 na rzecz innego mocarstwa jest pom\u00f3wieniem du\u017cego kalibru i w tej kwestii prokuratura nie mo\u017ce polega\u0107 jedynie na moich zeznaniach<\/em> &#8211; argumentowa\u0142.<span id=\"ezoic-pub-ad-placeholder-117\" class=\"ezoic-adpicker-ad\"><\/span><\/p>\r\n<p>Braun zosta\u0142 przes\u0142uchany w charakterze \u015bwiadka. &#8211; <em>Po kwartale dosta\u0142em zawiadomienie o odmowie wszcz\u0119cia dochodzenia w rzeczonej sprawie. Odmowa s\u0105du nie mia\u0142a odkrywczych dla mnie uzasadnie\u0144. Prokuratura nie dopatrzy\u0142a si\u0119 pope\u0142nienia przeze mnie jakichkolwiek przest\u0119pstw w temacie, o kt\u00f3rym rozmawiamy<\/em> &#8211; zdradzi\u0142.<span id=\"ezoic-pub-ad-placeholder-108\" class=\"ezoic-adpicker-ad\"><\/span><\/p>\r\n<p>\u0179r\u00f3d\u0142o: se.pl\/Nczas.com<\/p>","protected":false},"excerpt":{"rendered":"Re\u017cyser i pose\u0142 Konfederacji Grzegorz Braun udzieli\u0142 wywiadu \u201eSuper Expressowi\u201d, w kt\u00f3rym odni\u00f3s\u0142 si\u0119 m.in. do osoby ambasadora Izraela w Polsce, Alexandra Ben Zviego. &#8211; Zakupienie biletu i podr\u00f3\u017c w jedn\u0105 stron\u0119 do Izraela by\u0142oby dobrym rozwi\u0105zaniem. Niech wraca do miejsca, z kt\u00f3rego go diabli wzi\u0119li &#8211; powiedzia\u0142. Tym samym Braun odni\u00f3s\u0142 si\u0119 do oskar\u017ce\u0144 [&hellip;]","protected":false},"author":1,"featured_media":0,"comment_status":"closed","ping_status":"closed","sticky":false,"template":"","format":"standard","meta":{"_acf_changed":false,"_monsterinsights_skip_tracking":false,"_monsterinsights_sitenote_active":false,"_monsterinsights_sitenote_note":"","_monsterinsights_sitenote_category":0,"ngg_post_thumbnail":0,"footnotes":"","_wp_rev_ctl_limit":""},"categories":[8],"tags":[344,61,98,53],"acf":[],"_links":{"self":[{"href":"https:\/\/www.bibula.com\/index.php?rest_route=\/wp\/v2\/posts\/110530"}],"collection":[{"href":"https:\/\/www.bibula.com\/index.php?rest_route=\/wp\/v2\/posts"}],"about":[{"href":"https:\/\/www.bibula.com\/index.php?rest_route=\/wp\/v2\/types\/post"}],"author":[{"embeddable":true,"href":"https:\/\/www.bibula.com\/index.php?rest_route=\/wp\/v2\/users\/1"}],"replies":[{"embeddable":true,"href":"https:\/\/www.bibula.com\/index.php?rest_route=%2Fwp%2Fv2%2Fcomments&post=110530"}],"version-history":[{"count":0,"href":"https:\/\/www.bibula.com\/index.php?rest_route=\/wp\/v2\/posts\/110530\/revisions"}],"wp:attachment":[{"href":"https:\/\/www.bibula.com\/index.php?rest_route=%2Fwp%2Fv2%2Fmedia&parent=110530"}],"wp:term":[{"taxonomy":"category","embeddable":true,"href":"https:\/\/www.bibula.com\/index.php?rest_route=%2Fwp%2Fv2%2Fcategories&post=110530"},{"taxonomy":"post_tag","embeddable":true,"href":"https:\/\/www.bibula.com\/index.php?rest_route=%2Fwp%2Fv2%2Ftags&post=110530"}],"curies":[{"name":"wp","href":"https:\/\/api.w.org\/{rel}","templated":true}]}}