{"id":110454,"date":"2019-10-30T14:33:17","date_gmt":"2019-10-30T18:33:17","guid":{"rendered":"http:\/\/www.bibula.com\/?p=110454"},"modified":"2019-10-30T14:33:17","modified_gmt":"2019-10-30T18:33:17","slug":"wazny-polityk-pis-ujawnil-cel-tej-partii-zeby-nie-powstala-prawica-narodowa","status":"publish","type":"post","link":"https:\/\/www.bibula.com\/?p=110454","title":{"rendered":"Wa\u017cny polityk PiS ujawni\u0142 cel tej partii &#8211; \u017ceby nie powsta\u0142a prawica narodowa"},"content":{"rendered":"<p><strong>Jeden z najbli\u017cszych wieloletnich wsp\u00f3\u0142pracownik\u00f3w politycznych Jaros\u0142awa Kaczy\u0144skiego, Adam Lipi\u0144ski ujawni\u0142, \u017ce jednym z g\u0142\u00f3wnych cel\u00f3w PiS by\u0142o przez lata niedopuszczenie do powstanie w Polsce prawicy narodowej.<\/strong><\/p>\r\n<p>Lipi\u0144ski b\u0119d\u0105cy bliskim wsp\u00f3\u0142pracownikiem Jaros\u0142awa Kaczy\u0144skiego od lat 90, gdy tworzy\u0142 wraz z nim Porozumienie Centrum, obecnie jest pos\u0142em PiS. We wtorek Lipi\u0144ski wyst\u0105pi\u0142 w programie telewizji Polsat \u201eGo\u015b\u0107 Wydarze\u0144\u201d. Pose\u0142 odpowiada\u0142 dziennikarce na pytania dotycz\u0105ce sytuacji na scenie politycznej. Rozmowa zesz\u0142a mi\u0119dzy innymi na temat nowej si\u0142y na scenie parlamentarnej, Konfederacji Wolno\u015bci i Niepodleg\u0142o\u015b\u0107 tworzonej przez narodowc\u00f3w i konserwatywnych libera\u0142\u00f3w.<\/p>\r\n<p>\u201eNasz zamys\u0142, kt\u00f3ry powsta\u0142 przy tworzeniu Zjednoczonej Prawicy, \u017ceby po prawej stronie nie powsta\u0142 \u017caden podmiot, nie uda\u0142 si\u0119\u201d &#8211; przyzna\u0142 Lipi\u0144ski. Oceni\u0142 jednak, \u017ce Konfederacja Wolno\u015b\u0107 i Niepodleg\u0142o\u015b\u0107, kt\u00f3ra wyros\u0142a na prawej flance PiS, \u201eto s\u0142aba formacja\u201d. Po chwili Lipi\u0144ski jeszcze raz zaznaczy\u0142 &#8211; \u201eMy\u015bmy przyj\u0119li takie za\u0142o\u017cenie, \u017ce dla dobra Polski jest to, \u017ceby nie powsta\u0142a narodowa, nacjonalistyczna prawica w Polsce. Dop\u00f3ki istnia\u0142o Prawo i Sprawiedliwo\u015b\u0107 taka prawica nie powsta\u0142a. Ku zadowoleniu wszystkich oceniaj\u0105cych scen\u0119 polityczn\u0105\u201d.<\/p>\r\n<p>Komentuj\u0105c przyczyny niepowodzenia PiS w realizacji tego celu w czasie ostatnich wybor\u00f3w parlamentarnych, Lipi\u0144ski uzna\u0142, \u017ce przekroczenie przez Konfederacj\u0119 progu wyborczego jest zas\u0142ug\u0105 wysokiej frekwencji. \u201eW Polsce jaki\u015b procent wyborc\u00f3w kontestuje scen\u0119 polityczn\u0105 i g\u0142osuje tak, \u017ceby popiera\u0107 ludzi, kt\u00f3rzy \u0142ami\u0105 pewne schematy tej sceny politycznej\u201d &#8211; powiedzia\u0142 polityk wsp\u00f3\u0142pracownik Jaros\u0142awa Kaczy\u0144skiego&nbsp; oceniaj\u0105c, \u017ce \u201eKonfederacja to s\u0105 g\u0142\u00f3wnie wyborcy antysystemowi\u201d.<\/p>\r\n<p>\u201eW takich rzadkich chwilach szczero\u015bci wyborcy PiS mog\u0105 si\u0119 dowiedzie\u0107, gdzie szefostwo tej partii ma tak naprawd\u0119 ide\u0119 narodow\u0105\u201d w ten spos\u00f3b skomentowa\u0142 na Twitterze wypowied\u017a Lipi\u0144skiego Jacek Wilk, jeden z polityk\u00f3w Konfederacji.<\/p>\r\n<blockquote class=\"twitter-tweet\" data-lang=\"en\">\r\n<p dir=\"ltr\" lang=\"pl\">&#8222;My\u015bmy przyj\u0119li takie za\u0142o\u017cenie, \u017ce dla dobra Polski jest to, aby NIE POWSTA\u0141A NARODOWA PRAWICA W POLSCE. I tak si\u0119 dzia\u0142o ku zadowoleniu r\u00f3\u017cnych&#8230;&#8221;<br>\r\n<br>\r\nW takich rzadkich chwilach szczero\u015bci wyborcy PiS mog\u0105 si\u0119 dowiedzie\u0107, gdzie szefostwo tej partii ma TAK NAPRAWD\u0118 ide\u0119 narodow\u0105. <a href=\"https:\/\/t.co\/MoVJcjW0Jy\">https:\/\/t.co\/MoVJcjW0Jy<\/a><\/p>\r\n\r\n\u201d\u201d Jacek Wilk (@JacekWilkPL) <a href=\"https:\/\/twitter.com\/JacekWilkPL\/status\/1189511600316784640?ref_src=twsrc%5Etfw\">October 30, 2019<\/a><\/blockquote>\r\n<p><script async=\"\" src=\"https:\/\/platform.twitter.com\/widgets.js\" charset=\"utf-8\"><\/script><\/p>\r\n<p>Czytaj tak\u017ce: <a href=\"https:\/\/kresy.pl\/wydarzenia\/polityka\/ambasador-izraela-po-raz-kolejny-oskarza-konfederacje-o-antysemityzm\/\">Ambasador Izraela kolejny raz oskar\u017ca Konfederacj\u0119 o antysemityzm<\/a><\/p>\r\n<p>twitter.com\/kresy.pl<\/p>","protected":false},"excerpt":{"rendered":"Jeden z najbli\u017cszych wieloletnich wsp\u00f3\u0142pracownik\u00f3w politycznych Jaros\u0142awa Kaczy\u0144skiego, Adam Lipi\u0144ski ujawni\u0142, \u017ce jednym z g\u0142\u00f3wnych cel\u00f3w PiS by\u0142o przez lata niedopuszczenie do powstanie w Polsce prawicy narodowej. Lipi\u0144ski b\u0119d\u0105cy bliskim wsp\u00f3\u0142pracownikiem Jaros\u0142awa Kaczy\u0144skiego od lat 90, gdy tworzy\u0142 wraz z nim Porozumienie Centrum, obecnie jest pos\u0142em PiS. We wtorek Lipi\u0144ski wyst\u0105pi\u0142 w programie telewizji Polsat [&hellip;]","protected":false},"author":1,"featured_media":0,"comment_status":"closed","ping_status":"closed","sticky":false,"template":"","format":"standard","meta":{"_acf_changed":false,"_monsterinsights_skip_tracking":false,"_monsterinsights_sitenote_active":false,"_monsterinsights_sitenote_note":"","_monsterinsights_sitenote_category":0,"ngg_post_thumbnail":0,"footnotes":"","_wp_rev_ctl_limit":""},"categories":[8],"tags":[92,98,20],"acf":[],"_links":{"self":[{"href":"https:\/\/www.bibula.com\/index.php?rest_route=\/wp\/v2\/posts\/110454"}],"collection":[{"href":"https:\/\/www.bibula.com\/index.php?rest_route=\/wp\/v2\/posts"}],"about":[{"href":"https:\/\/www.bibula.com\/index.php?rest_route=\/wp\/v2\/types\/post"}],"author":[{"embeddable":true,"href":"https:\/\/www.bibula.com\/index.php?rest_route=\/wp\/v2\/users\/1"}],"replies":[{"embeddable":true,"href":"https:\/\/www.bibula.com\/index.php?rest_route=%2Fwp%2Fv2%2Fcomments&post=110454"}],"version-history":[{"count":0,"href":"https:\/\/www.bibula.com\/index.php?rest_route=\/wp\/v2\/posts\/110454\/revisions"}],"wp:attachment":[{"href":"https:\/\/www.bibula.com\/index.php?rest_route=%2Fwp%2Fv2%2Fmedia&parent=110454"}],"wp:term":[{"taxonomy":"category","embeddable":true,"href":"https:\/\/www.bibula.com\/index.php?rest_route=%2Fwp%2Fv2%2Fcategories&post=110454"},{"taxonomy":"post_tag","embeddable":true,"href":"https:\/\/www.bibula.com\/index.php?rest_route=%2Fwp%2Fv2%2Ftags&post=110454"}],"curies":[{"name":"wp","href":"https:\/\/api.w.org\/{rel}","templated":true}]}}